{"id":220437,"date":"2025-07-02T10:29:08","date_gmt":"2025-07-02T10:29:08","guid":{"rendered":"https:\/\/www.europesays.com\/fr\/220437\/"},"modified":"2025-07-02T10:29:08","modified_gmt":"2025-07-02T10:29:08","slug":"transdev-sinstalle-sur-la-ligne-ter-marseille-toulon-nice","status":"publish","type":"post","link":"https:\/\/www.europesays.com\/fr\/220437\/","title":{"rendered":"Transdev s&rsquo;installe sur la ligne TER Marseille-Toulon-Nice"},"content":{"rendered":"<p>            Par<br \/>\n        <strong><br \/>\n            <a href=\"https:\/\/actu.fr\/auteur\/caroline-canault\" title=\"Consulter tous les articles de Agence de presse APEI\" target=\"_blank\" rel=\"noopener\">Agence de presse APEI<\/a><br \/>\n        <\/strong><\/p>\n<p>        Publi\u00e9 le<\/p>\n<p>            2 juil. 2025 \u00e0 11h32        <\/p>\n<p>Avec un mat\u00e9riel flambant neuf, <strong>une fr\u00e9quence doubl\u00e9e et des tarifs plus attractifs<\/strong>, le groupe franco-allemand <a href=\"https:\/\/www.transdev.com\/fr\/\" target=\"_blank\" rel=\"noopener\">Transdev<\/a> pose un nouveau jalon dans le rail r\u00e9gional fran\u00e7ais.\u00a0Depuis ce dimanche 29 juin 2025, la soci\u00e9t\u00e9 de transports assure l\u2019exploitation du <strong>TER Marseille-Toulon-Nice<\/strong>, une ouverture rendue possible par la <a href=\"https:\/\/www.europarl.europa.eu\/factsheets\/fr\/sheet\/130\/transport-ferroviaire\" target=\"_blank\" rel=\"noopener\">r\u00e9forme europ\u00e9enne de janvier 2024<\/a>. Avec un train par heure et <strong>plus de confort<\/strong>, les usagers du <a href=\"https:\/\/actu.fr\/provence-alpes-cote-d-azur\/var_83\" target=\"_blank\" rel=\"noopener\">Var<\/a> devraient appr\u00e9cier ce nouveau service.\u00a0<\/p>\n<p>Marseille-Toulon-Nice : un service doubl\u00e9 et une flotte neuve<\/p>\n<p class=\" wall-content\">Transdev s\u2019engage \u00e0 <strong>14 allers-retours quotidiens<\/strong> en semaine (et 16 les week-ends), soit un train par heure, contre sept circulations pr\u00e9c\u00e9demment.<\/p>\n<p class=\" wall-content\">Les rames neuves Alstom Omneo Premium sont d\u00e9sormais en service, <strong>avec climatisation,<\/strong> prises USB, wifi, distributeur de boissons, espaces v\u00e9los et am\u00e9nagements PMR\u202f. \u00c0 bord, les premiers retours sont enthousiastes\u202f: \u00ab Super, il y a la climatisation\u202f!\u00a0\u00bb t\u00e9moigne un voyageur satisfait pour <a href=\"https:\/\/www.lefigaro.fr\/marseille\/super-il-y-a-la-climatisation-le-ter-marseille-nice-de-transdev-transporte-ses-premiers-voyageurs-20250629\" target=\"_blank\" rel=\"noopener\">\u202flefigaro.fr<\/a><\/p>\n<p>Ponctualit\u00e9 et tarifs : un engagement fort<\/p>\n<p class=\" wall-content\">Transdev vise un taux de ponctualit\u00e9 de 97\u202f%, contre seulement 80\u202f% auparavant\u202f. En cas de manquement, des p\u00e9nalit\u00e9s financi\u00e8res seront appliqu\u00e9es. Par ailleurs, la r\u00e9gion PACA a baiss\u00e9 les abonnements de 20\u202f%, passant de 135 \u20ac \u00e0 <strong>110 \u20ac pour l\u2019axe Marseille-Toulon.<\/strong><\/p>\n<p>Vid\u00e9os : en ce moment sur ActuUn premier pas vers l\u2019ouverture du rail<\/p>\n<p class=\" wall-content\">C\u2019est un coup d\u2019acc\u00e9l\u00e9rateur historique dans <strong>la lib\u00e9ralisation du rail fran\u00e7ais<\/strong>\u202f. Alors que la SNCF perd l\u00e0 une ligne r\u00e9gionale, d\u2019autres r\u00e9gions pourraient suivre.\u00a0 Reste \u00e0 savoir si cette concurrence am\u00e9liorera durablement la r\u00e9gularit\u00e9 et <strong>la qualit\u00e9 globale du service<\/strong> sur cet axe strat\u00e9gique qu\u2019est Marseille-Toulon-Nice.\u00a0<\/p>\n<p class=\" wall-content\">Suivez toute l\u2019actualit\u00e9 de vos villes et m\u00e9dias favoris en vous inscrivant \u00e0 <a href=\"https:\/\/moncompte.actu.fr\" title=\"D\u00e9couvez Mon Actu\" rel=\"nofollow noopener\" data-trk=\"{&quot;cta&quot;:{&quot;action&quot;:&quot;https:\\\/\\\/moncompte.actu.fr&quot;,&quot;category&quot;:&quot;mon compte&quot;,&quot;from&quot;:&quot;article footer&quot;,&quot;name&quot;:&quot;Mon actu&quot;,&quot;type&quot;:&quot;cta&quot;}}\" target=\"_blank\">Mon Actu<\/a>.<\/p>\n","protected":false},"excerpt":{"rendered":"Par Agence de presse APEI Publi\u00e9 le 2 juil. 2025 \u00e0 11h32 Avec un mat\u00e9riel flambant neuf, une&hellip;\n","protected":false},"author":2,"featured_media":220438,"comment_status":"","ping_status":"","sticky":false,"template":"","format":"standard","meta":{"footnotes":""},"categories":[9619],"tags":[1111,11,1777,674,1011,27,12,882,25,2215,104,2310,2803],"class_list":{"0":"post-220437","1":"post","2":"type-post","3":"status-publish","4":"format-standard","5":"has-post-thumbnail","7":"category-toulon","8":"tag-actu","9":"tag-actualites","10":"tag-eu","11":"tag-europe","12":"tag-fr","13":"tag-france","14":"tag-news","15":"tag-provence-alpes-cote-dazur","16":"tag-republique-francaise","17":"tag-sncf","18":"tag-societe","19":"tag-toulon","20":"tag-transport"},"share_on_mastodon":{"url":"https:\/\/pubeurope.com\/@fr\/114783175631504706","error":""},"_links":{"self":[{"href":"https:\/\/www.europesays.com\/fr\/wp-json\/wp\/v2\/posts\/220437","targetHints":{"allow":["GET"]}}],"collection":[{"href":"https:\/\/www.europesays.com\/fr\/wp-json\/wp\/v2\/posts"}],"about":[{"href":"https:\/\/www.europesays.com\/fr\/wp-json\/wp\/v2\/types\/post"}],"author":[{"embeddable":true,"href":"https:\/\/www.europesays.com\/fr\/wp-json\/wp\/v2\/users\/2"}],"replies":[{"embeddable":true,"href":"https:\/\/www.europesays.com\/fr\/wp-json\/wp\/v2\/comments?post=220437"}],"version-history":[{"count":0,"href":"https:\/\/www.europesays.com\/fr\/wp-json\/wp\/v2\/posts\/220437\/revisions"}],"wp:featuredmedia":[{"embeddable":true,"href":"https:\/\/www.europesays.com\/fr\/wp-json\/wp\/v2\/media\/220438"}],"wp:attachment":[{"href":"https:\/\/www.europesays.com\/fr\/wp-json\/wp\/v2\/media?parent=220437"}],"wp:term":[{"taxonomy":"category","embeddable":true,"href":"https:\/\/www.europesays.com\/fr\/wp-json\/wp\/v2\/categories?post=220437"},{"taxonomy":"post_tag","embeddable":true,"href":"https:\/\/www.europesays.com\/fr\/wp-json\/wp\/v2\/tags?post=220437"}],"curies":[{"name":"wp","href":"https:\/\/api.w.org\/{rel}","templated":true}]}}