{"id":220443,"date":"2025-07-02T10:32:11","date_gmt":"2025-07-02T10:32:11","guid":{"rendered":"https:\/\/www.europesays.com\/fr\/220443\/"},"modified":"2025-07-02T10:32:11","modified_gmt":"2025-07-02T10:32:11","slug":"un-perimetre-de-securite-mis-en-place","status":"publish","type":"post","link":"https:\/\/www.europesays.com\/fr\/220443\/","title":{"rendered":"un p\u00e9rim\u00e8tre de s\u00e9curit\u00e9 mis en place"},"content":{"rendered":"<p>            Par<br \/>\n        <strong><br \/>\n            <a href=\"https:\/\/actu.fr\/auteur\/thomas-rideau\" title=\"Consulter tous les articles de Thomas Rideau\" rel=\"nofollow noopener\" target=\"_blank\">Thomas Rideau<\/a><br \/>\n        <\/strong><\/p>\n<p>        Publi\u00e9 le<\/p>\n<p>            2 juil. 2025 \u00e0 11h43        <\/p>\n<p>La chute a <strong>fait des d\u00e9g\u00e2ts<\/strong>. Ce mercredi 2\u00a0juillet, vers 9h30, une chemin\u00e9e s\u2019est \u00e9croul\u00e9e dans le centre-ville de <a href=\"https:\/\/actu.fr\/normandie\/rouen_76540\" rel=\"nofollow noopener\" target=\"_blank\">Rouen (Seine-Maritime)<\/a>. L\u2019effondrement n\u2019a pas fait de bless\u00e9, mais n\u2019est pas sans cons\u00e9quence.<\/p>\n<p class=\" wall-content\">C\u2019est du haut d\u2019un b\u00e2timent de <strong>quatre \u00e9tages<\/strong>, rue de la Seille, entre la place de la Rougemare et la rue Beauvoisine que l\u2019effondrement a eu lieu. Les pompiers, sur place, indiquent que la chemin\u00e9e, grosse de deux m\u00e8tres sur deux, a \u00ab\u2009g\u00e9n\u00e9r\u00e9 des d\u00e9g\u00e2ts de toiture\u2009\u00bb.<\/p>\n<p>La circulation suspendue<\/p>\n<p class=\" wall-content\">La police et un architecte de la ville de Rouen sont sur place et un p\u00e9rim\u00e8tre de s\u00e9curit\u00e9 a \u00e9t\u00e9 install\u00e9. Un arr\u00eat\u00e9 de p\u00e9ril sera tr\u00e8s certainement pris par la ville. <strong>La circulation a \u00e9t\u00e9 suspendue<\/strong>, place de la Rougemare et rue de la Seille. Les pompiers indiquent que la \u00ab\u2009r\u00e9paration de la couverture sera prise en charge par le propri\u00e9taire\u2009\u00bb.<\/p>\n<p>    <img   decoding=\"async\" loading=\"lazy\" src=\"https:\/\/www.europesays.com\/fr\/wp-content\/uploads\/2025\/07\/9ab705e3-b501-4a56-8d4a-7d42c7d74ecd-960x640.jpg\" alt=\"La chemin\u00e9e est tomb\u00e9e du haut d'un b\u00e2timent de quatre \u00e9tages.\" width=\"960\" height=\"640\"\/><br \/>\n    La chemin\u00e9e est tomb\u00e9e du haut d\u2019un b\u00e2timent de quatre \u00e9tages. (\u00a9FM\/76actu)Suivez l\u2019actualit\u00e9 de Rouen <a href=\"https:\/\/www.whatsapp.com\/channel\/0029VaKfnf99hXF2ddApFB1D\" rel=\"nofollow noopener\" target=\"_blank\">sur notre cha\u00eene WhatsApp<\/a> et <a href=\"https:\/\/www.tiktok.com\/@76actu.fr?lang=fr\" rel=\"nofollow noopener\" target=\"_blank\">sur notre compte TikTok<\/a><\/p>\n<p class=\" wall-content\">Suivez toute l\u2019actualit\u00e9 de vos villes et m\u00e9dias favoris en vous inscrivant \u00e0 <a href=\"https:\/\/moncompte.actu.fr\" title=\"D\u00e9couvez Mon Actu\" rel=\"nofollow noopener\" data-trk=\"{&quot;cta&quot;:{&quot;action&quot;:&quot;https:\\\/\\\/moncompte.actu.fr&quot;,&quot;category&quot;:&quot;mon compte&quot;,&quot;from&quot;:&quot;article footer&quot;,&quot;name&quot;:&quot;Mon actu&quot;,&quot;type&quot;:&quot;cta&quot;}}\" target=\"_blank\">Mon Actu<\/a>.<\/p>\n<p>                    <script async src=\"\/\/www.tiktok.com\/embed.js\"><\/script><\/p>\n","protected":false},"excerpt":{"rendered":"Par Thomas Rideau Publi\u00e9 le 2 juil. 2025 \u00e0 11h43 La chute a fait des d\u00e9g\u00e2ts. Ce mercredi&hellip;\n","protected":false},"author":2,"featured_media":220444,"comment_status":"","ping_status":"","sticky":false,"template":"","format":"standard","meta":{"footnotes":""},"categories":[9587],"tags":[1111,11,1777,674,118,1011,27,12,5161,1311,25,9590,1352],"class_list":{"0":"post-220443","1":"post","2":"type-post","3":"status-publish","4":"format-standard","5":"has-post-thumbnail","7":"category-rouen","8":"tag-actu","9":"tag-actualites","10":"tag-eu","11":"tag-europe","12":"tag-faits-divers","13":"tag-fr","14":"tag-france","15":"tag-news","16":"tag-normandie","17":"tag-pompiers","18":"tag-republique-francaise","19":"tag-rouen","20":"tag-urbanisme"},"share_on_mastodon":{"url":"https:\/\/pubeurope.com\/@fr\/114783187538427744","error":""},"_links":{"self":[{"href":"https:\/\/www.europesays.com\/fr\/wp-json\/wp\/v2\/posts\/220443","targetHints":{"allow":["GET"]}}],"collection":[{"href":"https:\/\/www.europesays.com\/fr\/wp-json\/wp\/v2\/posts"}],"about":[{"href":"https:\/\/www.europesays.com\/fr\/wp-json\/wp\/v2\/types\/post"}],"author":[{"embeddable":true,"href":"https:\/\/www.europesays.com\/fr\/wp-json\/wp\/v2\/users\/2"}],"replies":[{"embeddable":true,"href":"https:\/\/www.europesays.com\/fr\/wp-json\/wp\/v2\/comments?post=220443"}],"version-history":[{"count":0,"href":"https:\/\/www.europesays.com\/fr\/wp-json\/wp\/v2\/posts\/220443\/revisions"}],"wp:featuredmedia":[{"embeddable":true,"href":"https:\/\/www.europesays.com\/fr\/wp-json\/wp\/v2\/media\/220444"}],"wp:attachment":[{"href":"https:\/\/www.europesays.com\/fr\/wp-json\/wp\/v2\/media?parent=220443"}],"wp:term":[{"taxonomy":"category","embeddable":true,"href":"https:\/\/www.europesays.com\/fr\/wp-json\/wp\/v2\/categories?post=220443"},{"taxonomy":"post_tag","embeddable":true,"href":"https:\/\/www.europesays.com\/fr\/wp-json\/wp\/v2\/tags?post=220443"}],"curies":[{"name":"wp","href":"https:\/\/api.w.org\/{rel}","templated":true}]}}