{"id":220449,"date":"2025-07-02T10:35:11","date_gmt":"2025-07-02T10:35:11","guid":{"rendered":"https:\/\/www.europesays.com\/fr\/220449\/"},"modified":"2025-07-02T10:35:11","modified_gmt":"2025-07-02T10:35:11","slug":"le-fidjien-john-thompson-pour-renforcer-la-2e-ligne","status":"publish","type":"post","link":"https:\/\/www.europesays.com\/fr\/220449\/","title":{"rendered":"le fidjien John Thompson pour renforcer la 2e ligne"},"content":{"rendered":"<p>\t\t\t\t\t\t\t\t\t\t\t<img loading=\"lazy\" decoding=\"async\" width=\"1110\" title=\"FC Grenoble : le fidjien John Thompson pour renforcer la 2e ligne\" class=\"img-fluid not_lzld mb-3\" src=\"https:\/\/grandgrenoble.alpes1.com\/media\/news\/thumb\/1110x624_fc-grenoble-le-fidjien-john-thompson-pour-renforcer-la-2e-ligne_6865067d76a6c.webp\" alt=\"FC Grenoble : le fidjien John Thompson pour renforcer la 2e ligne\" itemprop=\"image\" height=\"624\"\/>\t\t\t\t\t\t\t\t\t\t\t\t<\/p>\n<p>FC Grenoble : le fidjien John Thompson pour renforcer la 2e ligne &#8211; DR<\/p>\n<p itemprop=\"description\"><strong>Nouvelle recrue pour le FC Grenoble.<\/strong><\/p>\n<p>En recherche de nouveaux 2e ligne, le club is\u00e9rois a trouv\u00e9 un accord avec Josh Thompson.<\/p>\n<p>Un nouveau 2e ligne rejoint l\u2019effectif 2025-2026 du FC Grenoble. John Thompson et le club is\u00e9rois ont trouv\u00e9 un accord. Le rugbyman de 24 ans, d\u2019origine fidjienne, provient de Perth en Australie o\u00f9 il a \u00e9volu\u00e9 avec la Western Force.<\/p>\n<p>Il viendra compenser le d\u00e9part de Pierce Phillips. L\u2019Anglais de 33 ans, en fin de contrat, n\u2019a pas \u00e9t\u00e9 conserv\u00e9 en raison de son statut non JIFF (Joueur Issue des Fili\u00e8res de Formation), mais \u00e9galement de son \u00e2ge.<\/p>\n<p>John Thompson pourrait donc rejoindre Thomas Lainault, Giorgi Javakhia, Thomas Ployet, ou encore Cameron Holt, \u00e9voluant tous en 2e ligne.<\/p>\n","protected":false},"excerpt":{"rendered":"FC Grenoble : le fidjien John Thompson pour renforcer la 2e ligne &#8211; DR Nouvelle recrue pour le&hellip;\n","protected":false},"author":2,"featured_media":220450,"comment_status":"","ping_status":"","sticky":false,"template":"","format":"standard","meta":{"footnotes":""},"categories":[9566],"tags":[1111,11,7733,8279,2430,7736,650,7734,2889,2263,1777,674,1011,27,2731,8280,6417,1114,108,4662,12,3725,1825,25,7737],"class_list":{"0":"post-220449","1":"post","2":"type-post","3":"status-publish","4":"format-standard","5":"has-post-thumbnail","7":"category-grenoble","8":"tag-actu","9":"tag-actualites","10":"tag-alpes","11":"tag-alpes1","12":"tag-auvergne-rhone-alpes","13":"tag-cds","14":"tag-cinema","15":"tag-ecoute","16":"tag-emission","17":"tag-equipe","18":"tag-eu","19":"tag-europe","20":"tag-fr","21":"tag-france","22":"tag-grenoble","23":"tag-haute","24":"tag-information","25":"tag-infos","26":"tag-isere","27":"tag-journal","28":"tag-news","29":"tag-podcast","30":"tag-radio","31":"tag-republique-francaise","32":"tag-winamp"},"share_on_mastodon":{"url":"https:\/\/pubeurope.com\/@fr\/114783199172649649","error":""},"_links":{"self":[{"href":"https:\/\/www.europesays.com\/fr\/wp-json\/wp\/v2\/posts\/220449","targetHints":{"allow":["GET"]}}],"collection":[{"href":"https:\/\/www.europesays.com\/fr\/wp-json\/wp\/v2\/posts"}],"about":[{"href":"https:\/\/www.europesays.com\/fr\/wp-json\/wp\/v2\/types\/post"}],"author":[{"embeddable":true,"href":"https:\/\/www.europesays.com\/fr\/wp-json\/wp\/v2\/users\/2"}],"replies":[{"embeddable":true,"href":"https:\/\/www.europesays.com\/fr\/wp-json\/wp\/v2\/comments?post=220449"}],"version-history":[{"count":0,"href":"https:\/\/www.europesays.com\/fr\/wp-json\/wp\/v2\/posts\/220449\/revisions"}],"wp:featuredmedia":[{"embeddable":true,"href":"https:\/\/www.europesays.com\/fr\/wp-json\/wp\/v2\/media\/220450"}],"wp:attachment":[{"href":"https:\/\/www.europesays.com\/fr\/wp-json\/wp\/v2\/media?parent=220449"}],"wp:term":[{"taxonomy":"category","embeddable":true,"href":"https:\/\/www.europesays.com\/fr\/wp-json\/wp\/v2\/categories?post=220449"},{"taxonomy":"post_tag","embeddable":true,"href":"https:\/\/www.europesays.com\/fr\/wp-json\/wp\/v2\/tags?post=220449"}],"curies":[{"name":"wp","href":"https:\/\/api.w.org\/{rel}","templated":true}]}}