{"id":22045,"date":"2025-04-13T11:31:14","date_gmt":"2025-04-13T11:31:14","guid":{"rendered":"https:\/\/www.europesays.com\/fr\/22045\/"},"modified":"2025-04-13T11:31:14","modified_gmt":"2025-04-13T11:31:14","slug":"editorial-quelle-place-pour-les-enfants-dans-les-villes","status":"publish","type":"post","link":"https:\/\/www.europesays.com\/fr\/22045\/","title":{"rendered":"\u00c9DITORIAL. Quelle place pour les enfants dans les villes\u00a0?"},"content":{"rendered":"<p>C\u2019est le printemps. La m\u00e9t\u00e9o s\u2019adoucit, donne envie de prendre l\u2019air. Pourtant, dans les villes, en dehors des aires d\u00e9di\u00e9es aux plus petits, on croise tr\u00e8s peu d\u2019enfants qui jouent. D\u2019apr\u00e8s l\u2019Institut national de veille sanitaire, quatre enfants sur dix \u00e2g\u00e9s de 3 \u00e0 10\u00a0ans <a href=\"https:\/\/www.ouest-france.fr\/reflexion\/\" target=\"_blank\" rel=\"noopener\">ne jouent jamais dehors<\/a> pendant la semaine.<\/p>\n<p>Dans une \u00e9tude men\u00e9e en 1976, la sociologue <a href=\"https:\/\/fr.wikipedia.org\/wiki\/Marie-Jos%C3%A9_Chombart_de_Lauwe\" target=\"_blank\" rel=\"noopener\">Marie-Jos\u00e9 Chombart de Lauwe<\/a> notait que les enfants passaient cinq \u00e0 six heures par jour dehors et sans adulte. C\u2019est drastiquement moins aujourd\u2019hui. On parle \u00a0d\u2019enfants d\u2019int\u00e9rieur\u00a0 ou \u00a0d\u2019enfants d\u2019appartement\u00a0 avec les soucis que peut engendrer la s\u00e9dentarit\u00e9 (ob\u00e9sit\u00e9, isolement social, addictions).<br \/>Certes il y a la place qu\u2019occupent les \u00e9crans dans leur vie. Mais les normes \u00e9ducatives ont aussi beaucoup chang\u00e9. Les parents d\u2019aujourd\u2019hui sont plus r\u00e9ticents \u00e0 laisser les 6-12 ans dehors sans surveillance. Peur des agressions, des pr\u00e9dateurs en tous genres, des dangers de la route\u2026 En ville, les enfants jouent la plupart du temps dans des espaces d\u00e9di\u00e9s\u00a0: terrains de sport, halles de loisirs, skateparks, aires de jeux balis\u00e9es. Le jeu libre, seul, sans adulte, qui permet aussi d\u2019apprendre l\u2019autonomie, est l\u2019exception.<\/p>\n<p>Les parents ne sont pas devenus peureux tout \u00e0 coup. La ville s\u2019est construite autour du \u00a0tout voiture\u00a0 et <a href=\"https:\/\/paris.maville.com\/actu\/actudet_-entretien.-les-villes-ne-sont-pas-adaptees-pour-les-enfants-il-faut-les-repenser-_54135-5918349_actu.Htm\" target=\"_blank\" rel=\"noopener\">n\u2019a pas laiss\u00e9 beaucoup de place aux enfants<\/a>. Les trottoirs sont trop \u00e9troits pour y jouer, la signal\u00e9tique urbaine n\u2019est pas adapt\u00e9e \u00e0 leur petite taille, les grandes places sont en partie privatis\u00e9es par les terrasses. Ils sont <strong>\u00ab\u00a0les grands oubli\u00e9s de l\u2019urbanisme\u00a0\u00bb,<\/strong> selon Thierry Paquot, philosophe et essayiste (1).<\/p>\n<p>Heureusement, des initiatives germent un peu partout pour promouvoir <strong>\u00ab\u00a0la mobilit\u00e9 autonome et le jeu libre\u00a0\u00bb,<\/strong> selon les mots du sociologue Cl\u00e9ment Rivi\u00e8re, responsable du laboratoire Ville \u00e0 hauteur d\u2019enfant de Lille (Nord). Et les enfants y sont associ\u00e9s.<\/p>\n<p>Certaines communes interdisent la circulation automobile dans les \u00ab\u00a0rues scolaires\u00a0\u00bb, \u00e0 la sortie des classes, ou participent au dispositif \u00ab\u00a0classe dehors\u00a0\u00bb, <a href=\"https:\/\/www.rennes-infos-autrement.fr\/classe-dehors-quand-lecole-sort-de-ses-murs\/#:~:text=La%20ville%20de%20Rennes%2C%20en,diff%C3%A9rente%20et%20enrichissante%20d&#039;apprendre.\" target=\"_blank\" rel=\"noopener\">comme Rennes<\/a>. D\u2019autres cr\u00e9ent des espaces de jeux laissant place \u00e0 l\u2019imagination et \u00e0 l\u2019exp\u00e9rimentation, comme le parc Imagine Saint-Hubert \u00e0 Juvignac (H\u00e9rault), <a href=\"https:\/\/www.ateliersdescapucins.fr\/fr\" target=\"_blank\" rel=\"noopener\">les Ateliers des Capucins<\/a> \u00e0 Brest (Finist\u00e8re) ou <a href=\"https:\/\/www.jardin-lepassetemps.com\/\" target=\"_blank\" rel=\"noopener\">le Jardin du Passe-Temps au Rheu<\/a> (Ille-et-Vilaine).<\/p>\n<p>La ville de B\u00e2le, en Suisse, a mis en \u0153uvre un r\u00e9am\u00e9nagement global baptis\u00e9 \u00ab\u00a0Les yeux \u00e0 1,20\u00a0m\u00a0\u00bb, pour et avec les enfants. Montpellier est devenue, en 2023, la premi\u00e8re ville fran\u00e7aise labellis\u00e9e \u00ab\u00a0Ville des enfants\u00a0\u00bb, en s\u2019inspirant du travail du sociologue Francesco Tonucci, \u00e0 Fano (Italie). Dans cette ville, des logos identifient par exemple des commerces-relais o\u00f9 les enfants savent qu\u2019ils peuvent aller aux toilettes, demander leur chemin ou de l\u2019aide. Ce qui contribue au d\u00e9veloppement de leur autonomie.<\/p>\n<p>Tout le monde y gagne. Laisser de la place aux enfants dans l\u2019espace public, c\u2019est recr\u00e9er des espaces ouverts aux rencontres (2). Favoriser le fait de jouer dehors, c\u2019est aussi d\u00e9fendre la mixit\u00e9 et le vivre-ensemble. Chez soi, on reste trop souvent entre-soi.<\/p>\n<p>(1) Pays de l\u2019enfance, \u00e9ditions Terre urbaine.<\/p>\n<p>(2) \u00c9tude de l\u2019Ademe\u00a0: \u00ab\u00a0Faire la taille \u2013 Pour des territoires \u00e0 hauteur d\u2019enfants\u00a0\u00bb<\/p>\n<p>\u00a0<\/p>\n","protected":false},"excerpt":{"rendered":"C\u2019est le printemps. La m\u00e9t\u00e9o s\u2019adoucit, donne envie de prendre l\u2019air. Pourtant, dans les villes, en dehors des&hellip;\n","protected":false},"author":2,"featured_media":22046,"comment_status":"","ping_status":"","sticky":false,"template":"","format":"standard","meta":{"footnotes":""},"categories":[2815],"tags":[1111,11,8195,1719,1777,674,1011,27,811,1307,12,5536,25,6316],"class_list":{"0":"post-22045","1":"post","2":"type-post","3":"status-publish","4":"format-standard","5":"has-post-thumbnail","7":"category-lille","8":"tag-actu","9":"tag-actualites","10":"tag-editorial","11":"tag-enfants","12":"tag-eu","13":"tag-europe","14":"tag-fr","15":"tag-france","16":"tag-hauts-de-france","17":"tag-lille","18":"tag-news","19":"tag-place","20":"tag-republique-francaise","21":"tag-villes"},"share_on_mastodon":{"url":"https:\/\/pubeurope.com\/@fr\/114330434488170844","error":""},"_links":{"self":[{"href":"https:\/\/www.europesays.com\/fr\/wp-json\/wp\/v2\/posts\/22045","targetHints":{"allow":["GET"]}}],"collection":[{"href":"https:\/\/www.europesays.com\/fr\/wp-json\/wp\/v2\/posts"}],"about":[{"href":"https:\/\/www.europesays.com\/fr\/wp-json\/wp\/v2\/types\/post"}],"author":[{"embeddable":true,"href":"https:\/\/www.europesays.com\/fr\/wp-json\/wp\/v2\/users\/2"}],"replies":[{"embeddable":true,"href":"https:\/\/www.europesays.com\/fr\/wp-json\/wp\/v2\/comments?post=22045"}],"version-history":[{"count":0,"href":"https:\/\/www.europesays.com\/fr\/wp-json\/wp\/v2\/posts\/22045\/revisions"}],"wp:featuredmedia":[{"embeddable":true,"href":"https:\/\/www.europesays.com\/fr\/wp-json\/wp\/v2\/media\/22046"}],"wp:attachment":[{"href":"https:\/\/www.europesays.com\/fr\/wp-json\/wp\/v2\/media?parent=22045"}],"wp:term":[{"taxonomy":"category","embeddable":true,"href":"https:\/\/www.europesays.com\/fr\/wp-json\/wp\/v2\/categories?post=22045"},{"taxonomy":"post_tag","embeddable":true,"href":"https:\/\/www.europesays.com\/fr\/wp-json\/wp\/v2\/tags?post=22045"}],"curies":[{"name":"wp","href":"https:\/\/api.w.org\/{rel}","templated":true}]}}