{"id":220457,"date":"2025-07-02T10:39:09","date_gmt":"2025-07-02T10:39:09","guid":{"rendered":"https:\/\/www.europesays.com\/fr\/220457\/"},"modified":"2025-07-02T10:39:09","modified_gmt":"2025-07-02T10:39:09","slug":"ben-gregg-rejoint-la-sig-strasbourg","status":"publish","type":"post","link":"https:\/\/www.europesays.com\/fr\/220457\/","title":{"rendered":"Ben Gregg rejoint la SIG Strasbourg !"},"content":{"rendered":"<p class=\"text-align-justify chapo\"><strong>La SIG Strasbourg a le plaisir d\u2019annoncer la signature de l\u2019ailier-fort am\u00e9ricain Ben Gregg (22 ans, 2m07, 102kg) pour une saison. Form\u00e9 \u00e0 l\u2019universit\u00e9 de Gonzaga, l\u2019un des plus prestigieux programmes NCAA des 20 derni\u00e8res d\u00e9cennies, il y a pass\u00e9 cinq saisons et s\u2019est affirm\u00e9 comme un joueur fiable, travailleur dot\u00e9 d\u2019une grosse personnalit\u00e9.<\/strong><\/p>\n<p>Durant son parcours universitaire, Ben Gregg a \u00e9volu\u00e9 aux c\u00f4t\u00e9s de plusieurs grands noms du basket, comme Joel Ayayi (d\u00e9sormais en Betclic ELITE), Chet Holmgren (pivot du Thunder d\u2019Oklahoma City) ou encore Corey Kispert (Washington Wizards). Dans ce programme r\u00e9put\u00e9 pour sa rigueur et son exigence, il s\u2019est distingu\u00e9 par sa capacit\u00e9 d\u2019adaptation, son QI basket tr\u00e8s \u00e9lev\u00e9, mais aussi par une grande fiabilit\u00e9 technique, il a tr\u00e8s peu perdu la balle tout au long de sa carri\u00e8re NCAA, un \u00e9l\u00e9ment \u00e0 ne pas n\u00e9gliger \u00e0 ce poste.<br \/>\nLors de sa derni\u00e8re saison \u00e0 Gonzaga, Ben Gregg a affich\u00e9 ses meilleures statistiques en carri\u00e8re avec 9,1 points, 4,9 rebonds en 19,9 minutes par match, tout en tournant \u00e0 41,2% \u00e0 3 points et pr\u00e8s de 90% aux lancers-francs. Il a donc su saisir chaque opportunit\u00e9, malgr\u00e9 une forte concurrence interne.<br \/>\nMais au-del\u00e0 des chiffres, Ben Gregg s\u2019est fait remarquer par sa personnalit\u00e9 tr\u00e8s expressive et son \u00e9nergie d\u00e9bordante. Appr\u00e9ci\u00e9 du public et de ses co\u00e9quipiers, il a conquis les fans de Gonzaga par son engagement et sa combativit\u00e9. Une personnalit\u00e9 qui devrait plaire \u00e0 la SIGArmy !<br \/>\nCapable d\u2019\u00e9voluer sur les postes 3, 4, voire 5, Ben Gregg repr\u00e9sente cette nouvelle g\u00e9n\u00e9ration d\u2019int\u00e9rieurs modernes. Il est \u00e0 la fois physique, intelligent dans ses d\u00e9placements sans ballon, efficace dos au panier comme dans le tir longue distance. Sa capacit\u00e9 \u00e0 \u00e9tirer les d\u00e9fenses fera de lui un atout pr\u00e9cieux dans le syst\u00e8me de jeu de la SIG Strasbourg.<br \/>\nIl viendra renforcer le poste d\u2019ailier-fort aux c\u00f4t\u00e9s de William Pfister, qui pourra partager son exp\u00e9rience du championnat fran\u00e7ais et de la Betclic ELITE pour accompagner le rookie dans ses premiers pas professionnels.<br \/>\n<strong>Nicola Alberani<\/strong> commente la signature : \u00ab Ben est un joueur avec un gros potentiel, capable d\u2019\u00e9voluer sur plusieurs postes. Il correspond parfaitement \u00e0 notre ADN. Je pense qu\u2019il aura une grande carri\u00e8re en Europe. Nous sommes heureux de le voir d\u00e9buter son aventure professionnelle chez nous. \u00bb<br \/>\n<strong>Coach J\u0101nis Gail\u012btis<\/strong> : \u00ab C\u2019est un joueur tr\u00e8s polyvalent, avec une forte personnalit\u00e9 pour son jeune \u00e2ge. \u00c0 l\u2019universit\u00e9, c\u2019\u00e9tait l\u2019un des joueurs les plus appr\u00e9ci\u00e9s, notamment pour son comportement et son \u00e9thique. Il tenait \u00e0 venir en Europe pour prouver sa valeur. Nous sommes convaincus qu\u2019il deviendra une pi\u00e8ce importante de notre effectif. \u00bb<\/p>\n","protected":false},"excerpt":{"rendered":"La SIG Strasbourg a le plaisir d\u2019annoncer la signature de l\u2019ailier-fort am\u00e9ricain Ben Gregg (22 ans, 2m07, 102kg)&hellip;\n","protected":false},"author":2,"featured_media":220458,"comment_status":"","ping_status":"","sticky":false,"template":"","format":"standard","meta":{"footnotes":""},"categories":[2820],"tags":[1111,11,3146,1777,674,1011,27,775,3145,12,25,3144,640],"class_list":{"0":"post-220457","1":"post","2":"type-post","3":"status-publish","4":"format-standard","5":"has-post-thumbnail","7":"category-strasbourg","8":"tag-actu","9":"tag-actualites","10":"tag-betclic-elite","11":"tag-eu","12":"tag-europe","13":"tag-fr","14":"tag-france","15":"tag-grand-est","16":"tag-lnb","17":"tag-news","18":"tag-republique-francaise","19":"tag-sig","20":"tag-strasbourg"},"share_on_mastodon":{"url":"https:\/\/pubeurope.com\/@fr\/114783214918504823","error":""},"_links":{"self":[{"href":"https:\/\/www.europesays.com\/fr\/wp-json\/wp\/v2\/posts\/220457","targetHints":{"allow":["GET"]}}],"collection":[{"href":"https:\/\/www.europesays.com\/fr\/wp-json\/wp\/v2\/posts"}],"about":[{"href":"https:\/\/www.europesays.com\/fr\/wp-json\/wp\/v2\/types\/post"}],"author":[{"embeddable":true,"href":"https:\/\/www.europesays.com\/fr\/wp-json\/wp\/v2\/users\/2"}],"replies":[{"embeddable":true,"href":"https:\/\/www.europesays.com\/fr\/wp-json\/wp\/v2\/comments?post=220457"}],"version-history":[{"count":0,"href":"https:\/\/www.europesays.com\/fr\/wp-json\/wp\/v2\/posts\/220457\/revisions"}],"wp:featuredmedia":[{"embeddable":true,"href":"https:\/\/www.europesays.com\/fr\/wp-json\/wp\/v2\/media\/220458"}],"wp:attachment":[{"href":"https:\/\/www.europesays.com\/fr\/wp-json\/wp\/v2\/media?parent=220457"}],"wp:term":[{"taxonomy":"category","embeddable":true,"href":"https:\/\/www.europesays.com\/fr\/wp-json\/wp\/v2\/categories?post=220457"},{"taxonomy":"post_tag","embeddable":true,"href":"https:\/\/www.europesays.com\/fr\/wp-json\/wp\/v2\/tags?post=220457"}],"curies":[{"name":"wp","href":"https:\/\/api.w.org\/{rel}","templated":true}]}}