{"id":220471,"date":"2025-07-02T10:46:10","date_gmt":"2025-07-02T10:46:10","guid":{"rendered":"https:\/\/www.europesays.com\/fr\/220471\/"},"modified":"2025-07-02T10:46:10","modified_gmt":"2025-07-02T10:46:10","slug":"la-sentence-tombe-a-toulouse","status":"publish","type":"post","link":"https:\/\/www.europesays.com\/fr\/220471\/","title":{"rendered":"la sentence tombe \u00e0 Toulouse"},"content":{"rendered":"<p>            Par<br \/>\n        <strong><br \/>\n            <a href=\"https:\/\/actu.fr\/auteur\/anaelle-montagne\" title=\"Consulter tous les articles de Anaelle Montagne\" rel=\"nofollow noopener\" target=\"_blank\">Anaelle Montagne<\/a><br \/>\n        <\/strong><\/p>\n<p>        Publi\u00e9 le<\/p>\n<p>            2 juil. 2025 \u00e0 12h26        <\/p>\n<p>Son t\u00e9l\u00e9phone sonnait \u00e0 longueur de temps, pendant des jours. Apr\u00e8s une relation d\u2019\u00e0 peine quelques semaines, une \u00ab\u2009jeune femme fragile psychologiquement\u2009\u00bb a \u00e9t\u00e9 victime du violent harc\u00e8lement de son ex-petit ami. Les faits ont \u00e9t\u00e9 commis \u00e0 <a href=\"https:\/\/actu.fr\/occitanie\/saint-orens-de-gameville_31506\" rel=\"nofollow noopener\" target=\"_blank\">Saint-Orens-de-Gameville<\/a> et \u00e0 Gagnac-sur-Garonne.\u00a0L\u2019homme de 37\u00a0ans, d\u00e9j\u00e0 connu de la justice,<strong> vient d\u2019\u00eatre jug\u00e9 \u00e0 Toulouse<\/strong>.<\/p>\n<p>SMS mena\u00e7ants<\/p>\n<p class=\" wall-content\">\u00ab\u2009L\u2019int\u00e9ress\u00e9 n\u2019acceptait pas leur rupture\u2009\u00bb, d\u00e9taille le parquet de Toulouse pour tenter d\u2019expliquer le comportement du mis en cause. En quelques jours, entre mai et juin\u00a02025, le trentenaire a appel\u00e9 son ex<strong> plus de 600\u00a0fois<\/strong>.<\/p>\n<p class=\" wall-content\">Il lui a \u00e9galement envoy\u00e9 une <strong>s\u00e9rie de SMS mena\u00e7ants<\/strong>, \u00ab\u2009avec des<strong> photos d\u2019armes<\/strong> pour accr\u00e9diter ses dires\u2009\u00bb.<\/p>\n<p>Maintenu en d\u00e9tention<\/p>\n<p class=\" wall-content\">Le harceleur \u00e9tait poursuivi pour \u00ab\u2009appels t\u00e9l\u00e9phoniques malveillants r\u00e9it\u00e9r\u00e9s par une personne ayant \u00e9t\u00e9 conjoint\u2009\u00bb, et pour \u00ab\u2009menace de mort mat\u00e9rialis\u00e9e par \u00e9crit, image ou autre objet, commise par personne ayant \u00e9t\u00e9 conjoint\u2009\u00bb.<\/p>\n<p class=\" wall-content\">D\u00e9j\u00e0 \u00e9crou\u00e9, il a \u00e9t\u00e9 maintenu en <a href=\"https:\/\/actu.fr\/tag\/prisons\" rel=\"nofollow noopener\" target=\"_blank\">d\u00e9tention<\/a> pour quatre mois. Il dispose de dix jours pour faire appel de la d\u00e9cision.<\/p>\n<p>Vid\u00e9os : en ce moment sur Actu<\/p>\n<p class=\" wall-content\">Suivez toute l\u2019actualit\u00e9 de vos villes et m\u00e9dias favoris en vous inscrivant \u00e0 <a href=\"https:\/\/moncompte.actu.fr\" title=\"D\u00e9couvez Mon Actu\" rel=\"nofollow noopener\" data-trk=\"{&quot;cta&quot;:{&quot;action&quot;:&quot;https:\\\/\\\/moncompte.actu.fr&quot;,&quot;category&quot;:&quot;mon compte&quot;,&quot;from&quot;:&quot;article footer&quot;,&quot;name&quot;:&quot;Mon actu&quot;,&quot;type&quot;:&quot;cta&quot;}}\" target=\"_blank\">Mon Actu<\/a>.<\/p>\n","protected":false},"excerpt":{"rendered":"Par Anaelle Montagne Publi\u00e9 le 2 juil. 2025 \u00e0 12h26 Son t\u00e9l\u00e9phone sonnait \u00e0 longueur de temps, pendant&hellip;\n","protected":false},"author":2,"featured_media":220472,"comment_status":"","ping_status":"","sticky":false,"template":"","format":"standard","meta":{"footnotes":""},"categories":[2816],"tags":[1111,11,1777,674,118,1011,27,303,12,2680,1072,25,2312],"class_list":{"0":"post-220471","1":"post","2":"type-post","3":"status-publish","4":"format-standard","5":"has-post-thumbnail","7":"category-toulouse","8":"tag-actu","9":"tag-actualites","10":"tag-eu","11":"tag-europe","12":"tag-faits-divers","13":"tag-fr","14":"tag-france","15":"tag-justice","16":"tag-news","17":"tag-occitanie","18":"tag-police","19":"tag-republique-francaise","20":"tag-toulouse"},"share_on_mastodon":{"url":"https:\/\/pubeurope.com\/@fr\/114783242460388522","error":""},"_links":{"self":[{"href":"https:\/\/www.europesays.com\/fr\/wp-json\/wp\/v2\/posts\/220471","targetHints":{"allow":["GET"]}}],"collection":[{"href":"https:\/\/www.europesays.com\/fr\/wp-json\/wp\/v2\/posts"}],"about":[{"href":"https:\/\/www.europesays.com\/fr\/wp-json\/wp\/v2\/types\/post"}],"author":[{"embeddable":true,"href":"https:\/\/www.europesays.com\/fr\/wp-json\/wp\/v2\/users\/2"}],"replies":[{"embeddable":true,"href":"https:\/\/www.europesays.com\/fr\/wp-json\/wp\/v2\/comments?post=220471"}],"version-history":[{"count":0,"href":"https:\/\/www.europesays.com\/fr\/wp-json\/wp\/v2\/posts\/220471\/revisions"}],"wp:featuredmedia":[{"embeddable":true,"href":"https:\/\/www.europesays.com\/fr\/wp-json\/wp\/v2\/media\/220472"}],"wp:attachment":[{"href":"https:\/\/www.europesays.com\/fr\/wp-json\/wp\/v2\/media?parent=220471"}],"wp:term":[{"taxonomy":"category","embeddable":true,"href":"https:\/\/www.europesays.com\/fr\/wp-json\/wp\/v2\/categories?post=220471"},{"taxonomy":"post_tag","embeddable":true,"href":"https:\/\/www.europesays.com\/fr\/wp-json\/wp\/v2\/tags?post=220471"}],"curies":[{"name":"wp","href":"https:\/\/api.w.org\/{rel}","templated":true}]}}