{"id":220473,"date":"2025-07-02T10:47:10","date_gmt":"2025-07-02T10:47:10","guid":{"rendered":"https:\/\/www.europesays.com\/fr\/220473\/"},"modified":"2025-07-02T10:47:10","modified_gmt":"2025-07-02T10:47:10","slug":"un-homme-de-25-ans-grievement-blesse-apres-une-nouvelle-fusillade","status":"publish","type":"post","link":"https:\/\/www.europesays.com\/fr\/220473\/","title":{"rendered":"Un homme de 25 ans gri\u00e8vement bless\u00e9 apr\u00e8s une nouvelle fusillade"},"content":{"rendered":"<p>Dans la nuit de mardi \u00e0 mercredi, une <a href=\"https:\/\/www.20minutes.fr\/faits_divers\/faits-divers-toulouse\/4142965-20250311-toulouse-jeune-homme-blesse-balle-tireurs-fuite\" target=\"_blank\" class=\"color-ultramarine c-link\" rel=\"noopener\">nouvelle fusillade<\/a> a secou\u00e9 le <a href=\"https:\/\/www.20minutes.fr\/faits_divers\/faits-divers-toulouse\/4075964-20240213-toulouse-jeune-encore-blesse-balles-empalot\" target=\"_blank\" class=\"color-ultramarine c-link\" rel=\"noopener\">quartier d\u2019Empalot<\/a>, \u00e0 <a href=\"https:\/\/www.20minutes.fr\/toulouse\/\" class=\"color-ultramarine c-link\" target=\"_blank\" rel=\"noopener\">Toulouse<\/a>. Vers 23h45, un homme de 25 ans a \u00e9t\u00e9 gri\u00e8vement bless\u00e9 par balle, selon les informations communiqu\u00e9es par le Sdis 31. \u00ab\u00a0Celui-ci a \u00e9t\u00e9 \u00e9vacu\u00e9 en urgence absolue vers un centre hospitalier\u00a0\u00bb, pr\u00e9cisent les pompiers.<\/p>\n<p>L\u2019agression s\u2019est d\u00e9roul\u00e9e dans des circonstances qui restent encore floues. D\u2019apr\u00e8s les images des cam\u00e9ras de surveillance, deux individus \u00e0 bord d\u2019un scooter \u00e0 trois roues sont arriv\u00e9s \u00e0 hauteur de la victime. Le passager serait descendu et aurait ouvert le feu une premi\u00e8re fois sur l\u2019homme de 25 ans, sans l\u2019atteindre. Alors que ce dernier tentait de s\u2019enfuir, un second tir l\u2019a touch\u00e9 \u00e0 la jambe, la faisant s\u2019\u00e9crouler au sol, confirme \u00e0 20 Minutes les informations <a href=\"https:\/\/actu.fr\/occitanie\/toulouse_31555\/coup-de-feu-en-pleine-nuit-a-toulouse-un-homme-grievement-blesse_62853547.html\" rel=\"nofollow noopener\" target=\"_blank\" class=\"color-ultramarine c-link\">d\u2019Actu Toulouse<\/a>.<\/p>\n<p>Les suspects en fuite<\/p>\n<p>Si son \u00e9tat est s\u00e9rieux, son pronostic vital n\u2019est pas engag\u00e9. Apr\u00e8s les tirs, les deux suspects ont pris la fuite, abandonnant leur scooter dans le secteur de Pech-David.<\/p>\n<\/p>\n<p>Ils sont activement recherch\u00e9s par la police. Une enqu\u00eate pour tentative de meurtre a \u00e9t\u00e9 ouverte, avec un possible lien avec le trafic de stup\u00e9fiants, une probl\u00e9matique r\u00e9currente dans ce quartier, comme le rapporte <a href=\"https:\/\/www.ladepeche.fr\/2025\/07\/02\/deux-hommes-surgissent-sur-un-scooter-et-tirent-avec-une-arme-longue-une-personne-de-25-ans-grievement-blessee-a-toulouse-12800167.php\" rel=\"nofollow noopener\" target=\"_blank\" class=\"color-ultramarine c-link\">La D\u00e9p\u00eache du Midi<\/a>.<\/p>\n","protected":false},"excerpt":{"rendered":"Dans la nuit de mardi \u00e0 mercredi, une nouvelle fusillade a secou\u00e9 le quartier d\u2019Empalot, \u00e0 Toulouse. Vers&hellip;\n","protected":false},"author":2,"featured_media":220474,"comment_status":"","ping_status":"","sticky":false,"template":"","format":"standard","meta":{"footnotes":""},"categories":[2816],"tags":[1111,47,11,6376,5143,1777,674,118,6738,1011,27,3832,2722,2721,12,2680,25,2312,887],"class_list":{"0":"post-220473","1":"post","2":"type-post","3":"status-publish","4":"format-standard","5":"has-post-thumbnail","7":"category-toulouse","8":"tag-actu","9":"tag-actualite","10":"tag-actualites","11":"tag-armes","12":"tag-coups-de-feu","13":"tag-eu","14":"tag-europe","15":"tag-faits-divers","16":"tag-faits-divers-toulouse","17":"tag-fr","18":"tag-france","19":"tag-fusillade","20":"tag-haute-garonne","21":"tag-midi-pyrenees","22":"tag-news","23":"tag-occitanie","24":"tag-republique-francaise","25":"tag-toulouse","26":"tag-trafic-de-drogue"},"share_on_mastodon":{"url":"https:\/\/pubeurope.com\/@fr\/114783246292124676","error":""},"_links":{"self":[{"href":"https:\/\/www.europesays.com\/fr\/wp-json\/wp\/v2\/posts\/220473","targetHints":{"allow":["GET"]}}],"collection":[{"href":"https:\/\/www.europesays.com\/fr\/wp-json\/wp\/v2\/posts"}],"about":[{"href":"https:\/\/www.europesays.com\/fr\/wp-json\/wp\/v2\/types\/post"}],"author":[{"embeddable":true,"href":"https:\/\/www.europesays.com\/fr\/wp-json\/wp\/v2\/users\/2"}],"replies":[{"embeddable":true,"href":"https:\/\/www.europesays.com\/fr\/wp-json\/wp\/v2\/comments?post=220473"}],"version-history":[{"count":0,"href":"https:\/\/www.europesays.com\/fr\/wp-json\/wp\/v2\/posts\/220473\/revisions"}],"wp:featuredmedia":[{"embeddable":true,"href":"https:\/\/www.europesays.com\/fr\/wp-json\/wp\/v2\/media\/220474"}],"wp:attachment":[{"href":"https:\/\/www.europesays.com\/fr\/wp-json\/wp\/v2\/media?parent=220473"}],"wp:term":[{"taxonomy":"category","embeddable":true,"href":"https:\/\/www.europesays.com\/fr\/wp-json\/wp\/v2\/categories?post=220473"},{"taxonomy":"post_tag","embeddable":true,"href":"https:\/\/www.europesays.com\/fr\/wp-json\/wp\/v2\/tags?post=220473"}],"curies":[{"name":"wp","href":"https:\/\/api.w.org\/{rel}","templated":true}]}}