{"id":220479,"date":"2025-07-02T10:50:09","date_gmt":"2025-07-02T10:50:09","guid":{"rendered":"https:\/\/www.europesays.com\/fr\/220479\/"},"modified":"2025-07-02T10:50:09","modified_gmt":"2025-07-02T10:50:09","slug":"pourquoi-lfi-soppose-au-depute-de-marseille","status":"publish","type":"post","link":"https:\/\/www.europesays.com\/fr\/220479\/","title":{"rendered":"pourquoi LFI s&rsquo;oppose au d\u00e9put\u00e9 de Marseille"},"content":{"rendered":"<p>            Par<br \/>\n        <strong><br \/>\n            <a href=\"https:\/\/actu.fr\/auteur\/thibault-nadal-actu-fr\" title=\"Consulter tous les articles de Thibault Nadal\" target=\"_blank\" rel=\"noopener\">Thibault Nadal<\/a><br \/>\n        <\/strong><\/p>\n<p>        Publi\u00e9 le<\/p>\n<p>            2 juil. 2025 \u00e0 11h52        <\/p>\n<p>Une prise de position critiqu\u00e9e m\u00eame dans son propre camp. En visite depuis plusieurs jours en <a href=\"https:\/\/actu.fr\/tag\/algerie\" target=\"_blank\" rel=\"noopener\">Alg\u00e9rie<\/a>, le d\u00e9put\u00e9 (LFI) de <a href=\"https:\/\/actu.fr\/marseille\/\" target=\"_blank\" rel=\"noopener\">Marseille<\/a> S\u00e9bastien Delogu a <strong>pr\u00f4n\u00e9 un dialogue \u00ab\u2009d\u2019\u00e9gal \u00e0 \u00e9gal\u2009\u00bb<\/strong>, alors que la France traverse pourtant une crise diplomatique sans pr\u00e9c\u00e9dent avec le pays du Maghreb.<\/p>\n<p>Les sujets Boualem Sansal et Christophe Gleizes au centre des dissensions<\/p>\n<p class=\" wall-content\">Mais cette sortie n\u2019a pas \u00e9t\u00e9 du tout du go\u00fbt de <a href=\"https:\/\/actu.fr\/tag\/la-france-insoumise-lfi\" target=\"_blank\" rel=\"noopener\">La France insoumise<\/a> qui, dans un communiqu\u00e9 cinglant, a expliqu\u00e9 que <strong>\u00ab\u2009S\u00e9bastien Delogu s\u2019est exprim\u00e9 de fa\u00e7on personnelle\u2009\u00bb<\/strong> et que ces propos \u00ab\u2009n\u2019engagent ni les groupes parlementaires de la France insoumise, ni le mouvement\u2009\u00bb.<\/p>\n<p class=\" wall-content\">\n<p class=\" wall-content\">Le d\u00e9put\u00e9 des Bouches-du-Rh\u00f4ne, \u00e9lu dans les quartiers nord de Marseille, se voit \u00e9galement reproch\u00e9 de <strong>ne pas avoir apport\u00e9 son soutien \u00e0 l\u2019\u00e9crivain Boualem Sansal<\/strong> condamn\u00e9 \u00e0 cinq ans <strong>et au journaliste de So Foot, Christophe Gleizes<\/strong>, condamn\u00e9 \u00e0 sept ans de prison. Tous deux sont actuellement incarc\u00e9r\u00e9s en Alg\u00e9rie. L\u2019AFP a expliqu\u00e9 ne pas avoir pu interroger S\u00e9bastien Delogu sur les cas des deux hommes.<\/p>\n<p class=\" wall-content\">Le mouvement de <a href=\"https:\/\/actu.fr\/tag\/jean-luc-melenchon\" target=\"_blank\" rel=\"noopener\">Jean-Luc M\u00e9lenchon<\/a> a rappel\u00e9 ses positions. \u00ab\u2009Nous protestons contre l\u2019arrestation du journaliste Christophe Gleizes. Nous demandons sa lib\u00e9ration imm\u00e9diate et nous renouvelons notre exigence de voir lib\u00e9rer Boualem Sansal.\u2009\u00bb<\/p>\n<p class=\" wall-content\">\n<p>Bruno Retailleau dans le viseur<\/p>\n<p class=\" wall-content\">Interview\u00e9 par un correspondant de l\u2019AFP sur les raisons de sa venue en Alg\u00e9rie ce lundi 30\u00a0juin, S\u00e9bastien Delogu a expliqu\u00e9 s\u2019\u00eatre d\u00e9plac\u00e9 pour \u00ab\u2009exprimer le fait qu\u2019il y a une autre voie en France, celle du respect\u2009\u00bb et que \u00ab\u2009quand on s\u2019exprime, on doit parler d\u2019\u00e9gal \u00e0 \u00e9gal\u2009\u00bb.<\/p>\n<p>Vid\u00e9os : en ce moment sur Actu<\/p>\n<p class=\" wall-content\">S\u00e9bastien Delogu, qui a des origines alg\u00e9riennes, effectue depuis jeudi une visite l\u2019ayant men\u00e9 d\u2019abord <strong>\u00e0 Oran sur la tombe de son grand-p\u00e8re maternel puis \u00e0 Alger<\/strong>. Apr\u00e8s avoir \u00e9chang\u00e9 avec des d\u00e9put\u00e9s de l\u2019Assembl\u00e9e nationale populaire, il a rappel\u00e9 \u00ab\u2009qu\u2019il y a la mer M\u00e9diterran\u00e9e qui nous lie, il y a notre histoire commune avec le peuple alg\u00e9rien\u2009\u00bb.<\/p>\n<p class=\" wall-content\"><a href=\"https:\/\/www.instagram.com\/p\/DLiOGNyiXAN\/embed\" title=\"Ouvrir le lien sur Instagram\" target=\"_blank\" rel=\"noopener\">Visualiser le contenu sur Instagram<\/a><\/p>\n<p class=\" wall-content\">\u00ab\u2009Des millions de Fran\u00e7aises et de Fran\u00e7ais se sentent insult\u00e9s face aux invectives incessantes de certains ministres fran\u00e7ais\u2009\u00bb, a-t-il affirm\u00e9. <a href=\"https:\/\/actu.fr\/tag\/bruno-retailleau\" target=\"_blank\" rel=\"noopener\">Le ministre de l\u2019Int\u00e9rieur Bruno Retailleau<\/a> a \u00e9t\u00e9 <strong>accus\u00e9 nomm\u00e9ment par le pouvoir alg\u00e9rien de mener une cabale contre l\u2019Alg\u00e9rie<\/strong> et de multiplier les OQTF.<\/p>\n<p class=\" wall-content\">S\u00e9bastien Delogu a indiqu\u00e9 \u00eatre \u00ab\u2009venu dire qu\u2019il y a une autre voie, celle du respect, de la souverainet\u00e9 et du respect du droit international\u2009\u00bb. Il a appel\u00e9 le peuple alg\u00e9rien \u00e0 \u00ab\u2009rester concentr\u00e9 sur les valeurs qui sont les siennes\u2009\u00bb, en \u00e9tant \u00ab\u2009conscient que les \u00e9lections, c\u2019est cyclique\u2009\u00bb. Selon lui, la gauche radicale fera \u00ab\u2009d\u00e9gager (la majorit\u00e9 au pouvoir, ndlr) pour essayer d\u2019apporter cette autre voie\u2009\u00bb dans cinq ans.<\/p>\n<p>La question du Sahara occidental au c\u0153ur des tensions<\/p>\n<p class=\" wall-content\"><a href=\"https:\/\/actu.fr\/politique\/l-algerie-cherche-a-humilier-la-france-on-vous-resume-le-bras-de-fer-diplomatique-entre-paris-et-alger_62306412.html\" target=\"_blank\" rel=\"noopener\">La brouille entre Paris et Alger<\/a> a \u00e9clat\u00e9 apr\u00e8s la reconnaissance par Paris d\u2019un plan sous souverainet\u00e9 marocaine pour <strong>le Sahara occidental<\/strong>, o\u00f9 Alger soutient les ind\u00e9pendantistes du Polisario oppos\u00e9s depuis 50\u00a0ans au Maroc, qui contr\u00f4le l\u2019essentiel de ce territoire non autonome au regard de l\u2019ONU.<\/p>\n<p class=\" wall-content\">La crise s\u2019est aggrav\u00e9e apr\u00e8s l\u2019arrestation \u00e0 Alger de l\u2019\u00e9crivain franco-alg\u00e9rien Boualem Sansal, condamn\u00e9 fin mars \u00e0 cinq ans de prison ferme pour des d\u00e9clarations \u00e0 un m\u00e9dia fran\u00e7ais d\u2019extr\u00eame-droite reprenant la position marocaine sur les fronti\u00e8res h\u00e9rit\u00e9es de la colonisation fran\u00e7aise.<\/p>\n<p class=\" wall-content\"><strong>Avec AFP<\/strong><\/p>\n<p class=\" wall-content\">Suivez toute l\u2019actualit\u00e9 de vos villes et m\u00e9dias favoris en vous inscrivant \u00e0 <a href=\"https:\/\/moncompte.actu.fr\" title=\"D\u00e9couvez Mon Actu\" rel=\"nofollow noopener\" data-trk=\"{&quot;cta&quot;:{&quot;action&quot;:&quot;https:\\\/\\\/moncompte.actu.fr&quot;,&quot;category&quot;:&quot;mon compte&quot;,&quot;from&quot;:&quot;article footer&quot;,&quot;name&quot;:&quot;Mon actu&quot;,&quot;type&quot;:&quot;cta&quot;}}\" target=\"_blank\">Mon Actu<\/a>.<\/p>\n<ul class=\"ac-article-tag wall-content\">\n<li><a href=\"https:\/\/actu.fr\/tag\/algerie\" data-trk=\"{&quot;cta&quot;:{&quot;action&quot;:&quot;Alg\\u00e9rie&quot;,&quot;category&quot;:&quot;tag&quot;,&quot;from&quot;:&quot;article footer&quot;,&quot;name&quot;:&quot;Alg\\u00e9rie&quot;,&quot;type&quot;:&quot;cta&quot;}}\" target=\"_blank\" rel=\"noopener\">#Alg\u00e9rie<\/a><\/li>\n<li><a href=\"https:\/\/actu.fr\/tag\/la-france-insoumise-lfi\" data-trk=\"{&quot;cta&quot;:{&quot;action&quot;:&quot;La France Insoumise (LFI)&quot;,&quot;category&quot;:&quot;tag&quot;,&quot;from&quot;:&quot;article footer&quot;,&quot;name&quot;:&quot;La France Insoumise (LFI)&quot;,&quot;type&quot;:&quot;cta&quot;}}\" target=\"_blank\" rel=\"noopener\">#La France Insoumise (LFI)<\/a><\/li>\n<\/ul>\n<p>                    <script async src=\"\/\/www.instagram.com\/embed.js\"><\/script><\/p>\n","protected":false},"excerpt":{"rendered":"Par Thibault Nadal Publi\u00e9 le 2 juil. 2025 \u00e0 11h52 Une prise de position critiqu\u00e9e m\u00eame dans son&hellip;\n","protected":false},"author":2,"featured_media":220480,"comment_status":"","ping_status":"","sticky":false,"template":"","format":"standard","meta":{"footnotes":""},"categories":[2814],"tags":[1111,11,15,1777,674,1011,27,1023,884,12,316,882,25],"class_list":{"0":"post-220479","1":"post","2":"type-post","3":"status-publish","4":"format-standard","5":"has-post-thumbnail","7":"category-marseille","8":"tag-actu","9":"tag-actualites","10":"tag-algerie","11":"tag-eu","12":"tag-europe","13":"tag-fr","14":"tag-france","15":"tag-la-france-insoumise-lfi","16":"tag-marseille","17":"tag-news","18":"tag-politique","19":"tag-provence-alpes-cote-dazur","20":"tag-republique-francaise"},"share_on_mastodon":{"url":"","error":""},"_links":{"self":[{"href":"https:\/\/www.europesays.com\/fr\/wp-json\/wp\/v2\/posts\/220479","targetHints":{"allow":["GET"]}}],"collection":[{"href":"https:\/\/www.europesays.com\/fr\/wp-json\/wp\/v2\/posts"}],"about":[{"href":"https:\/\/www.europesays.com\/fr\/wp-json\/wp\/v2\/types\/post"}],"author":[{"embeddable":true,"href":"https:\/\/www.europesays.com\/fr\/wp-json\/wp\/v2\/users\/2"}],"replies":[{"embeddable":true,"href":"https:\/\/www.europesays.com\/fr\/wp-json\/wp\/v2\/comments?post=220479"}],"version-history":[{"count":0,"href":"https:\/\/www.europesays.com\/fr\/wp-json\/wp\/v2\/posts\/220479\/revisions"}],"wp:featuredmedia":[{"embeddable":true,"href":"https:\/\/www.europesays.com\/fr\/wp-json\/wp\/v2\/media\/220480"}],"wp:attachment":[{"href":"https:\/\/www.europesays.com\/fr\/wp-json\/wp\/v2\/media?parent=220479"}],"wp:term":[{"taxonomy":"category","embeddable":true,"href":"https:\/\/www.europesays.com\/fr\/wp-json\/wp\/v2\/categories?post=220479"},{"taxonomy":"post_tag","embeddable":true,"href":"https:\/\/www.europesays.com\/fr\/wp-json\/wp\/v2\/tags?post=220479"}],"curies":[{"name":"wp","href":"https:\/\/api.w.org\/{rel}","templated":true}]}}