{"id":220484,"date":"2025-07-02T10:53:10","date_gmt":"2025-07-02T10:53:10","guid":{"rendered":"https:\/\/www.europesays.com\/fr\/220484\/"},"modified":"2025-07-02T10:53:10","modified_gmt":"2025-07-02T10:53:10","slug":"voici-pourquoi-toutes-les-piscines-de-la-ville-ne-sont-pas-ouvertes","status":"publish","type":"post","link":"https:\/\/www.europesays.com\/fr\/220484\/","title":{"rendered":"voici pourquoi toutes les piscines de la ville ne sont pas ouvertes"},"content":{"rendered":"<p>            Par<br \/>\n        <strong><br \/>\n            <a href=\"https:\/\/actu.fr\/auteur\/anthony-soudani\" title=\"Consulter tous les articles de Anthony Soudani\" rel=\"nofollow noopener\" target=\"_blank\">Anthony Soudani<\/a><br \/>\n        <\/strong><\/p>\n<p>        Publi\u00e9 le<\/p>\n<p>            2 juil. 2025 \u00e0 12h12        <\/p>\n<p>Alors que la <a href=\"https:\/\/actu.fr\/auvergne-rhone-alpes\/lyon_69123\/canicule-a-lyon-elle-va-durer-plus-longtemps-que-prevu-une-chaleur-infernale-ce-mercredi_62853722.html\" rel=\"nofollow noopener\" target=\"_blank\">canicule<\/a> se poursuit \u00e0 <a href=\"https:\/\/actu.fr\/lyon\/\" rel=\"nofollow noopener\" target=\"_blank\">Lyon<\/a> et semble \u00eatre partie pour durer jusqu\u2019au samedi 5 juillet, les habitants sont en qu\u00eate de fra\u00eecheur. Les <a href=\"https:\/\/actu.fr\/auvergne-rhone-alpes\/nantua_01269\/canicule-ce-lac-pres-de-lyon-pris-d-assaut-par-12-000-personnes-le-maire-s-enerve-plus-jamais-ca_62839836.html\" rel=\"nofollow noopener\" target=\"_blank\">lacs de Nantua<\/a> (Ain) et <a href=\"https:\/\/actu.fr\/auvergne-rhone-alpes\/aiguebelette-le-lac_73001\/canicule-ce-lac-pres-de-lyon-bonde-de-monde-l-ete-devient-vite-un-enfer-des-regles-fixees_62850894.html\" rel=\"nofollow noopener\" target=\"_blank\">d\u2019Aiguebelette<\/a> (Savoie) situ\u00e9s dans un rayon d\u2019une heure autour de la capitale des Gaules ont notamment \u00e9t\u00e9 pris d\u2019assauts. Cependant, la mairie n\u2019a toujours <strong>pas ouvert toutes les piscines<\/strong> de la ville. Explications.<\/p>\n<p>Deux piscines n\u2019ouvrent qu\u2019\u00e0 partir de cette fin de semaine<\/p>\n<p class=\" wall-content\">\u00ab On a avanc\u00e9 des ouvertures de piscines dites d\u2019hiver pour l\u2019\u00e9t\u00e9. Garibaldi, Tronchet\u2026 elles n\u2019avaient jamais \u00e9t\u00e9 ouvertes, \u00e7a offre plus de choix. Le <a href=\"https:\/\/actu.fr\/auvergne-rhone-alpes\/lyon_69123\/une-file-d-attente-sans-fin-la-plus-grande-piscine-de-lyon-prise-d-assaut-en-pleine-canicule_62812186.html\" rel=\"nofollow noopener\" target=\"_blank\">centre Tony Bernard<\/a> est ouvert pour l\u2019\u00e9t\u00e9 depuis mai et Mermoz et La Duch\u00e8re qui arrivent (pour La Duch\u00e8re \u00e7a sera le 5 juillet, apr\u00e8s un probl\u00e8me technique) \u00bb, affirmait l\u2019adjointe aux Sports, <a href=\"https:\/\/actu.fr\/auvergne-rhone-alpes\/lyon_69123\/lyon-la-piscine-du-rhone-prise-d-assaut-cet-ete-la-mairie-donne-une-solution-aux-lyonnais_62834739.html\" rel=\"nofollow noopener\" target=\"_blank\">Julie Nublat-Faure, dans l\u2019\u00e9mission politique de BFM Lyon<\/a> en partenariat avec actu Lyon, diffus\u00e9e jeudi 26 juin.<\/p>\n<p class=\" wall-content\">Pour ce qui est de la piscine de Jean-Mermoz (Lyon 8e), elle n\u2019ouvrira qu\u2019\u00e0 partir de ce jeudi 3 juillet, et ce, jusqu\u2019au 31 ao\u00fbt.<\/p>\n<p>Une ouverture jusqu\u2019\u00e0 21h r\u00e9clam\u00e9e par l\u2019opposition<\/p>\n<p class=\" wall-content\">Thomas Rudigoz, conseiller m\u00e9tropolitain Renaissance, s\u2019est indign\u00e9 de cette situation. Pour lui, c\u2019est \u00ab dingue \u00bb qu\u2019une \u00ab seule piscine de plein-air \u00bb soit ouverte pendant la premi\u00e8re vague de chaleur de l\u2019\u00e9t\u00e9. \u00ab Vous pourriez ouvrir <strong>plus t\u00f4t ces piscines face \u00e0 la canicule<\/strong>, d\u00e8s d\u00e9but juin \u00bb, a demand\u00e9 l\u2019\u00e9lu sur le plateau.<\/p>\n<p class=\" wall-content\">Il a \u00e9galement r\u00e9clam\u00e9 une ouverture de la piscine du Rh\u00f4ne les soirs jusqu\u2019\u00e0 21 heures.<\/p>\n<p class=\" wall-content\">De son c\u00f4t\u00e9, la municipalit\u00e9 \u00e9cologiste a d\u00e9fendu une extension des plages horaires des piscines cet \u00e9t\u00e9 \u00ab de 7h \u00e0 20h \u00bb. \u00ab Vous pouvez trouver une piscine ouverte la semaine et le week-end \u00bb, a assur\u00e9 l\u2019adjointe. \u00ab\u00a0On a deux cr\u00e9neaux depuis le Covid dans nos piscines, de 4 heures chacun, ce qui permet de doubler la capacit\u00e9 d\u2019accueil.\u00a0\u00bb<\/p>\n<p class=\" wall-content\">Julie Nublat-Faure a par ailleurs \u00e9voqu\u00e9 des probl\u00e8mes pour recruter des ma\u00eetres-nageurs.<\/p>\n<p>La piscine de Vaise n\u2019ouvrira pas cet \u00e9t\u00e9, mais en septembre<\/p>\n<p class=\" wall-content\">Parall\u00e8lement, d\u2019autres piscines en chantier connaissent des retards de livraison. C\u2019est le cas de la <a href=\"https:\/\/actu.fr\/auvergne-rhone-alpes\/lyon_69123\/lyon-cette-grande-piscine-en-travaux-ne-sera-pas-prete-pour-l-ete-sa-reouverture-repoussee_62815771.html\" rel=\"nofollow noopener\" target=\"_blank\">piscine de Vaise<\/a>, dans le 9e arrondissement. Les travaux de r\u00e9novation devaient \u00eatre termin\u00e9s pour l\u2019\u00e9t\u00e9 2025, finalement l\u2019ouverture est repouss\u00e9e mi-septembre.<\/p>\n<p class=\" wall-content\">La piscine Kennedy devait, elle, voir le jour en 2026 dans le 8e arrondissement, mais il va falloir attendre 2027 pour s\u2019y baigner.<\/p>\n<p class=\" wall-content\">\u00c0 noter que deux piscines sont ferm\u00e9es les \u00e9t\u00e9s : Benjamin Delessert \u00e0 Lyon 7e et Charial \u00e0 Lyon 3.<\/p>\n<p class=\" wall-content\">Suivez toute l\u2019actualit\u00e9 de vos villes et m\u00e9dias favoris en vous inscrivant \u00e0 <a href=\"https:\/\/moncompte.actu.fr\" title=\"D\u00e9couvez Mon Actu\" rel=\"nofollow noopener\" data-trk=\"{&quot;cta&quot;:{&quot;action&quot;:&quot;https:\\\/\\\/moncompte.actu.fr&quot;,&quot;category&quot;:&quot;mon compte&quot;,&quot;from&quot;:&quot;article footer&quot;,&quot;name&quot;:&quot;Mon actu&quot;,&quot;type&quot;:&quot;cta&quot;}}\" target=\"_blank\">Mon Actu<\/a>.<\/p>\n","protected":false},"excerpt":{"rendered":"Par Anthony Soudani Publi\u00e9 le 2 juil. 2025 \u00e0 12h12 Alors que la canicule se poursuit \u00e0 Lyon&hellip;\n","protected":false},"author":2,"featured_media":220485,"comment_status":"","ping_status":"","sticky":false,"template":"","format":"standard","meta":{"footnotes":""},"categories":[1889],"tags":[1111,11,2430,6698,1777,674,1011,27,2428,12,25,104],"class_list":{"0":"post-220484","1":"post","2":"type-post","3":"status-publish","4":"format-standard","5":"has-post-thumbnail","7":"category-lyon","8":"tag-actu","9":"tag-actualites","10":"tag-auvergne-rhone-alpes","11":"tag-canicule","12":"tag-eu","13":"tag-europe","14":"tag-fr","15":"tag-france","16":"tag-lyon","17":"tag-news","18":"tag-republique-francaise","19":"tag-societe"},"share_on_mastodon":{"url":"https:\/\/pubeurope.com\/@fr\/114783270063189780","error":""},"_links":{"self":[{"href":"https:\/\/www.europesays.com\/fr\/wp-json\/wp\/v2\/posts\/220484","targetHints":{"allow":["GET"]}}],"collection":[{"href":"https:\/\/www.europesays.com\/fr\/wp-json\/wp\/v2\/posts"}],"about":[{"href":"https:\/\/www.europesays.com\/fr\/wp-json\/wp\/v2\/types\/post"}],"author":[{"embeddable":true,"href":"https:\/\/www.europesays.com\/fr\/wp-json\/wp\/v2\/users\/2"}],"replies":[{"embeddable":true,"href":"https:\/\/www.europesays.com\/fr\/wp-json\/wp\/v2\/comments?post=220484"}],"version-history":[{"count":0,"href":"https:\/\/www.europesays.com\/fr\/wp-json\/wp\/v2\/posts\/220484\/revisions"}],"wp:featuredmedia":[{"embeddable":true,"href":"https:\/\/www.europesays.com\/fr\/wp-json\/wp\/v2\/media\/220485"}],"wp:attachment":[{"href":"https:\/\/www.europesays.com\/fr\/wp-json\/wp\/v2\/media?parent=220484"}],"wp:term":[{"taxonomy":"category","embeddable":true,"href":"https:\/\/www.europesays.com\/fr\/wp-json\/wp\/v2\/categories?post=220484"},{"taxonomy":"post_tag","embeddable":true,"href":"https:\/\/www.europesays.com\/fr\/wp-json\/wp\/v2\/tags?post=220484"}],"curies":[{"name":"wp","href":"https:\/\/api.w.org\/{rel}","templated":true}]}}