{"id":220486,"date":"2025-07-02T10:54:10","date_gmt":"2025-07-02T10:54:10","guid":{"rendered":"https:\/\/www.europesays.com\/fr\/220486\/"},"modified":"2025-07-02T10:54:10","modified_gmt":"2025-07-02T10:54:10","slug":"des-restrictions-de-circulation-imposees-en-ile-de-france-pour-ce-mardi-2","status":"publish","type":"post","link":"https:\/\/www.europesays.com\/fr\/220486\/","title":{"rendered":"des restrictions de circulation impos\u00e9es en \u00cele-de-France pour ce mardi"},"content":{"rendered":"<p>FRANCE &#8211; Des cons\u00e9quences concr\u00e8tes \u00e0 la <a data-i13n=\"cpos:1;pos:1\" href=\"https:\/\/fr.news.yahoo.com\/vigilance-rouge-canicule-qu-implique-154749212.html\" data-ylk=\"slk:vigilance rouge canicule;cpos:1;pos:1;elm:context_link;itc:0;sec:content-canvas;outcm:mb_qualified_link;_E:mb_qualified_link;ct:story;\" class=\"link  yahoo-link\" target=\"_blank\" rel=\"noopener\">vigilance rouge canicule<\/a>, d\u00e9ploy\u00e9e par M\u00e9t\u00e9o France pour ce mardi 1er juillet<a data-i13n=\"cpos:2;pos:1\" href=\"https:\/\/fr.news.yahoo.com\/m%C3%A9t%C3%A9o-16-d%C3%A9partements-plac%C3%A9s-vigilance-141254262.html\" data-ylk=\"slk:dans 16 d\u00e9partements dont toute l\u2019\u00cele-de-France;cpos:2;pos:1;elm:context_link;itc:0;sec:content-canvas;outcm:mb_qualified_link;_E:mb_qualified_link;ct:story;\" class=\"link  yahoo-link\" target=\"_blank\" rel=\"noopener\"> dans 16 d\u00e9partements dont toute l\u2019\u00cele-de-France<\/a>. Le pr\u00e9fet de police Laurent Nu\u00f1ez a annonc\u00e9 ce lundi 30 juin instaurer des restrictions de circulation pour ce mardi en \u00cele-de-France, touch\u00e9e par un \u00e9pisode de pollution persistant \u00e0 l\u2019ozone.<\/p>\n<p>Entre 5 h 30 et minuit, seuls les v\u00e9hicules les moins polluants, munis d\u2019une vignette Crit\u2019Air de classe 0, 1 et 2, seront autoris\u00e9s \u00e0 circuler \u00e0 l\u2019int\u00e9rieur du p\u00e9rim\u00e8tre d\u00e9limit\u00e9 par l\u2019autoroute A86, soit \u00e0 Paris et dans une partie des d\u00e9partements de petite couronne. L\u2019objectif est notamment de \u00ab r\u00e9duire les \u00e9missions de polluants dans l\u2019atmosph\u00e8re \u00bb, affirme le communiqu\u00e9.<\/p>\n<p><a data-i13n=\"cpos:3;pos:1\" href=\"https:\/\/fr.news.yahoo.com\/vigilance-rouge-canicule-prouve-encore-162657084.html\" data-ylk=\"slk:La vigilance rouge canicule prouve encore que les \u00e9coles sont inadapt\u00e9es au changement climatique;cpos:3;pos:1;elm:context_link;itc:0;sec:content-canvas;outcm:mb_qualified_link;_E:mb_qualified_link;ct:story;\" class=\"link  yahoo-link\" target=\"_blank\" rel=\"noopener\">La vigilance rouge canicule prouve encore que les \u00e9coles sont inadapt\u00e9es au changement climatique <\/a><\/p>\n<p>En outre, comme pour ce lundi, les vitesses maximales autoris\u00e9es continuent d\u2019\u00eatre abaiss\u00e9es de 20 km\/h, indique la pr\u00e9fecture de police dans un communiqu\u00e9. Cela correspond donc \u00e0 une vitesse de 110 km\/h sur les portions d\u2019autoroutes normalement limit\u00e9es \u00e0 130 km\/h, ou 70 km\/h sur les routes nationales et d\u00e9partementales normalement limit\u00e9es \u00e0 80 ou 90 km\/h. Les poids lourds de plus de 3,5 tonnes, eux, doivent \u00e9galement contourner \u00ab par la rocade francilienne \u00bb.<\/p>\n<p>39 \u00b0C attendus \u00e0 Paris<\/p>\n<p>\u00ab Il est recommand\u00e9 de limiter, dans la mesure du possible, les d\u00e9placements en voiture, de privil\u00e9gier le t\u00e9l\u00e9travail et, en cas de n\u00e9cessit\u00e9, de pratiquer le covoiturage \u00bb, rappelle \u00e9galement la pr\u00e9fecture.<\/p>\n<p>La vigilance rouge canicule, qui touche l\u2019\u00cele-de-France pour la premi\u00e8re fois depuis ao\u00fbt 2020, implique un degr\u00e9 de vigilance encore sup\u00e9rieur \u00e0 la vigilance orange. \u00ab Le niveau de vigilance rouge correspond \u00e0 une canicule extr\u00eame, exceptionnelle par sa dur\u00e9e, son intensit\u00e9, son extension g\u00e9ographique, et pr\u00e9sente un fort impact sanitaire pour l\u2019ensemble de la population et des impacts soci\u00e9taux (s\u00e9cheresse, approvisionnement en eau potable, am\u00e9nagement ou arr\u00eat de certaines activit\u00e9s, etc.) \u00bb, explique M\u00e9t\u00e9o-France.<\/p>\n<p>Les pr\u00e9fets des d\u00e9partements peuvent notamment interdire ou limiter l\u2019ampleur de certains \u00e9v\u00e9nements comme des manifestations sportives ou des festivals, ou diffuser des consignes aux cr\u00e8ches, aux centres de loisirs et aux organismes accueillant des s\u00e9jours de vacances pour annuler les sorties, les activit\u00e9s sportives et les \u00e9v\u00e9nements festifs.<\/p>\n<p>Ce mardi sera la journ\u00e9e la plus chaude de cet \u00e9pisode caniculaire avec des minimales tr\u00e8s \u00e9lev\u00e9es, comprises entre 20 et 24 \u00b0C voire un peu plus tr\u00e8s localement, et des maximales atteignant 36 \u00e0 40 \u00b0C avec quelques pointes \u00e0 41 \u00b0C dans les d\u00e9partements en vigilance rouge. M\u00e9t\u00e9o France attend notamment 39 \u00b0C \u00e0 Paris dans l\u2019apr\u00e8s-midi, et 34 \u00b0C en soir\u00e9e.<\/p>\n<p><a data-i13n=\"cpos:4;pos:1\" href=\"https:\/\/fr.news.yahoo.com\/%C3%A0-paris-automobilistes-invit%C3%A9s-lundi-063218024.html\" data-ylk=\"slk:\u00c0 Paris, les automobilistes invit\u00e9s ce lundi \u00e0 laisser la voiture au garage ou \u00e0 ralentir sur l\u2019A86;cpos:4;pos:1;elm:context_link;itc:0;sec:content-canvas;outcm:mb_qualified_link;_E:mb_qualified_link;ct:story;\" class=\"link  yahoo-link\" target=\"_blank\" rel=\"noopener\">\u00c0 Paris, les automobilistes invit\u00e9s ce lundi \u00e0 laisser la voiture au garage ou \u00e0 ralentir sur l\u2019A86 <\/a><\/p>\n<p><a data-i13n=\"cpos:5;pos:1\" href=\"https:\/\/fr.news.yahoo.com\/pleine-canicule-maires-confront%C3%A9s-au-112348150.html\" data-ylk=\"slk:En pleine canicule, les maires confront\u00e9s au dilemme de fermer (ou non) les \u00e9coles;cpos:5;pos:1;elm:context_link;itc:0;sec:content-canvas;outcm:mb_qualified_link;_E:mb_qualified_link;ct:story;\" class=\"link  yahoo-link\" target=\"_blank\" rel=\"noopener\">En pleine canicule, les maires confront\u00e9s au dilemme de fermer (ou non) les \u00e9coles <\/a><\/p>\n","protected":false},"excerpt":{"rendered":"FRANCE &#8211; Des cons\u00e9quences concr\u00e8tes \u00e0 la vigilance rouge canicule, d\u00e9ploy\u00e9e par M\u00e9t\u00e9o France pour ce mardi 1er&hellip;\n","protected":false},"author":2,"featured_media":220487,"comment_status":"","ping_status":"","sticky":false,"template":"","format":"standard","meta":{"footnotes":""},"categories":[1592],"tags":[1111,11,1777,674,1011,27,662,2804,9778,2357,12,626,4524,25,7179,35567],"class_list":{"0":"post-220486","1":"post","2":"type-post","3":"status-publish","4":"format-standard","5":"has-post-thumbnail","7":"category-ile-de-france","8":"tag-actu","9":"tag-actualites","10":"tag-eu","11":"tag-europe","12":"tag-fr","13":"tag-france","14":"tag-ile-de-france","15":"tag-lile-de-france","16":"tag-mardi","17":"tag-meteo-france","18":"tag-news","19":"tag-paris","20":"tag-prefecture-de-police","21":"tag-republique-francaise","22":"tag-restrictions-de-circulation","23":"tag-vigilance-rouge"},"share_on_mastodon":{"url":"https:\/\/pubeurope.com\/@fr\/114783273831352100","error":""},"_links":{"self":[{"href":"https:\/\/www.europesays.com\/fr\/wp-json\/wp\/v2\/posts\/220486","targetHints":{"allow":["GET"]}}],"collection":[{"href":"https:\/\/www.europesays.com\/fr\/wp-json\/wp\/v2\/posts"}],"about":[{"href":"https:\/\/www.europesays.com\/fr\/wp-json\/wp\/v2\/types\/post"}],"author":[{"embeddable":true,"href":"https:\/\/www.europesays.com\/fr\/wp-json\/wp\/v2\/users\/2"}],"replies":[{"embeddable":true,"href":"https:\/\/www.europesays.com\/fr\/wp-json\/wp\/v2\/comments?post=220486"}],"version-history":[{"count":0,"href":"https:\/\/www.europesays.com\/fr\/wp-json\/wp\/v2\/posts\/220486\/revisions"}],"wp:featuredmedia":[{"embeddable":true,"href":"https:\/\/www.europesays.com\/fr\/wp-json\/wp\/v2\/media\/220487"}],"wp:attachment":[{"href":"https:\/\/www.europesays.com\/fr\/wp-json\/wp\/v2\/media?parent=220486"}],"wp:term":[{"taxonomy":"category","embeddable":true,"href":"https:\/\/www.europesays.com\/fr\/wp-json\/wp\/v2\/categories?post=220486"},{"taxonomy":"post_tag","embeddable":true,"href":"https:\/\/www.europesays.com\/fr\/wp-json\/wp\/v2\/tags?post=220486"}],"curies":[{"name":"wp","href":"https:\/\/api.w.org\/{rel}","templated":true}]}}