{"id":220498,"date":"2025-07-02T11:00:14","date_gmt":"2025-07-02T11:00:14","guid":{"rendered":"https:\/\/www.europesays.com\/fr\/220498\/"},"modified":"2025-07-02T11:00:14","modified_gmt":"2025-07-02T11:00:14","slug":"un-ukrainien-raconte-le-sordide-rituel-des-russes-des-etres-humains-ne-font-pas-ce-genre-de-choses-ce-sont-des-creatures-de-lenfer","status":"publish","type":"post","link":"https:\/\/www.europesays.com\/fr\/220498\/","title":{"rendered":"Un Ukrainien raconte le sordide rituel des Russes: \u00ab\u00a0Des \u00eatres humains ne font pas ce genre de choses. Ce sont des cr\u00e9atures de l&rsquo;enfer\u00a0\u00bb"},"content":{"rendered":"<p>La torture ? \u00ab\u00a0Ce n&rsquo;est pas \u00e7a le pire\u00a0\u00bb<\/p>\n<p class=\"ap-StoryElement ap-StoryElement--mb ap-StoryText\">Si on lui fait miroiter un retour \u00e0 la libert\u00e9 rapide gr\u00e2ce \u00e0 un \u00e9change de prisonniers, l&rsquo;Ukrainien se rend vite compte qu&rsquo;il n&rsquo;en sera rien. Trimball\u00e9 de ge\u00f4le en ge\u00f4le, le trajet se fait toujours dans les m\u00eames conditions: les yeux band\u00e9s avec du ruban adh\u00e9sif, \u00ab\u00a0tellement serr\u00e9\u00a0\u00bb qu&rsquo;il lui laisse d&rsquo;horribles migraines, les mains attach\u00e9es dans le dos et stock\u00e9 \u00e0 l&rsquo;arri\u00e8re d&rsquo;un camion \u00ab\u00a0comme du b\u00e9tail\u00a0\u00bb.<\/p>\n<p class=\"ap-StoryElement ap-StoryElement--mb ap-StoryText\">Et, une fois arriv\u00e9 \u00e0 destination, la situation ne fait qu&#8217;empirer. \u00ab\u00a0On ne sait pas ce qui nous arrive. On tombe \u00e0 terre et on est imm\u00e9diatement battu\u00a0\u00bb, d\u00e9taille Igor. \u00ab\u00a0Ils vous frappent \u00e0 coups de b\u00e2ton, de crosse de fusil, de matraque, et ils vous crient de marcher, courb\u00e9, mais vous ne savez pas o\u00f9 aller. La douleur est terrible. Si vous tombez, vous \u00eates encore plus battu. Ceux qui restent \u00e0 terre sont battus \u00e0 mort.\u00a0\u00bb Il s&rsquo;agit en r\u00e9alit\u00e9 d&rsquo;un rituel russe, appel\u00e9 priyomka. Il le revivra encore et encore. A chaque fois qu&rsquo;il d\u00e9barque dans un nouveau centre de d\u00e9tention.<\/p>\n<p><a href=\"https:\/\/www.lalibre.be\/international\/europe\/guerre-ukraine-russie\/2025\/06\/21\/lenfer-des-camps-russes-lhistoire-bouleversante-doleksandr-libere-apres-trois-ans-de-torture-627AUISXU5BONC7QFWE3HFG6AA\/\" target=\"_blank\" rel=\"noopener noreferrer nofollow\" class=\"ap-StoryInterstitialLink ap-StoryElement ap-StoryElement--mb\">L&rsquo;enfer des camps russes : l&rsquo;histoire bouleversante d&rsquo;Oleksandr, un prisonnier de guerre ukrainien, lib\u00e9r\u00e9 apr\u00e8s trois ans de torture<\/a><\/p>\n<p class=\"ap-StoryElement ap-StoryElement--mb ap-StoryText\">Il en garde d&rsquo;ailleurs de nombreuses s\u00e9quelles: \u00ab\u00a0J&rsquo;ai perdu toutes mes dents\u00a0\u00bb, pr\u00e9cise-t-il. Parmi ses blessures, il cite notamment ses vert\u00e8bres, ses c\u00f4tes, sa m\u00e2choire et sa jambe droite cass\u00e9es.<\/p>\n<p class=\"ap-StoryElement ap-StoryElement--mb ap-StoryText\">Mais pour lui, ce n&rsquo;est pas le pire. Cette douleur n&rsquo;est rien \u00e0 c\u00f4t\u00e9 des humiliations qui sont inflig\u00e9es quotidiennement aux prisonniers. On leur fait imiter le cri du poulet, chanter des chansons, courir nus en fil indienne&#8230;. \u00ab\u00a0\u00c0 Koursk, nous devions danser pour divertir les gardiens. Tout le monde, y compris les bless\u00e9s. Tous ceux qui tombaient \u00e9taient rou\u00e9s de coups. J&rsquo;ai \u00e9t\u00e9 terriblement battu l\u00e0-bas\u00a0\u00bb, poursuit-il aupr\u00e8s de nos confr\u00e8res d&rsquo;AD, soulignant \u00e9galement avoir \u00e9t\u00e9 ras\u00e9 \u00e0 plusieurs reprises sans m\u00e9nagement, quitte \u00e0 lui arracher des morceaux de peau.<\/p>\n<p class=\"ap-StoryElement ap-StoryElement--mb ap-StoryText\">Et puis, il y a les interrogatoires. L\u00e0 encore, il est tortur\u00e9. Mais aussi branch\u00e9 \u00e0 un d\u00e9tecteur de mensonges. Un moment qu&rsquo;il d\u00e9crit comme \u00ab\u00a0extr\u00eamement stressant\u00a0\u00bb.<\/p>\n<p><a href=\"https:\/\/www.lalibre.be\/international\/europe\/guerre-ukraine-russie\/2023\/04\/03\/cetait-pire-quen-prison-le-temoignage-glacant-de-367-habitants-detenus-un-mois-par-les-russes-dans-les-caves-de-la-mort-IBQMJJPPSRCQLN7G4L57TSUZ4Y\/\" target=\"_blank\" rel=\"noopener noreferrer nofollow\" class=\"ap-StoryInterstitialLink ap-StoryElement ap-StoryElement--mb\">\u00ab\u00a0C&rsquo;\u00e9tait pire qu&rsquo;en prison\u00a0\u00bb: le t\u00e9moignage gla\u00e7ant de 367 habitants d\u00e9tenus un mois par les Russes dans les caves de la mort<\/a>\u00ab\u00a0Des cr\u00e9atures de l&rsquo;enfer\u00a0\u00bb<\/p>\n<p class=\"ap-StoryElement ap-StoryElement--mb ap-StoryText\">Apr\u00e8s sept mois de cette vie cauchemardesque, on lui annonce qu&rsquo;il va \u00eatre rel\u00e2ch\u00e9. Il n&rsquo;y croit pas. On le lui a d\u00e9j\u00e0 souvent dit. Pour le faire esp\u00e9rer, pour que sa d\u00e9tention n&rsquo;en soit que plus douloureuse. Mais, quand il voit que la violence se rar\u00e9fie, il change d&rsquo;avis. Les Russes semblent vouloir effacer les stigmates de la maltraitance dont il a fait l&rsquo;objet \u00e0 de maintes reprises. Il voit enfin le bout du tunnel. Il esp\u00e8re toutefois ne pas se tromper.<\/p>\n<p class=\"ap-StoryElement ap-StoryElement--mb ap-StoryText\">Fin novembre 2022, c&rsquo;est le soulagement. L&rsquo;\u00e9change de prisonniers a bien lieu. Le voil\u00e0 libre. S&rsquo;il retrouve sa vie d&rsquo;antan, Igor n&rsquo;arrive pas pour autant \u00e0 se comporter comme avant. Il n&rsquo;arrive plus \u00e0 faire confiance aux gens. Plus encore, la haine qu&rsquo;il ressent \u00e0 l&rsquo;\u00e9gard de ses bourreaux le consume: \u00ab\u00a0Ce ne sont pas des \u00eatres humains. Ils ne feraient pas ce genre de choses. Ce sont des cr\u00e9atures de l&rsquo;enfer.\u00a0\u00bb<\/p>\n<p><a href=\"https:\/\/www.lalibre.be\/international\/2024\/04\/05\/la-libre-a-rencontre-des-prisonniers-de-guerre-russes-en-ukraine-jetais-pret-a-mourir-mais-les-ukrainiens-nous-ont-trouves-AFUB4T65BBCJ5OLIBHT2KFPRCM\/\" target=\"_blank\" rel=\"noopener noreferrer nofollow\" class=\"ap-StoryInterstitialLink ap-StoryElement ap-StoryElement--mb\">La Libre a rencontr\u00e9 des prisonniers de guerre russes en Ukraine : \u00ab\u00a0J&rsquo;\u00e9tais pr\u00eat \u00e0 mourir, mais les Ukrainiens nous ont trouv\u00e9s\u00a0\u00bb<\/a><\/p>\n","protected":false},"excerpt":{"rendered":"La torture ? \u00ab\u00a0Ce n&rsquo;est pas \u00e7a le pire\u00a0\u00bb Si on lui fait miroiter un retour \u00e0 la&hellip;\n","protected":false},"author":2,"featured_media":220499,"comment_status":"","ping_status":"","sticky":false,"template":"","format":"standard","meta":{"footnotes":""},"categories":[1591],"tags":[35959,11,25359,35962,1887,35961,12,35956,35957,9024,1885,1886,132,35958,1864,2744,35963,35960],"class_list":{"0":"post-220498","1":"post","2":"type-post","3":"status-publish","4":"format-standard","5":"has-post-thumbnail","7":"category-russie","8":"tag-2024-us-elections-coverage","9":"tag-actualites","10":"tag-dc","11":"tag-district-of-columbia","12":"tag-federation-de-russie","13":"tag-government","14":"tag-news","15":"tag-politician","16":"tag-politicians","17":"tag-politics","18":"tag-russia","19":"tag-russian-federation","20":"tag-russie","21":"tag-sipa-usa-2024-us-elections-coverage","22":"tag-united-states","23":"tag-washington","24":"tag-white-house","25":"tag-xxpool"},"share_on_mastodon":{"url":"https:\/\/pubeurope.com\/@fr\/114783297448515486","error":""},"_links":{"self":[{"href":"https:\/\/www.europesays.com\/fr\/wp-json\/wp\/v2\/posts\/220498","targetHints":{"allow":["GET"]}}],"collection":[{"href":"https:\/\/www.europesays.com\/fr\/wp-json\/wp\/v2\/posts"}],"about":[{"href":"https:\/\/www.europesays.com\/fr\/wp-json\/wp\/v2\/types\/post"}],"author":[{"embeddable":true,"href":"https:\/\/www.europesays.com\/fr\/wp-json\/wp\/v2\/users\/2"}],"replies":[{"embeddable":true,"href":"https:\/\/www.europesays.com\/fr\/wp-json\/wp\/v2\/comments?post=220498"}],"version-history":[{"count":0,"href":"https:\/\/www.europesays.com\/fr\/wp-json\/wp\/v2\/posts\/220498\/revisions"}],"wp:featuredmedia":[{"embeddable":true,"href":"https:\/\/www.europesays.com\/fr\/wp-json\/wp\/v2\/media\/220499"}],"wp:attachment":[{"href":"https:\/\/www.europesays.com\/fr\/wp-json\/wp\/v2\/media?parent=220498"}],"wp:term":[{"taxonomy":"category","embeddable":true,"href":"https:\/\/www.europesays.com\/fr\/wp-json\/wp\/v2\/categories?post=220498"},{"taxonomy":"post_tag","embeddable":true,"href":"https:\/\/www.europesays.com\/fr\/wp-json\/wp\/v2\/tags?post=220498"}],"curies":[{"name":"wp","href":"https:\/\/api.w.org\/{rel}","templated":true}]}}