{"id":220500,"date":"2025-07-02T11:01:12","date_gmt":"2025-07-02T11:01:12","guid":{"rendered":"https:\/\/www.europesays.com\/fr\/220500\/"},"modified":"2025-07-02T11:01:12","modified_gmt":"2025-07-02T11:01:12","slug":"washington-stoppe-ses-livraisons-darmes-a-lukraine-tout-retard-encouragerait-la-russie-selon-kiev","status":"publish","type":"post","link":"https:\/\/www.europesays.com\/fr\/220500\/","title":{"rendered":"Washington stoppe ses livraisons d\u2019armes \u00e0 l\u2019Ukraine, \u00ab\u00a0tout retard encouragerait\u00a0\u00bb la Russie selon Kiev"},"content":{"rendered":"<p>Pour mettre \u00ab\u00a0les int\u00e9r\u00eats de l\u2019Am\u00e9rique en premier\u00a0\u00bb, Washington a d\u00e9cid\u00e9 de stopper <a target=\"_self\" href=\"https:\/\/www.lanouvellerepublique.fr\/a-la-une\/guerre-en-ukraine-la-russie-accuse-l-ukraine-d-avoir-tire-sur-son-territoire-avec-des-missiles-americains\" rel=\"nofollow noopener\">ses livraisons d\u2019armes \u00e0 Kiev<\/a>, dans le cadre de la guerre en Ukraine.\u00a0Les \u00c9tats-Unis s\u2019inqui\u00e8tent en effet de la baisse de leurs propres stocks de munitions.\u00a0Selon <a target=\"_blank\" href=\"https:\/\/www.politico.com\/news\/2025\/07\/01\/pentagon-munitions-ukraine-halt-00436048\" rel=\"nofollow noopener\">Politico<\/a> et d\u2019autres m\u00e9dias am\u00e9ricains, cet arr\u00eat des livraisons concerne notamment les syst\u00e8mes de d\u00e9fense a\u00e9rienne Patriot, l\u2019artillerie de pr\u00e9cision et les missiles Hellfire.\u00a0Or, le pr\u00e9sident ukrainien Volodymyr Zelensky appelait ces derni\u00e8res semaines les \u00c9tats-Unis \u00e0 lui vendre des syst\u00e8mes Patriot pour contrer plus efficacement les attaques russes de missiles et de drones.<\/p>\n<p>Lors de leur derni\u00e8re entrevue en marge du sommet de l\u2019Otan \u00e0 La\u00a0Haye fin juin, le pr\u00e9sident ukrainien s\u2019en \u00e9tait une nouvelle fois ouvert \u00e0 son homologue am\u00e9ricain Donald Trump.\u00a0Mais le locataire de la Maison-Blanche, qui se dit \u00ab\u00a0au milieu\u00a0\u00bb entre les bellig\u00e9rants et veut obtenir une fin des combats, s\u2019\u00e9tait montr\u00e9 \u00e9vasif sur le sujet.<\/p>\n<p>Inqui\u00e9tude \u00e0 Kiev, r\u00e9jouissance \u00e0 Moscou<\/p>\n<p>Cette nouvelle a \u00e9t\u00e9 accueillie avec d\u00e9ception \u00e0 Kiev, et une certaine appr\u00e9hension <a target=\"_self\" href=\"https:\/\/www.lanouvellerepublique.fr\/a-la-une\/ukraine-la-question-des-armes-occidentales-au-coeur-de-la-guerre\" rel=\"nofollow noopener\">quant aux capacit\u00e9s de l\u2019arm\u00e9e ukrainienne \u00e0 r\u00e9sister face aux forces russes<\/a>, plus nombreuses et mieux arm\u00e9es. \u00ab\u00a0Nous d\u00e9pendons actuellement fortement des livraisons d\u2019armes am\u00e9ricaines, m\u00eame si l\u2019Europe fait tout son possible, mais nous aurons du mal sans les munitions am\u00e9ricaines\u00a0\u00bb, a reconnu une source militaire aupr\u00e8s de l\u2019AFP.<\/p>\n<p>\u00ab\u00a0Nous sommes en train de clarifier la situation\u00a0\u00bb, a indiqu\u00e9 plus tard \u00e0 la presse un conseiller de Volodymyr Zelensky, Dmytro Lytvyne, assurant que \u00ab\u00a0la communication avec la partie am\u00e9ricaine se poursuit actuellement \u00e0 tous les niveaux\u00a0\u00bb.\u00a0\u00ab\u00a0La partie ukrainienne a soulign\u00e9 que tout retard ou d\u00e9lai dans le soutien aux capacit\u00e9s de d\u00e9fense de l\u2019Ukraine ne ferait qu\u2019encourager l\u2019agresseur \u00e0 poursuivre la guerre et la terreur, plut\u00f4t que de rechercher la paix\u00a0\u00bb, a appuy\u00e9 le minist\u00e8re ukrainien dans un communiqu\u00e9.<\/p>\n<p>De son c\u00f4t\u00e9, le Kremlin s\u2019est f\u00e9licit\u00e9 de l\u2019annonce am\u00e9ricaine, estimant que <a target=\"_self\" href=\"https:\/\/www.lanouvellerepublique.fr\/a-la-une\/ukraine-la-russie-considerera-comme-un-conflit-arme-direct-le-deploiement-de-soldats-de-la-paix-europeens-1741864678\" rel=\"nofollow noopener\">cela rapprochait Moscou et Kiev de la fin du conflit<\/a>, qui a fait plusieurs dizaines de milliers de morts des deux c\u00f4t\u00e9s, civils et militaires compris. \u00ab\u00a0Moins il y a d\u2019armes livr\u00e9es \u00e0 l\u2019Ukraine, plus proche est la fin de l\u2019op\u00e9ration militaire sp\u00e9ciale\u00a0\u00bb, a d\u00e9clar\u00e9 \u00e0 la presse le porte-parole du Kremlin, Dmitri Peskov.<\/p>\n","protected":false},"excerpt":{"rendered":"Pour mettre \u00ab\u00a0les int\u00e9r\u00eats de l\u2019Am\u00e9rique en premier\u00a0\u00bb, Washington a d\u00e9cid\u00e9 de stopper ses livraisons d\u2019armes \u00e0 Kiev,&hellip;\n","protected":false},"author":2,"featured_media":220501,"comment_status":"","ping_status":"","sticky":false,"template":"","format":"standard","meta":{"footnotes":""},"categories":[1590],"tags":[328,11,1924,73,1777,674,329,74,12,132,220],"class_list":{"0":"post-220500","1":"post","2":"type-post","3":"status-publish","4":"format-standard","5":"has-post-thumbnail","7":"category-ukraine","8":"tag-a-la-une","9":"tag-actualites","10":"tag-armement","11":"tag-etats-unis","12":"tag-eu","13":"tag-europe","14":"tag-france-monde","15":"tag-monde","16":"tag-news","17":"tag-russie","18":"tag-ukraine"},"share_on_mastodon":{"url":"https:\/\/pubeurope.com\/@fr\/114783301404539473","error":""},"_links":{"self":[{"href":"https:\/\/www.europesays.com\/fr\/wp-json\/wp\/v2\/posts\/220500","targetHints":{"allow":["GET"]}}],"collection":[{"href":"https:\/\/www.europesays.com\/fr\/wp-json\/wp\/v2\/posts"}],"about":[{"href":"https:\/\/www.europesays.com\/fr\/wp-json\/wp\/v2\/types\/post"}],"author":[{"embeddable":true,"href":"https:\/\/www.europesays.com\/fr\/wp-json\/wp\/v2\/users\/2"}],"replies":[{"embeddable":true,"href":"https:\/\/www.europesays.com\/fr\/wp-json\/wp\/v2\/comments?post=220500"}],"version-history":[{"count":0,"href":"https:\/\/www.europesays.com\/fr\/wp-json\/wp\/v2\/posts\/220500\/revisions"}],"wp:featuredmedia":[{"embeddable":true,"href":"https:\/\/www.europesays.com\/fr\/wp-json\/wp\/v2\/media\/220501"}],"wp:attachment":[{"href":"https:\/\/www.europesays.com\/fr\/wp-json\/wp\/v2\/media?parent=220500"}],"wp:term":[{"taxonomy":"category","embeddable":true,"href":"https:\/\/www.europesays.com\/fr\/wp-json\/wp\/v2\/categories?post=220500"},{"taxonomy":"post_tag","embeddable":true,"href":"https:\/\/www.europesays.com\/fr\/wp-json\/wp\/v2\/tags?post=220500"}],"curies":[{"name":"wp","href":"https:\/\/api.w.org\/{rel}","templated":true}]}}