{"id":220502,"date":"2025-07-02T11:02:10","date_gmt":"2025-07-02T11:02:10","guid":{"rendered":"https:\/\/www.europesays.com\/fr\/220502\/"},"modified":"2025-07-02T11:02:10","modified_gmt":"2025-07-02T11:02:10","slug":"larret-maladie-comme-outil-de-lutte-contre-la-police-de-limmigration-liberation","status":"publish","type":"post","link":"https:\/\/www.europesays.com\/fr\/220502\/","title":{"rendered":"l\u2019arr\u00eat maladie comme outil de lutte contre la police de l\u2019immigration \u2013 Lib\u00e9ration"},"content":{"rendered":"<p class=\"sc-ksZaOG ehjQrN text-element\">La consigne a commenc\u00e9 \u00e0 circuler sur les r\u00e9seaux sociaux il y a plusieurs semaines : mardi 1er juillet, c\u2019est le \u00absick-out day\u00bb, le jour du cong\u00e9 maladie. Le <a href=\"https:\/\/www.reddit.com\/r\/boston\/comments\/1llxho8\/call_to_action_on_tuesday_71\/#lightbox\" target=\"_blank\" rel=\"nofollow noopener\" title=\"https:\/\/www.reddit.com\/r\/boston\/comments\/1llxho8\/call_to_action_on_tuesday_71\/#lightbox\">slogan adopt\u00e9<\/a> indique la nature militante du mot d\u2019ordre : \u00abSick of ICE, sick of Trump\u00bb (l\u2019ICE et Trump nous rendent malades). L\u2019ICE est la police de l\u2019immigration, fer de lance des rafles contre les travailleurs \u00e9trangers ordonn\u00e9es par le pr\u00e9sident milliardaire.<\/p>\n<p class=\"sc-ksZaOG ehjQrN text-element\">La consigne est donc de se d\u00e9clarer malade pour une journ\u00e9e, afin de manifester sa solidarit\u00e9 avec les travailleurs sans-papiers menac\u00e9s d\u2019arrestation et d\u2019expulsion. \u00abNous devons nous unir pour ne pas laisser les immigrants dans la terreur et l\u2019isolement, proclame l\u2019appel. Ce n\u2019est pas uniquement l\u2019affaire des \u00e9trangers, toute personne qui b\u00e9n\u00e9ficie de la citoyennet\u00e9 a le devoir de s\u2019opposer.\u00bb<\/p>\n<p class=\"sc-ksZaOG ehjQrN text-element\">Cette journ\u00e9e de non-travail, <a href=\"https:\/\/www.instagram.com\/p\/DLh77ylReWE\/\" target=\"_blank\" rel=\"nofollow noopener\" title=\"https:\/\/www.instagram.com\/p\/DLh77ylReWE\/\">poursuit le communiqu\u00e9<\/a>, devait \u00eatre mise \u00e0 profit pour organiser la r\u00e9sistance : il \u00e9tait recommand\u00e9 de \u00absoutenir les immigr\u00e9s vendeurs de rue ou petits commer\u00e7ants\u00bb en achetant aupr\u00e8s d\u2019eux, de participer \u00e0 des marches ou des rassemblements, de faire des dons aux organisme<\/p>\n<p><script async src=\"\/\/www.instagram.com\/embed.js\"><\/script><\/p>\n","protected":false},"excerpt":{"rendered":"La consigne a commenc\u00e9 \u00e0 circuler sur les r\u00e9seaux sociaux il y a plusieurs semaines : mardi 1er&hellip;\n","protected":false},"author":2,"featured_media":220503,"comment_status":"","ping_status":"","sticky":false,"template":"","format":"standard","meta":{"footnotes":""},"categories":[1589],"tags":[11,75,73,1866,1061,12,1864,1865,1863,308],"class_list":{"0":"post-220502","1":"post","2":"type-post","3":"status-publish","4":"format-standard","5":"has-post-thumbnail","7":"category-etats-unis","8":"tag-actualites","9":"tag-donald-trump","10":"tag-etats-unis","11":"tag-etats-unis-damerique","12":"tag-immigration","13":"tag-news","14":"tag-united-states","15":"tag-united-states-of-america","16":"tag-us","17":"tag-usa"},"share_on_mastodon":{"url":"https:\/\/pubeurope.com\/@fr\/114783305319966524","error":""},"_links":{"self":[{"href":"https:\/\/www.europesays.com\/fr\/wp-json\/wp\/v2\/posts\/220502","targetHints":{"allow":["GET"]}}],"collection":[{"href":"https:\/\/www.europesays.com\/fr\/wp-json\/wp\/v2\/posts"}],"about":[{"href":"https:\/\/www.europesays.com\/fr\/wp-json\/wp\/v2\/types\/post"}],"author":[{"embeddable":true,"href":"https:\/\/www.europesays.com\/fr\/wp-json\/wp\/v2\/users\/2"}],"replies":[{"embeddable":true,"href":"https:\/\/www.europesays.com\/fr\/wp-json\/wp\/v2\/comments?post=220502"}],"version-history":[{"count":0,"href":"https:\/\/www.europesays.com\/fr\/wp-json\/wp\/v2\/posts\/220502\/revisions"}],"wp:featuredmedia":[{"embeddable":true,"href":"https:\/\/www.europesays.com\/fr\/wp-json\/wp\/v2\/media\/220503"}],"wp:attachment":[{"href":"https:\/\/www.europesays.com\/fr\/wp-json\/wp\/v2\/media?parent=220502"}],"wp:term":[{"taxonomy":"category","embeddable":true,"href":"https:\/\/www.europesays.com\/fr\/wp-json\/wp\/v2\/categories?post=220502"},{"taxonomy":"post_tag","embeddable":true,"href":"https:\/\/www.europesays.com\/fr\/wp-json\/wp\/v2\/tags?post=220502"}],"curies":[{"name":"wp","href":"https:\/\/api.w.org\/{rel}","templated":true}]}}