{"id":220505,"date":"2025-07-02T11:04:14","date_gmt":"2025-07-02T11:04:14","guid":{"rendered":"https:\/\/www.europesays.com\/fr\/220505\/"},"modified":"2025-07-02T11:04:14","modified_gmt":"2025-07-02T11:04:14","slug":"des-exportations-qui-ont-double-des-cours-de-bourse-qui-senvolent-de-1-100-lallemagne-redevient-un-geant-de-larmement","status":"publish","type":"post","link":"https:\/\/www.europesays.com\/fr\/220505\/","title":{"rendered":"Des exportations qui ont doubl\u00e9, des cours de Bourse qui s&rsquo;envolent de 1.100%&#8230; L&rsquo;Allemagne redevient un g\u00e9ant de l&rsquo;armement"},"content":{"rendered":"<p>Les tensions g\u00e9opolitiques et les conflits poussent les gouvernements \u00e0 lancer des plans de r\u00e9armement, stimulant ainsi l&rsquo;industrie militaire. En Allemagne, les grands noms du secteur affichent de solides r\u00e9sultats.<\/p>\n<p>L&rsquo;Europe se r\u00e9arme et l&rsquo;industrie allemande prosp\u00e8re. Selon un d\u00e9compte pr\u00e9liminaire de <a href=\"https:\/\/www.cnbc.com\/2025\/07\/02\/germanys-defense-industry-is-booming-heres-where-its-weapons-are-going.html\" target=\"_blank\" class=\"external_link\" rel=\"nofollow noopener\">CNBC<\/a>, la valeur totale des exportations d&rsquo;armement de l&rsquo;Allemagne atteindrait 13,2 milliards d&rsquo;euros en 2024, soit plus du double par rapport \u00e0 2020 (5,82 milliards), indique le m\u00e9dia am\u00e9ricain.<\/p>\n<p>Au premier trimestre 2025, les chiffres provisoires <a href=\"https:\/\/www.bundeswirtschaftsministerium.de\/Redaktion\/DE\/Pressemitteilungen\/2025\/20250403-ruestungsexportpolitik-quartal-1-2025.html\" target=\"_blank\" class=\"external_link\" rel=\"nofollow noopener\">du minist\u00e8re f\u00e9d\u00e9ral de l&rsquo;\u00c9conomie et de l&rsquo;\u00c9nergie<\/a> indiquent que l&rsquo;Allemagne a export\u00e9 pour 1,5 milliard d&rsquo;euros de mat\u00e9riels militaires, dont 846 millions pour des armes de guerre et 621 millions pour d&rsquo;autres types d&rsquo;\u00e9quipements.<\/p>\n<p>Le principal pays destinataire reste l&rsquo;Ukraine, qui a acquis pour 573 millions d&rsquo;euros d&rsquo;\u00e9quipements allemands. Depuis le d\u00e9but de la guerre en 2022, l&rsquo;Allemagne a notamment livr\u00e9 des v\u00e9hicules comme des chars Leopard ou des blind\u00e9s, des syst\u00e8mes de d\u00e9fense a\u00e9rienne <a href=\"https:\/\/www.bfmtv.com\/economie\/entreprises\/defense\/l-allemagne-confirme-avoir-envoye-a-l-ukraine-d-un-troisieme-systeme-antiaerien-patriot_AD-202407050552.html\" title=\"L&#039;Allemagne confirme avoir envoy\u00e9 \u00e0 l&#039;Ukraine un troisi\u00e8me syst\u00e8me antia\u00e9rien Patriot\" class=\"internal_link\" rel=\"nofollow noopener\" target=\"_blank\">type Patriot<\/a>, des syst\u00e8mes d&rsquo;artillerie, des drones ou encore des fusils d&rsquo;assaut.<\/p>\n<p>Selon le classement du SIPRI, l&rsquo;Allemagne se situait <a href=\"https:\/\/www.sipri.org\/sites\/default\/files\/2025-03\/fs_2503_at_2024_0.pdf\" target=\"_blank\" class=\"external_link\" rel=\"nofollow noopener\">au cinqui\u00e8me rang<\/a> des plus importants pays exportateurs de mat\u00e9riels militaires pour la p\u00e9riode 2020-2024, avec comme principaux clients l&rsquo;Ukraine, l&rsquo;\u00c9gypte et Isra\u00ebl.<\/p>\n<p>Au total pour le premier trimestre 2025, les \u00ab\u00a0pays partenaires proches\u00a0\u00bb (UE, Otan, proches Otan) ont repr\u00e9sent\u00e9 80% des exportations d&rsquo;armement. Le Qatar figure en deuxi\u00e8me position apr\u00e8s l&rsquo;Ukraine, suivi de l&rsquo;Estonie.<\/p>\n<p>Une manne pour les entreprises<\/p>\n<p>Les industriels allemands de l&rsquo;armement affichent de bons r\u00e9sultats en termes de chiffre d&rsquo;affaires, mais \u00e9galement de valorisation boursi\u00e8re.<\/p>\n<p>Ainsi, le conglom\u00e9rat Rheinmetall, qui produit aussi bien des blind\u00e9s que des munitions et <a href=\"https:\/\/www.bfmtv.com\/economie\/entreprises\/defense\/blindes-obus-munitions-et-maintenant-satellites-militaires-le-geant-allemand-rheinmetall-profite-a-plein-de-rearmement-de-l-europe_AV-202505120426.html\" title=\"Blind\u00e9s, obus, munitions et maintenant satellites militaires... Le g\u00e9ant allemand Rheinmetall profite \u00e0 plein du r\u00e9armement de l&#039;Europe\" class=\"internal_link\" rel=\"nofollow noopener\" target=\"_blank\">continue d&rsquo;\u00e9tendre son portefeuille de produits<\/a>, affichait un chiffre d&rsquo;affaires de 9,7 milliards d&rsquo;euros en 2024, dont plus d&rsquo;un tiers des ventes r\u00e9alis\u00e9es sur le march\u00e9 europ\u00e9en. Selon un d\u00e9compte de <a href=\"https:\/\/www.tradingsat.com\/actualites\/informations-societes\/star-de-la-bourse-allemande-le-groupe-de-defense-rheinmetall-bondit-apres-des-resultats-record-1134590.html\" target=\"_blank\" class=\"external_link\" rel=\"nofollow noopener\">BFM Bourse<\/a>, son action a \u00e9t\u00e9 multipli\u00e9e par 12 depuis le d\u00e9but de la guerre en Ukraine, soit une hausse de plus de 1.100%.<\/p>\n<p>Pour le motoriste MTU Aero Engines, l&rsquo;ann\u00e9e 2024 a \u00e9t\u00e9 marqu\u00e9e par une augmentation de 13% du chiffre d&rsquo;affaires pour la division militaire. Les activit\u00e9s militaires du motoriste, qui produit entre autres les r\u00e9acteurs de l&rsquo;Eurofighter et de <a href=\"https:\/\/www.bfmtv.com\/economie\/entreprises\/defense\/airbus-n-en-a-exporte-que-8-en-10-ans-pour-faire-la-promotion-du-remarquable-avion-a400m-emmanuel-macron-est-arrive-au-bourget-a-son-bord_AN-202506200443.html\" title=\"Airbus n&#039;en a export\u00e9 que 8 en 10 ans: pour faire la promotion du &quot;remarquable&quot; avion A400M, Emmanuel Macron est arriv\u00e9 au Bourget \u00e0 son bord\" class=\"internal_link\" rel=\"nofollow noopener\" target=\"_blank\">l&rsquo;A400M<\/a>, se concentrent majoritairement sur l&rsquo;Allemagne et l&rsquo;Europe, indique un porte-parole \u00e0 CNBC.<\/p>\n<p>M\u00eame son de cloche pour Hensoldt, ex-filiale d&rsquo;Airbus, qui fournit des syst\u00e8mes \u00e9lectroniques et des capteurs, dont 87,8% des revenus proviennent de clients europ\u00e9ens.<\/p>\n<p>Quant \u00e0 Renk, qui produit notamment des bo\u00eetes de vitesse pour des v\u00e9hicules ou des navires, 27% de son chiffre d&rsquo;affaires (sur un total de 1,14 milliard d&rsquo;euros) a \u00e9t\u00e9 g\u00e9n\u00e9r\u00e9 par des ventes \u00e0 l&rsquo;Allemagne, pr\u00e9cise CNBC.<\/p>\n<p>La filiale du g\u00e9ant de l&rsquo;acier Thyssenkrupp, sp\u00e9cialis\u00e9e dans les syst\u00e8mes de d\u00e9fense navals, exporte, elle aussi, majoritairement en Europe: <a href=\"https:\/\/www.bfmtv.com\/economie\/entreprises\/defense\/pour-mieux-proteger-le-flanc-nord-de-l-otan-l-allemagne-va-s-equiper-de-quatre-nouveaux-sous-marins_AD-202411290621.html\" title=\"Pour &quot;mieux prot\u00e9ger le flanc nord de l&#039;Otan&quot;, l&#039;Allemagne va s&#039;\u00e9quiper de quatre nouveaux sous-marins\" class=\"internal_link\" rel=\"nofollow noopener\" target=\"_blank\">Thyssenkrupp Marine System<\/a>s a r\u00e9alis\u00e9 pr\u00e8s de 60% de ses ventes en Europe occidentale, dont la moiti\u00e9 environ en Allemagne, en Autriche, au Lichtenstein et en Suisse.<\/p>\n<p>Ces bons r\u00e9sultats et la place croissante de l&rsquo;industrie allemande de l&rsquo;armement ont occasionn\u00e9 des controverses et des d\u00e9bats au niveau politique \u2013 notamment pour les ventes \u00e0 destination d&rsquo;Isra\u00ebl et de l&rsquo;Ukraine.<\/p>\n","protected":false},"excerpt":{"rendered":"Les tensions g\u00e9opolitiques et les conflits poussent les gouvernements \u00e0 lancer des plans de r\u00e9armement, stimulant ainsi l&rsquo;industrie&hellip;\n","protected":false},"author":2,"featured_media":220506,"comment_status":"","ping_status":"","sticky":false,"template":"","format":"standard","meta":{"footnotes":""},"categories":[1587],"tags":[11,672,1804,1805,1803,1777,674,1801,12,1802],"class_list":{"0":"post-220505","1":"post","2":"type-post","3":"status-publish","4":"format-standard","5":"has-post-thumbnail","7":"category-allemagne","8":"tag-actualites","9":"tag-allemagne","10":"tag-bundesrepublik-deutschland","11":"tag-de","12":"tag-deutschland","13":"tag-eu","14":"tag-europe","15":"tag-germany","16":"tag-news","17":"tag-republique-federale-dallemagne"},"share_on_mastodon":{"url":"https:\/\/pubeurope.com\/@fr\/114783313214596687","error":""},"_links":{"self":[{"href":"https:\/\/www.europesays.com\/fr\/wp-json\/wp\/v2\/posts\/220505","targetHints":{"allow":["GET"]}}],"collection":[{"href":"https:\/\/www.europesays.com\/fr\/wp-json\/wp\/v2\/posts"}],"about":[{"href":"https:\/\/www.europesays.com\/fr\/wp-json\/wp\/v2\/types\/post"}],"author":[{"embeddable":true,"href":"https:\/\/www.europesays.com\/fr\/wp-json\/wp\/v2\/users\/2"}],"replies":[{"embeddable":true,"href":"https:\/\/www.europesays.com\/fr\/wp-json\/wp\/v2\/comments?post=220505"}],"version-history":[{"count":0,"href":"https:\/\/www.europesays.com\/fr\/wp-json\/wp\/v2\/posts\/220505\/revisions"}],"wp:featuredmedia":[{"embeddable":true,"href":"https:\/\/www.europesays.com\/fr\/wp-json\/wp\/v2\/media\/220506"}],"wp:attachment":[{"href":"https:\/\/www.europesays.com\/fr\/wp-json\/wp\/v2\/media?parent=220505"}],"wp:term":[{"taxonomy":"category","embeddable":true,"href":"https:\/\/www.europesays.com\/fr\/wp-json\/wp\/v2\/categories?post=220505"},{"taxonomy":"post_tag","embeddable":true,"href":"https:\/\/www.europesays.com\/fr\/wp-json\/wp\/v2\/tags?post=220505"}],"curies":[{"name":"wp","href":"https:\/\/api.w.org\/{rel}","templated":true}]}}