{"id":220509,"date":"2025-07-02T11:06:11","date_gmt":"2025-07-02T11:06:11","guid":{"rendered":"https:\/\/www.europesays.com\/fr\/220509\/"},"modified":"2025-07-02T11:06:11","modified_gmt":"2025-07-02T11:06:11","slug":"lue-ajoutera-des-credits-carbone-internationaux-a-son-prochain-objectif-en-matiere-de-climat-02-07-2025-a-1243","status":"publish","type":"post","link":"https:\/\/www.europesays.com\/fr\/220509\/","title":{"rendered":"L&rsquo;UE ajoutera des cr\u00e9dits carbone internationaux \u00e0 son prochain objectif en mati\u00e8re de climat &#8211; 02\/07\/2025 \u00e0 12:43"},"content":{"rendered":"<p>\n *\n<\/p>\n<p>\n L&rsquo;UE propose une r\u00e9duction des \u00e9missions de 90% d&rsquo;ici 2040<br \/>\navec<br \/>\ndes marges de manoeuvre\n<\/p>\n<p>\n *\n<\/p>\n<p>\n Les pr\u00e9c\u00e9dents objectifs climatiques de l&rsquo;UE reposaient<br \/>\nuniquement sur les r\u00e9ductions d&rsquo;\u00e9missions nationales\n<\/p>\n<p>\n *\n<\/p>\n<p>\n L&rsquo;Europe est le continent qui se r\u00e9chauffe le plus<br \/>\nrapidement au<br \/>\nmonde\n<\/p>\n<p>\n (Actualisation avec la publication de la proposition par la<br \/>\nCommission europ\u00e9enne)\n<\/p>\n<p>\n par Kate Abnett\n<\/p>\n<p>\n La Commission<br \/>\neurop\u00e9enne a propos\u00e9 mercredi un objectif climatique pour 2040<br \/>\nqui, pour la premi\u00e8re fois, permettra aux pays d&rsquo;utiliser les<br \/>\ncr\u00e9dits carbone des pays en d\u00e9veloppement pour atteindre une<br \/>\npart limit\u00e9e de leur objectif en mati\u00e8re d&rsquo;\u00e9missions.\n<\/p>\n<p>\n L&rsquo;organe ex\u00e9cutif de l&rsquo;Union europ\u00e9enne a propos\u00e9 un<br \/>\nobjectif juridiquement contraignant visant \u00e0 r\u00e9duire les<br \/>\n\u00e9missions nettes de gaz \u00e0 effet de serre de 90% d&rsquo;ici 2040 par<br \/>\nrapport \u00e0 1990.\n<\/p>\n<p>\n Le but est de maintenir l&rsquo;UE sur la voie de son<br \/>\nprincipal objectif climatique, \u00e0 savoir atteindre des \u00e9missions<br \/>\nnettes nulles d&rsquo;ici 2050.\n<\/p>\n<p>\n En raison des pressions exerc\u00e9es par diff\u00e9rents<br \/>\ngouvernements dont ceux de la France, l&rsquo;Allemagne, l&rsquo;Italie, la<br \/>\nPologne et la R\u00e9publique tch\u00e8que, la Commission a toutefois<br \/>\npropos\u00e9 d&rsquo;accorder une certaine flexibilit\u00e9 qui assouplirait<br \/>\nl&rsquo;objectif de 90% des \u00e9missions pour les industries europ\u00e9ennes.\n<\/p>\n<p>\n Parmi les principales \u00e9conomies du monde, l&rsquo;Union europ\u00e9enne<br \/>\na d\u00e9velopp\u00e9 les objectifs environnementaux les plus ambitieux.\n<\/p>\n<p>\n Jusqu&rsquo;\u00e0 trois points de pourcentage de l&rsquo;objectif de<br \/>\n2040 pourront \u00eatre couverts par des cr\u00e9dits carbone achet\u00e9s \u00e0<br \/>\nd&rsquo;autres pays par le biais d&rsquo;un march\u00e9 soutenu par l&rsquo;Onu, ce qui<br \/>\nr\u00e9duirait l&rsquo;effort demand\u00e9 aux industries nationales.\n<\/p>\n<p>\n Les cr\u00e9dits carbone seraient introduits progressivement<br \/>\n\u00e0 partir de 2036. L&rsquo;UE proposera une l\u00e9gislation l&rsquo;an prochain<br \/>\npour \u00e9tablir des crit\u00e8res de qualit\u00e9 que devront respecter les<br \/>\ncr\u00e9dits, ainsi que des r\u00e8gles sur les acheteurs.\n<\/p>\n<p>\n Ce nouvel objectif environnemental \u00ab\u00a0donne un cap clair \u00e0<br \/>\nl&rsquo;industrie et aux Etats membres, et soutient leurs plans<br \/>\nd&rsquo;investissement\u00a0\u00bb, a affirm\u00e9 le commissaire europ\u00e9en charg\u00e9 de<br \/>\nl&rsquo;action pour le climat Wopke Hoestra dans un communiqu\u00e9 de<br \/>\npresse.\n<\/p>\n<p>\n \u00ab\u00a0Nous restons dans la course pour une transition propre.<br \/>\nNous savons pourquoi nous le faisons &#8211; pour des raisons<br \/>\n\u00e9conomiques, de s\u00e9curit\u00e9 et g\u00e9opolitiques\u00a0\u00bb, a-t-il aussi<br \/>\nd\u00e9clar\u00e9.\n<\/p>\n<p>\n Les pays b\u00e9n\u00e9ficieront aussi d&rsquo;une plus grande flexibilit\u00e9<br \/>\npour choisir quels secteurs de leur \u00e9conomie contribueront le<br \/>\nplus \u00e0 l&rsquo;objectif de 2040.\n<\/p>\n<p>\n TENSIONS\n<\/p>\n<p>\n L&rsquo;Europe est le continent qui se r\u00e9chauffe le plus<br \/>\nrapidement au monde en raison du changement climatique.\n<\/p>\n<p>\n Les politiques ambitieuses de l&rsquo;UE pour lutter contre la<br \/>\nhausse des temp\u00e9ratures ont cependant attis\u00e9 les tensions au<br \/>\nsein du bloc.\n<\/p>\n<p>\n Alors que la Commission europ\u00e9enne a pr\u00e9sent\u00e9 son programme<br \/>\nclimatique comme un moyen d&rsquo;am\u00e9liorer la comp\u00e9titivit\u00e9 et la<br \/>\ns\u00e9curit\u00e9 de l&rsquo;Europe, certains gouvernements et parlementaires<br \/>\naffirment que les industries qui souffrent des droits de douane<br \/>\nam\u00e9ricains et des co\u00fbts \u00e9lev\u00e9s de l&rsquo;\u00e9nergie ne peuvent pas se<br \/>\npermettre des r\u00e8gles plus strictes en mati\u00e8re d&rsquo;\u00e9missions.\n<\/p>\n<p>\n Les conseillers scientifiques de l&rsquo;UE en mati\u00e8re de climat<br \/>\nse sont oppos\u00e9s \u00e0 ce que ces cr\u00e9dits soient pris en compte dans<br \/>\nle cadre de l&rsquo;objectif fix\u00e9 pour 2040. Selon eux, l&rsquo;achat de<br \/>\ncr\u00e9dits carbone \u00e9trangers d\u00e9tournerait les investissements des<br \/>\nindustries locales.\n<\/p>\n<p>\n Les cr\u00e9dits carbone sont g\u00e9n\u00e9r\u00e9s par des projets qui<br \/>\nr\u00e9duisent les \u00e9missions de CO2 \u00e0 l&rsquo;\u00e9tranger et permettent de<br \/>\nlever des fonds pour leurs financements.\n<\/p>\n<p>\n Toutefois, des enqu\u00eates ont montr\u00e9 que certains cr\u00e9dits<br \/>\nn&rsquo;apportaient pas les avantages environnementaux qu&rsquo;ils<br \/>\npr\u00e9tendaient.\n<\/p>\n<p>\n Les pays de l&rsquo;UE et les parlementaires doivent n\u00e9gocier et<br \/>\napprouver l&rsquo;objectif 2040. Ce processus l\u00e9gislatif peut prendre<br \/>\ndes ann\u00e9es, mais l&rsquo;UE a jusqu&rsquo;\u00e0 la mi-septembre pour soumettre \u00e0<br \/>\nl&rsquo;Onu un nouvel objectif climatique pour 2035, qui, selon la<br \/>\nCommission, devrait \u00eatre d\u00e9riv\u00e9 de l&rsquo;objectif 2040.\n<\/p>\n<p>\n (Avec Michel Rose; version fran\u00e7aise Camille Raynaud et<br \/>\nFlorence Lo\u00e8ve, \u00e9dit\u00e9 par Blandine H\u00e9nault)<\/p>\n","protected":false},"excerpt":{"rendered":"* L&rsquo;UE propose une r\u00e9duction des \u00e9missions de 90% d&rsquo;ici 2040 avec des marges de manoeuvre * Les&hellip;\n","protected":false},"author":2,"featured_media":2486,"comment_status":"","ping_status":"","sticky":false,"template":"","format":"standard","meta":{"footnotes":""},"categories":[1586],"tags":[400,11,398,408,405,1777,674,1779,1011,27,403,402,399,404,12,25,401,406,1778,364,407],"class_list":{"0":"post-220509","1":"post","2":"type-post","3":"status-publish","4":"format-standard","5":"has-post-thumbnail","7":"category-europe","8":"tag-action-cac-40","9":"tag-actualites","10":"tag-bourse-de-paris","11":"tag-boursorama","12":"tag-cotations","13":"tag-eu","14":"tag-europe","15":"tag-european-union","16":"tag-fr","17":"tag-france","18":"tag-indices-devises","19":"tag-investir","20":"tag-investissement","21":"tag-marche-boursier","22":"tag-news","23":"tag-republique-francaise","24":"tag-sicav","25":"tag-trackers","26":"tag-ue","27":"tag-union-europeenne","28":"tag-warrants"},"share_on_mastodon":{"url":"https:\/\/pubeurope.com\/@fr\/114783321064222248","error":""},"_links":{"self":[{"href":"https:\/\/www.europesays.com\/fr\/wp-json\/wp\/v2\/posts\/220509","targetHints":{"allow":["GET"]}}],"collection":[{"href":"https:\/\/www.europesays.com\/fr\/wp-json\/wp\/v2\/posts"}],"about":[{"href":"https:\/\/www.europesays.com\/fr\/wp-json\/wp\/v2\/types\/post"}],"author":[{"embeddable":true,"href":"https:\/\/www.europesays.com\/fr\/wp-json\/wp\/v2\/users\/2"}],"replies":[{"embeddable":true,"href":"https:\/\/www.europesays.com\/fr\/wp-json\/wp\/v2\/comments?post=220509"}],"version-history":[{"count":0,"href":"https:\/\/www.europesays.com\/fr\/wp-json\/wp\/v2\/posts\/220509\/revisions"}],"wp:featuredmedia":[{"embeddable":true,"href":"https:\/\/www.europesays.com\/fr\/wp-json\/wp\/v2\/media\/2486"}],"wp:attachment":[{"href":"https:\/\/www.europesays.com\/fr\/wp-json\/wp\/v2\/media?parent=220509"}],"wp:term":[{"taxonomy":"category","embeddable":true,"href":"https:\/\/www.europesays.com\/fr\/wp-json\/wp\/v2\/categories?post=220509"},{"taxonomy":"post_tag","embeddable":true,"href":"https:\/\/www.europesays.com\/fr\/wp-json\/wp\/v2\/tags?post=220509"}],"curies":[{"name":"wp","href":"https:\/\/api.w.org\/{rel}","templated":true}]}}