{"id":22051,"date":"2025-04-13T11:34:17","date_gmt":"2025-04-13T11:34:17","guid":{"rendered":"https:\/\/www.europesays.com\/fr\/22051\/"},"modified":"2025-04-13T11:34:17","modified_gmt":"2025-04-13T11:34:17","slug":"marseille-ces-nouvelles-amendes-peuvent-tomber-voici-les-infractions-concernees","status":"publish","type":"post","link":"https:\/\/www.europesays.com\/fr\/22051\/","title":{"rendered":"Marseille. Ces nouvelles amendes peuvent tomber, voici les infractions concern\u00e9es"},"content":{"rendered":"<p>            Par<br \/>\n        <strong><br \/>\n            <a href=\"https:\/\/actu.fr\/auteur\/fabien-binacchi\" title=\"Consulter tous les articles de Fabien Binacchi\" rel=\"nofollow noopener\" target=\"_blank\">Fabien Binacchi<\/a><br \/>\n        <\/strong><\/p>\n<p>        Publi\u00e9 le<\/p>\n<p>            13 avr. 2025 \u00e0 9h48        <\/p>\n<p>Le but est de \u00ab\u2009d\u00e9sengorger les tribunaux\u2009\u00bb. Depuis le 7\u00a0avril, dans les zones couvertes par ceux de <a href=\"https:\/\/actu.fr\/marseille\/\" rel=\"nofollow noopener\" target=\"_blank\">Marseille<\/a>, <a href=\"https:\/\/actu.fr\/provence-alpes-cote-d-azur\/aix-en-provence_13001\" rel=\"nofollow noopener\" target=\"_blank\">Aix-en-Provence<\/a> et neuf autres villes de France, l\u2019\u00e9ventail des d\u00e9lits qui peuvent faire l\u2019objet d\u2019une <strong>amende forfaitaire d\u00e9lictuelle (AFD)<\/strong> s\u2019est \u00e9largi.<\/p>\n<p class=\" wall-content\">Ce dispositif, qui fait l\u2019objet de vives critiques, permet aux agents des forces de l\u2019ordre de d\u00e9finir une sanction p\u00e9nale <strong>sans passer par la case proc\u00e8s.<\/strong><\/p>\n<p class=\" wall-content\">Voici les nouvelles infractions cibl\u00e9es.<\/p>\n<p>Inscrites sur le casier judiciaire<\/p>\n<p class=\" wall-content\">C\u2019est une exp\u00e9rimentation qui est lanc\u00e9e \u00ab\u2009apr\u00e8s plusieurs mois de d\u00e9veloppements techniques et de cadrage juridique dans le cadre d\u2019un travail interminist\u00e9riel\u2009\u00bb, indique le minist\u00e8re de la Justice, dans une r\u00e9ponse \u00e0 actu Marseille.<\/p>\n<p class=\" wall-content\">Depuis le 7\u00a0avril, <strong>les policiers et les gendarmes<\/strong> sur les ressorts des tribunaux judiciaires de Marseille et Aix-en-Provence, mais aussi Rennes, Lyon, Toulouse, Montpellier, Nice, Bobigny, Lille, Douai et Cr\u00e9teil peuvent utiliser l\u2019AFD pour de nouveaux d\u00e9lits. Le dispositif est test\u00e9 l\u00e0 \u00ab\u2009avant une \u00e9ventuelle g\u00e9n\u00e9ralisation \u00e0 l\u2019ensemble du territoire national\u2009\u00bb, pr\u00e9cise encore le minist\u00e8re.<\/p>\n<p class=\" wall-content\">Cette amende forfaitaire d\u00e9lictuelle consiste \u00e0 condamner sans proc\u00e8s au tribunal correctionnel de petites infractions, commises par <strong>des personnes majeures prises en flagrant d\u00e9lit.<\/strong> Elle est<strong> inscrite sur le casier judiciaire.<\/strong><\/p>\n<p>Vid\u00e9os : en ce moment sur ActuAlcool, taxi et outrage sexiste et sexuel<\/p>\n<p class=\" wall-content\">Le minist\u00e8re de la Justice pr\u00e9cise \u00e0 actu Marseille que l\u2019article\u00a025 de la loi n\u00b0\u00a02023-22 du 24\u00a0janvier 2023 d\u2019orientation et de programmation du minist\u00e8re de l\u2019Int\u00e9rieur l\u2019autorise pour les infractions suivantes\u2009:<\/p>\n<ul class=\" wall-content\">\n<li><strong>vente \u00e0 la sauvette aggrav\u00e9e<\/strong> (500\u00a0euros),<\/li>\n<li><strong>exercice ill\u00e9gal de l\u2019activit\u00e9 d\u2019exploitant de taxi,<\/strong> de prise en charge d\u2019un client sans justificatif de r\u00e9servation, exploitation de voiture de transport sans inscription au registre (500\u00a0euros),<\/li>\n<li><strong>outrage sexiste et sexuel aggrav\u00e9<\/strong> (300\u00a0euros).<\/li>\n<\/ul>\n<p class=\" wall-content\">L\u2019article\u00a058 de la loi n\u00b0\u00a02019-222 du 23\u00a0mars 2019 de programmation 2018-2022 et de r\u00e9forme pour la justice a \u00e9galement pr\u00e9vu la possibilit\u00e9 du recours \u00e0 l\u2019AFD en cas de\u2009:<\/p>\n<ul class=\" wall-content\">\n<li><strong>vente d\u2019alcool aux mineurs<\/strong> (300\u00a0euros).<\/li>\n<\/ul>\n<p>Critiqu\u00e9 par la D\u00e9fenseure des droits<\/p>\n<p class=\" wall-content\">Ces nouvelles infractions s\u2019ajoutent \u00e0 celles d\u00e9j\u00e0 cibl\u00e9es, qui concernent notamment des d\u00e9lits routiers et l\u2019usage de stup\u00e9fiants, par ce dispositif tr\u00e8s critiqu\u00e9.<\/p>\n<p class=\" wall-content\">En 2023, la D\u00e9fenseure des droits, une autorit\u00e9 administrative ind\u00e9pendante, dont le ou la responsable est nomm\u00e9(e) par le pr\u00e9sident de la R\u00e9publique, avait <strong>\u00ab\u2009recommand\u00e9 de mettre fin \u00e0 la proc\u00e9dure de l\u2019amende forfaitaire d\u00e9lictuelle\u2009\u00bb.<\/strong><\/p>\n<p class=\" wall-content\">Elle mettait notamment en avant \u00ab\u2009un risque d\u2019arbitraire\u2009\u00bb, \u00ab\u2009des erreurs de qualification des faits\u2009\u00bb et \u00ab\u2009un mode de contestation portant atteinte au droit au recours\u2009\u00bb.<\/p>\n<p class=\" wall-content\">Suivez toute l\u2019actualit\u00e9 de vos villes et m\u00e9dias favoris en vous inscrivant \u00e0 <a href=\"https:\/\/moncompte.actu.fr\" title=\"D\u00e9couvez Mon Actu\" rel=\"nofollow noopener\" data-trk=\"{&quot;cta&quot;:{&quot;action&quot;:&quot;https:\\\/\\\/moncompte.actu.fr&quot;,&quot;category&quot;:&quot;mon compte&quot;,&quot;from&quot;:&quot;article footer&quot;,&quot;name&quot;:&quot;Mon actu&quot;,&quot;type&quot;:&quot;cta&quot;}}\" target=\"_blank\">Mon Actu<\/a>.<\/p>\n","protected":false},"excerpt":{"rendered":"Par Fabien Binacchi Publi\u00e9 le 13 avr. 2025 \u00e0 9h48 Le but est de \u00ab\u2009d\u00e9sengorger les tribunaux\u2009\u00bb. Depuis&hellip;\n","protected":false},"author":2,"featured_media":22052,"comment_status":"","ping_status":"","sticky":false,"template":"","format":"standard","meta":{"footnotes":""},"categories":[2814],"tags":[1111,11,7622,1777,674,1011,27,303,884,12,882,25,104],"class_list":{"0":"post-22051","1":"post","2":"type-post","3":"status-publish","4":"format-standard","5":"has-post-thumbnail","7":"category-marseille","8":"tag-actu","9":"tag-actualites","10":"tag-amendes","11":"tag-eu","12":"tag-europe","13":"tag-fr","14":"tag-france","15":"tag-justice","16":"tag-marseille","17":"tag-news","18":"tag-provence-alpes-cote-dazur","19":"tag-republique-francaise","20":"tag-societe"},"share_on_mastodon":{"url":"https:\/\/pubeurope.com\/@fr\/114330446350773369","error":""},"_links":{"self":[{"href":"https:\/\/www.europesays.com\/fr\/wp-json\/wp\/v2\/posts\/22051","targetHints":{"allow":["GET"]}}],"collection":[{"href":"https:\/\/www.europesays.com\/fr\/wp-json\/wp\/v2\/posts"}],"about":[{"href":"https:\/\/www.europesays.com\/fr\/wp-json\/wp\/v2\/types\/post"}],"author":[{"embeddable":true,"href":"https:\/\/www.europesays.com\/fr\/wp-json\/wp\/v2\/users\/2"}],"replies":[{"embeddable":true,"href":"https:\/\/www.europesays.com\/fr\/wp-json\/wp\/v2\/comments?post=22051"}],"version-history":[{"count":0,"href":"https:\/\/www.europesays.com\/fr\/wp-json\/wp\/v2\/posts\/22051\/revisions"}],"wp:featuredmedia":[{"embeddable":true,"href":"https:\/\/www.europesays.com\/fr\/wp-json\/wp\/v2\/media\/22052"}],"wp:attachment":[{"href":"https:\/\/www.europesays.com\/fr\/wp-json\/wp\/v2\/media?parent=22051"}],"wp:term":[{"taxonomy":"category","embeddable":true,"href":"https:\/\/www.europesays.com\/fr\/wp-json\/wp\/v2\/categories?post=22051"},{"taxonomy":"post_tag","embeddable":true,"href":"https:\/\/www.europesays.com\/fr\/wp-json\/wp\/v2\/tags?post=22051"}],"curies":[{"name":"wp","href":"https:\/\/api.w.org\/{rel}","templated":true}]}}