{"id":220514,"date":"2025-07-02T11:09:13","date_gmt":"2025-07-02T11:09:13","guid":{"rendered":"https:\/\/www.europesays.com\/fr\/220514\/"},"modified":"2025-07-02T11:09:13","modified_gmt":"2025-07-02T11:09:13","slug":"la-france-vient-de-vivre-son-2eme-mois-de-juin-le-plus-chaud-de-lhistoire","status":"publish","type":"post","link":"https:\/\/www.europesays.com\/fr\/220514\/","title":{"rendered":"La France vient de vivre son 2\u00e8me mois de juin le plus chaud de l\u2019Histoire"},"content":{"rendered":"<p><img loading=\"lazy\" decoding=\"async\" alt=\"\u00a9Shutterstock - Avec les temp\u00e9ratures caniculaires, le mois de juin 2025 et le 2\u00e8me mois le plus chaud de l'Histoire, jamais enregistr\u00e9 en France.\" data-zoom-src=\"https:\/\/www.europesays.com\/fr\/wp-content\/uploads\/2025\/07\/initial-shutterstock-2646746171.jpg\" data-zoomable=\"\" height=\"702\" src=\"https:\/\/www.europesays.com\/fr\/wp-content\/uploads\/2025\/07\/initial-shutterstock-2646746171.jpg\" width=\"1248\"\/>  <\/p>\n<p class=\"article-desc\">\u00a9Shutterstock &#8211; Avec les temp\u00e9ratures caniculaires, le mois de juin 2025 et le 2\u00e8me mois le plus chaud de l&rsquo;Histoire, jamais enregistr\u00e9 en France. <\/p>\n<p>Depuis plusieurs jours, la France suffoque. 35, 37 voire 40 degr\u00e9s, certaines zones comme le <a href=\"https:\/\/mesinfos.fr\/provence-alpes-cote-d-azur\/vaucluse-vigilance-orange-canicule-et-jaune-orages-avec-pluie-inondation-et-crues-225751.html\" rel=\"noopener\" target=\"_blank\">Vaucluse<\/a>, le <a href=\"https:\/\/mesinfos.fr\/auvergne-rhone-alpes\/alerte-canicule-en-auvergne-rhone-alpes-un-premier-episode-precoce-en-2025-224797.html\" rel=\"noopener\" target=\"_blank\">Rh\u00f4ne<\/a> ou encore dans les <a href=\"https:\/\/mesinfos.fr\/13000-marseille\/marseille-active-son-plan-canicule-pour-l-ete-2025-224732.html\" rel=\"noopener\" target=\"_blank\">Bouches-du-Rh\u00f4ne<\/a> enregistrent des <strong>records de chaleur<\/strong>. Ces temp\u00e9ratures \u00e9rigent le <strong>mois de juin 2025 <\/strong>au rang de 2\u00e8me plus <strong>chaud <\/strong>de l&rsquo;Histoire. <\/p>\n<p>La canicule est bien install\u00e9e depuis ce week-end dans <strong>84 d\u00e9partements<\/strong>, dont quatre encore en <a href=\"https:\/\/mesinfos.fr\/canicule-vigilance-rouge-dans-16-departements-ce-que-ca-change-225568.html\" rel=\"noopener\" target=\"_blank\">vigilance rouge<\/a> ce 2 juillet au matin (Aube, Cher, Loiret, Yonne) <\/p>\n<p>Pourquoi fait-il aussi chaud\u00a0? <\/p>\n<p>Ces derni\u00e8res semaines, les fortes temp\u00e9ratures sont dues \u00e0 des conditions m\u00e9t\u00e9orologiques pr\u00e9cises : un <a href=\"https:\/\/mesinfos.fr\/canicule-quelles-seront-les-temperatures-cette-semaine-225494.html\" rel=\"noopener\" target=\"_blank\">d\u00f4me de chaleur<\/a>. Un <strong>anticyclone <\/strong>install\u00e9 au-dessus de l\u2019Europe de l\u2019Ouest centralise de fortes pressions dans l\u2019atmosph\u00e8re. Une masse d\u2019<strong>air chaud<\/strong> est ainsi bloqu\u00e9e, ce qui contribue \u00e0 faire <strong>grimper les temp\u00e9ratures<\/strong>. D\u2019o\u00f9 le terme \u00ab d\u00f4me \u00bb. <\/p>\n<p>L\u2019anticyclone favorise aussi la remont\u00e9e de l\u2019air chaud et sec provenant d\u2019Afrique vers l\u2019Europe de l\u2019Ouest. \u00c0 cela s\u2019ajoutent les<strong> temp\u00e9ratures anormalement \u00e9lev\u00e9es de la M\u00e9diterran\u00e9e<\/strong>. En effet, cette derni\u00e8re a atteint plus de 26\u202f\u00b0C, selon les donn\u00e9es relev\u00e9es par le programme europ\u00e9en Copernicus et relay\u00e9es par M\u00e9t\u00e9o-France. <\/p>\n<p>Ces temp\u00e9ratures sont jusqu\u2019\u00e0 <strong>5 degr\u00e9s<\/strong>, comme dans le golfe du Lion ou les Bal\u00e9ares, sup\u00e9rieures aux normales du mois de juin. Cela emp\u00eache donc la <strong>M\u00e9diterran\u00e9e <\/strong>de jouer son r\u00f4le habituel de mod\u00e9rateur de la temp\u00e9rature des r\u00e9gions \u00e0 proximit\u00e9.<\/p>\n<p>  Une canicule amplifi\u00e9e par le r\u00e9chauffement climatique <\/p>\n<p>L&rsquo;anomalie de temp\u00e9rature a atteint +3,3\u00b0C contre <strong>+3,6\u00b0C en juin 2003<\/strong>, a pr\u00e9cis\u00e9 l\u2019entourage de la ministre de la Transition \u00e9cologique Agn\u00e8s Panier-Runacher. <\/p>\n<p>\u00ab\u00a0Juin 2025 devient le deuxi\u00e8me mois de juin le plus chaud depuis le d\u00e9but des mesures en 1900, derri\u00e8re le mois de juin 2003\u00a0\u00bb, a relev\u00e9 la ministre. <\/p>\n<p>Elle a \u00e9galement indiqu\u00e9 que <strong>deux personnes<\/strong> sont mortes en France \u00ab\u00a0\u00e0 la suite de malaises li\u00e9s \u00e0 la chaleur.\u00a0\u00bb\u00a0 <\/p>\n<p>Le <strong>minist\u00e8re de la Transition \u00e9cologique<\/strong> a \u00e9galement enregistr\u00e9 pr\u00e8s de <strong>300 personnes <\/strong>prises en charge par les pompiers dans ce contexte de canicule.\u00a0 <\/p>\n<p>D\u2019apr\u00e8s le <strong>Groupe d&rsquo;experts intergouvernemental sur l&rsquo;\u00e9volution du climat (GIEC) <\/strong>pr\u00e9dit d\u2019ailleurs dans son dernier rapport, publi\u00e9 en mars 2023, que les canicules seront de plus en plus fr\u00e9quentes et intenses.\u00a0<\/p>\n","protected":false},"excerpt":{"rendered":"\u00a9Shutterstock &#8211; Avec les temp\u00e9ratures caniculaires, le mois de juin 2025 et le 2\u00e8me mois le plus chaud&hellip;\n","protected":false},"author":2,"featured_media":220515,"comment_status":"","ping_status":"","sticky":false,"template":"","format":"standard","meta":{"footnotes":""},"categories":[4],"tags":[11,6698,4734,1129,1011,27,34218,12,25],"class_list":{"0":"post-220514","1":"post","2":"type-post","3":"status-publish","4":"format-standard","5":"has-post-thumbnail","7":"category-france","8":"tag-actualites","9":"tag-canicule","10":"tag-changement-climatique","11":"tag-climat","12":"tag-fr","13":"tag-france","14":"tag-mu00e9tu00e9o-france","15":"tag-news","16":"tag-republique-francaise"},"share_on_mastodon":{"url":"https:\/\/pubeurope.com\/@fr\/114783333066171470","error":""},"_links":{"self":[{"href":"https:\/\/www.europesays.com\/fr\/wp-json\/wp\/v2\/posts\/220514","targetHints":{"allow":["GET"]}}],"collection":[{"href":"https:\/\/www.europesays.com\/fr\/wp-json\/wp\/v2\/posts"}],"about":[{"href":"https:\/\/www.europesays.com\/fr\/wp-json\/wp\/v2\/types\/post"}],"author":[{"embeddable":true,"href":"https:\/\/www.europesays.com\/fr\/wp-json\/wp\/v2\/users\/2"}],"replies":[{"embeddable":true,"href":"https:\/\/www.europesays.com\/fr\/wp-json\/wp\/v2\/comments?post=220514"}],"version-history":[{"count":0,"href":"https:\/\/www.europesays.com\/fr\/wp-json\/wp\/v2\/posts\/220514\/revisions"}],"wp:featuredmedia":[{"embeddable":true,"href":"https:\/\/www.europesays.com\/fr\/wp-json\/wp\/v2\/media\/220515"}],"wp:attachment":[{"href":"https:\/\/www.europesays.com\/fr\/wp-json\/wp\/v2\/media?parent=220514"}],"wp:term":[{"taxonomy":"category","embeddable":true,"href":"https:\/\/www.europesays.com\/fr\/wp-json\/wp\/v2\/categories?post=220514"},{"taxonomy":"post_tag","embeddable":true,"href":"https:\/\/www.europesays.com\/fr\/wp-json\/wp\/v2\/tags?post=220514"}],"curies":[{"name":"wp","href":"https:\/\/api.w.org\/{rel}","templated":true}]}}