{"id":220516,"date":"2025-07-02T11:10:29","date_gmt":"2025-07-02T11:10:29","guid":{"rendered":"https:\/\/www.europesays.com\/fr\/220516\/"},"modified":"2025-07-02T11:10:29","modified_gmt":"2025-07-02T11:10:29","slug":"trophee-de-golf-eklya-school-of-business-le-grand-huit","status":"publish","type":"post","link":"https:\/\/www.europesays.com\/fr\/220516\/","title":{"rendered":"Troph\u00e9e de golf Eklya School of Business. Le grand huit !"},"content":{"rendered":"<p>\t\t\t\t<img fetchpriority=\"high\" decoding=\"async\" width=\"900\" height=\"600\" src=\"https:\/\/www.europesays.com\/fr\/wp-content\/uploads\/2025\/07\/01-EKLYA-MS.jpg\" alt=\"\" title=\"01 EKLYA MS\"   class=\"wp-image-162063\"\/><\/p>\n<p>Photos Saby Maviel pour Lyon People<\/p>\n<p><strong>Texte\u00a0: Morgan Couturier \u2013<\/strong> Soleil et chaleur au rendez-vous, toutes les conditions \u00e9taient r\u00e9unies pour permettre \u00e0 Eklya School of Business de signer une 8\u00e8me \u00e9dition m\u00e9morable. Avec pr\u00e8s de 80 participants au d\u00e9part du parcours des Sangliers, le traditionnel troph\u00e9e de golf de l\u2019\u00e9cole de commerce de la CCI Lyon M\u00e9tropole Saint-Etienne Roanne a ainsi prouv\u00e9 qu\u2019il demeurait un \u00e9v\u00e8nement \u00e0 ne pas manquer.<\/p>\n<p>La r\u00e9plique a beau \u00eatre vieille comme le monde, la voici v\u00e9rifi\u00e9e\u00a0: apr\u00e8s la pluie, vient toujours le beau temps. L\u2019occasion d\u2019oublier les pr\u00e9cipitations de l\u2019an pass\u00e9 et de renouer, gr\u00e2ce au soleil, avec cette date m\u00ealant convivialit\u00e9, comp\u00e9tition et engagement solidaire.<\/p>\n<p><a href=\"https:\/\/www.lyonpeople.com\/actualites-lyon\/actualites-sportives\/trophee-de-golf-eklya-school-of-business-le-grand-huit-2025-07-02.html\/attachment\/35-eklya-ms\" rel=\"attachment wp-att-162064 nofollow noopener\" target=\"_blank\"><img loading=\"lazy\" decoding=\"async\" class=\"alignnone size-full wp-image-162064\" src=\"data:image\/svg+xml,%3Csvg%20xmlns=\" http:=\"\" alt=\"\" width=\"900\" height=\"600\" data-lazy- data-lazy- data-lazy-src=\"https:\/\/www.europesays.com\/fr\/wp-content\/uploads\/2025\/07\/35-EKLYA-MS.jpg\"\/><\/a><\/p>\n<p>Un triptyque gagnant pour Eklya School of Business et son directeur, <strong>S\u00e9bastien Arcos<\/strong>, cette 8\u00e8me \u00e9dition ayant r\u00e9uni les \u00e9l\u00e9ments en faveur du beau jeu. Tout sauf une co\u00efncidence, diront certains, l\u2019opus 2025 ayant demand\u00e9 \u00e0\u2026 <strong>Louis Arcos<\/strong> (ci-dessus) et son comparse <strong>Baptiste Excoffier<\/strong> de piloter l\u2019organisation de cette comp\u00e9tition, prise d\u2019assaut aux beaux jours.<\/p>\n<p>Il faut dire qu\u2019avec les vertes pelouses du Golf Club de Lyon et de son directeur <strong>Damien de Breuvand<\/strong>, pour d\u00e9cor de jeu, les participants n\u2019ont gu\u00e8re d\u2019excuse \u00e0 avancer pour se d\u00e9filer. D\u2019autant que l\u2019\u00e9cole de commerce, de marketing et du luxe le sait, plus un \u00e9v\u00e9nement est populaire, plus son niveau s\u2019\u00e9l\u00e8ve. La qualit\u00e9 des r\u00e9compenses aussi.<\/p>\n<p>Et ce, sans oublier ses retomb\u00e9es, alors que le troph\u00e9e de golf est rest\u00e9 fid\u00e8le \u00e0 l\u2019association France Alzheimer Rh\u00f4ne de <strong>Christelle Bardet<\/strong>. Le tout, jou\u00e9 sous les yeux de <strong>Philippe Valentin<\/strong>, pr\u00e9sident de la CCI Lyon M\u00e9tropole Saint-Etienne Roanne, prompt \u00e0 motiver les quelque 80 participants. A les chauffer, s\u2019il le fallait. Quoique ! En huit \u00e9ditions, Eklya School of Business l\u2019a prouv\u00e9, on peut compter sur elle pour faire le show\u00a0!<\/p>\n<p><strong>PALMAR\u00c8S<\/strong><\/p>\n<p><strong>R\u00e9sultats bruts\u00a0:<\/strong><\/p>\n<p>1\/ Christophe Dutel et J\u00e9r\u00e9my Dutel<\/p>\n<p>2\/ Arnaud-Pierre Malinvaud et Daniel Villareale<\/p>\n<p>3\/ Jean-Louis Combey et Fr\u00e9d\u00e9ric Baudon<\/p>\n<p><strong>R\u00e9sultats nets\u00a0:<\/strong><\/p>\n<p>1\/ Mathieu Vincent et Pierre-Olivier Paquet<\/p>\n<p>2\/ Damien Croux et Hugo Martin<\/p>\n<p>3\/ Pierre-Antoine Lambert-Alison et Ga\u00ebl Forel<\/p>\n<p><strong>Concours d\u2019approche :<br \/><\/strong>Fran\u00e7ois Blanchet<\/p>\n<p style=\"text-align: center;\"><strong>Golf Club de Lyon<br \/>Jeudi 12 juin 2025<\/strong><\/p>\n<p>                                <a href=\"https:\/\/www.europesays.com\/fr\/wp-content\/uploads\/2025\/07\/1-EKLYA-MS.jpg\" title=\"1. S\u00e9bastien Arcos, directeur EKLYA Busines School entour\u00e9 de Louis Arcos et Baptiste Excoffier, organisateurs du Troph\u00e9e EKLYA\" data-rl_title=\"1. S\u00e9bastien Arcos, directeur EKLYA Busines School entour\u00e9 de Louis Arcos et Baptiste Excoffier, organisateurs du Troph\u00e9e EKLYA\" class=\"rl-gallery-link\" data-rl_caption=\"\" data-rel=\"lightbox-gallery-bGlnaHRib3gtZ2FsbGVyeS0w\" data-rl_><img loading=\"lazy\" decoding=\"async\" width=\"900\" height=\"600\" src=\"data:image\/svg+xml,%3Csvg%20xmlns=\" http:=\"\" class=\"attachment-large size-large\" alt=\"\" aria-describedby=\"gallery--162065\" data-lazy- data-lazy- data-lazy-src=\"https:\/\/www.europesays.com\/fr\/wp-content\/uploads\/2025\/07\/1-EKLYA-MS.jpg\"\/><\/a><\/p>\n<p>\n                                1. S\u00e9bastien Arcos, directeur EKLYA Busines School entour\u00e9 de Louis Arcos et Baptiste Excoffier, organisateurs du Troph\u00e9e EKLYA <\/p>\n<p>                                <a href=\"https:\/\/www.europesays.com\/fr\/wp-content\/uploads\/2025\/07\/2-EKLYA-MS.jpg\" title=\"2. S\u00e9bastien Arcos, directeur d\u2019Eklya et Damien de Breuvand, directeur du Golf Club de Lyon\" data-rl_title=\"2. S\u00e9bastien Arcos, directeur d\u2019Eklya et Damien de Breuvand, directeur du Golf Club de Lyon\" class=\"rl-gallery-link\" data-rl_caption=\"\" data-rel=\"lightbox-gallery-bGlnaHRib3gtZ2FsbGVyeS0w\" data-rl_><img loading=\"lazy\" decoding=\"async\" width=\"900\" height=\"600\" src=\"data:image\/svg+xml,%3Csvg%20xmlns=\" http:=\"\" class=\"attachment-large size-large\" alt=\"\" aria-describedby=\"gallery--162066\" data-lazy- data-lazy- data-lazy-src=\"https:\/\/www.europesays.com\/fr\/wp-content\/uploads\/2025\/07\/2-EKLYA-MS.jpg\"\/><\/a><\/p>\n<p>\n                                2. S\u00e9bastien Arcos, directeur d\u2019Eklya et Damien de Breuvand, directeur du Golf Club de Lyon<\/p>\n<p><br style=\"clear: both\"\/><\/p>\n<p>                                <a href=\"https:\/\/www.europesays.com\/fr\/wp-content\/uploads\/2025\/07\/3-EKLYA-MS.jpg\" title=\"3. Jeremy Dutel (Cr\u00e9dit Agricole), Laurent Teoule-Dorey (Eklya), Christophe Dutel (Cr\u00e9dit Agricole) et Patrick Parat (Eklya, SMS Industrie)\" data-rl_title=\"3. Jeremy Dutel (Cr\u00e9dit Agricole), Laurent Teoule-Dorey (Eklya), Christophe Dutel (Cr\u00e9dit Agricole) et Patrick Parat (Eklya, SMS Industrie)\" class=\"rl-gallery-link\" data-rl_caption=\"\" data-rel=\"lightbox-gallery-bGlnaHRib3gtZ2FsbGVyeS0w\" data-rl_><img loading=\"lazy\" decoding=\"async\" width=\"900\" height=\"600\" src=\"data:image\/svg+xml,%3Csvg%20xmlns=\" http:=\"\" class=\"attachment-large size-large\" alt=\"\" aria-describedby=\"gallery--162067\" data-lazy- data-lazy- data-lazy-src=\"https:\/\/www.europesays.com\/fr\/wp-content\/uploads\/2025\/07\/3-EKLYA-MS.jpg\"\/><\/a><\/p>\n<p>\n                                3. Jeremy Dutel (Cr\u00e9dit Agricole), Laurent Teoule-Dorey (Eklya), Christophe Dutel (Cr\u00e9dit Agricole) et Patrick Parat (Eklya, SMS Industrie)<\/p>\n<p>                                <a href=\"https:\/\/www.europesays.com\/fr\/wp-content\/uploads\/2025\/07\/4-EKLYA-MS.jpg\" title=\"4. Sedat Kartal (Terragone), Pascal Auclair (Ma Sant\u00e9), Fr\u00e9d\u00e9ric Baudon (Fiducial) et Jean-Louis Combey, chirurgien-dentiste\" data-rl_title=\"4. Sedat Kartal (Terragone), Pascal Auclair (Ma Sant\u00e9), Fr\u00e9d\u00e9ric Baudon (Fiducial) et Jean-Louis Combey, chirurgien-dentiste\" class=\"rl-gallery-link\" data-rl_caption=\"\" data-rel=\"lightbox-gallery-bGlnaHRib3gtZ2FsbGVyeS0w\" data-rl_><img loading=\"lazy\" decoding=\"async\" width=\"900\" height=\"600\" src=\"data:image\/svg+xml,%3Csvg%20xmlns=\" http:=\"\" class=\"attachment-large size-large\" alt=\"\" aria-describedby=\"gallery--162068\" data-lazy- data-lazy- data-lazy-src=\"https:\/\/www.europesays.com\/fr\/wp-content\/uploads\/2025\/07\/4-EKLYA-MS.jpg\"\/><\/a><\/p>\n<p>\n                                4. Sedat Kartal (Terragone), Pascal Auclair (Ma Sant\u00e9), Fr\u00e9d\u00e9ric Baudon (Fiducial) et Jean-Louis Combey, chirurgien-dentiste<\/p>\n<p><br style=\"clear: both\"\/><\/p>\n<p>                                <a href=\"https:\/\/www.europesays.com\/fr\/wp-content\/uploads\/2025\/07\/5-EKLYA-MS.jpg\" title=\"5. Arthur Montagnon (Eklya) et Martin Bernaud (Essca)\" data-rl_title=\"5. Arthur Montagnon (Eklya) et Martin Bernaud (Essca)\" class=\"rl-gallery-link\" data-rl_caption=\"\" data-rel=\"lightbox-gallery-bGlnaHRib3gtZ2FsbGVyeS0w\" data-rl_><img loading=\"lazy\" decoding=\"async\" width=\"600\" height=\"900\" src=\"data:image\/svg+xml,%3Csvg%20xmlns=\" http:=\"\" class=\"attachment-large size-large\" alt=\"\" aria-describedby=\"gallery--162069\" data-lazy- data-lazy- data-lazy-src=\"https:\/\/www.europesays.com\/fr\/wp-content\/uploads\/2025\/07\/5-EKLYA-MS.jpg\"\/><\/a><\/p>\n<p>\n                                5. Arthur Montagnon (Eklya) et Martin Bernaud (Essca)<\/p>\n<p>                                <a href=\"https:\/\/www.europesays.com\/fr\/wp-content\/uploads\/2025\/07\/6-EKLYA-MS.jpg\" title=\"6. David Roussin (Ramsay Sant\u00e9), son fils Victor (Hybria), Antoine Suiffet (Eklya) et Sacha Romagny (DACD)\" data-rl_title=\"6. David Roussin (Ramsay Sant\u00e9), son fils Victor (Hybria), Antoine Suiffet (Eklya) et Sacha Romagny (DACD)\" class=\"rl-gallery-link\" data-rl_caption=\"\" data-rel=\"lightbox-gallery-bGlnaHRib3gtZ2FsbGVyeS0w\" data-rl_><img loading=\"lazy\" decoding=\"async\" width=\"900\" height=\"600\" src=\"data:image\/svg+xml,%3Csvg%20xmlns=\" http:=\"\" class=\"attachment-large size-large\" alt=\"\" aria-describedby=\"gallery--162070\" data-lazy- data-lazy- data-lazy-src=\"https:\/\/www.europesays.com\/fr\/wp-content\/uploads\/2025\/07\/6-EKLYA-MS.jpg\"\/><\/a><\/p>\n<p>\n                                6. David Roussin (Ramsay Sant\u00e9), son fils Victor (Hybria), Antoine Suiffet (Eklya) et Sacha Romagny (DACD)<\/p>\n<p><br style=\"clear: both\"\/><\/p>\n<p>                                <a href=\"https:\/\/www.europesays.com\/fr\/wp-content\/uploads\/2025\/07\/7-EKLYA-MS.jpg\" title=\"7. Thierry Gardon (Simon et Associ\u00e9s), Loic Cosnefroy, Cl\u00e9ment Maguet (Tesla France) et Alexandre Nallet (Anahome Immobilier)\" data-rl_title=\"7. Thierry Gardon (Simon et Associ\u00e9s), Loic Cosnefroy, Cl\u00e9ment Maguet (Tesla France) et Alexandre Nallet (Anahome Immobilier)\" class=\"rl-gallery-link\" data-rl_caption=\"\" data-rel=\"lightbox-gallery-bGlnaHRib3gtZ2FsbGVyeS0w\" data-rl_><img loading=\"lazy\" decoding=\"async\" width=\"900\" height=\"600\" src=\"data:image\/svg+xml,%3Csvg%20xmlns=\" http:=\"\" class=\"attachment-large size-large\" alt=\"\" aria-describedby=\"gallery--162071\" data-lazy- data-lazy- data-lazy-src=\"https:\/\/www.europesays.com\/fr\/wp-content\/uploads\/2025\/07\/7-EKLYA-MS.jpg\"\/><\/a><\/p>\n<p>\n                                7. Thierry Gardon (Simon et Associ\u00e9s), Loic Cosnefroy, Cl\u00e9ment Maguet (Tesla France) et Alexandre Nallet (Anahome Immobilier)<\/p>\n<p>                                <a href=\"https:\/\/www.europesays.com\/fr\/wp-content\/uploads\/2025\/07\/8-EKLYA-MS.jpg\" title=\"8. Pierre-Antoine Lambert Alison (Warmup), Julien Scapaticci (Elyans Conseil), Ma\u00eetre Thibault Bravard (Implid Avocat), Gael Forel (Agence GF4)\" data-rl_title=\"8. Pierre-Antoine Lambert Alison (Warmup), Julien Scapaticci (Elyans Conseil), Ma\u00eetre Thibault Bravard (Implid Avocat), Gael Forel (Agence GF4)\" class=\"rl-gallery-link\" data-rl_caption=\"\" data-rel=\"lightbox-gallery-bGlnaHRib3gtZ2FsbGVyeS0w\" data-rl_><img loading=\"lazy\" decoding=\"async\" width=\"900\" height=\"600\" src=\"data:image\/svg+xml,%3Csvg%20xmlns=\" http:=\"\" class=\"attachment-large size-large\" alt=\"\" aria-describedby=\"gallery--162072\" data-lazy- data-lazy- data-lazy-src=\"https:\/\/www.europesays.com\/fr\/wp-content\/uploads\/2025\/07\/8-EKLYA-MS.jpg\"\/><\/a><\/p>\n<p>\n                                8. Pierre-Antoine Lambert Alison (Warmup), Julien Scapaticci (Elyans Conseil), Ma\u00eetre Thibault Bravard (Implid Avocat), Gael Forel (Agence GF4)<\/p>\n<p><br style=\"clear: both\"\/><\/p>\n<p>                                <a href=\"https:\/\/www.europesays.com\/fr\/wp-content\/uploads\/2025\/07\/9-EKLYA-MS.jpg\" title=\"9. Damien Croux (Quartus), Alexandre Manet, Hugo Martin (Tam Recrutement) et Loris Cosnefroy (Mayana)\" data-rl_title=\"9. Damien Croux (Quartus), Alexandre Manet, Hugo Martin (Tam Recrutement) et Loris Cosnefroy (Mayana)\" class=\"rl-gallery-link\" data-rl_caption=\"\" data-rel=\"lightbox-gallery-bGlnaHRib3gtZ2FsbGVyeS0w\" data-rl_><img loading=\"lazy\" decoding=\"async\" width=\"900\" height=\"600\" src=\"data:image\/svg+xml,%3Csvg%20xmlns=\" http:=\"\" class=\"attachment-large size-large\" alt=\"\" aria-describedby=\"gallery--162073\" data-lazy- data-lazy- data-lazy-src=\"https:\/\/www.europesays.com\/fr\/wp-content\/uploads\/2025\/07\/9-EKLYA-MS.jpg\"\/><\/a><\/p>\n<p>\n                                9. Damien Croux (Quartus), Alexandre Manet, Hugo Martin (Tam Recrutement) et Loris Cosnefroy (Mayana)<\/p>\n<p>                                <a href=\"https:\/\/www.europesays.com\/fr\/wp-content\/uploads\/2025\/07\/10-EKLYA-MS.jpg\" title=\"10. Dominique Palumbo (Central-Autos), Nadine Lain\u00e9 (GCL), Elie Cunat et Denis Destampes (Eklya)\" data-rl_title=\"10. Dominique Palumbo (Central-Autos), Nadine Lain\u00e9 (GCL), Elie Cunat et Denis Destampes (Eklya)\" class=\"rl-gallery-link\" data-rl_caption=\"\" data-rel=\"lightbox-gallery-bGlnaHRib3gtZ2FsbGVyeS0w\" data-rl_><img loading=\"lazy\" decoding=\"async\" width=\"900\" height=\"600\" src=\"data:image\/svg+xml,%3Csvg%20xmlns=\" http:=\"\" class=\"attachment-large size-large\" alt=\"\" aria-describedby=\"gallery--162074\" data-lazy- data-lazy- data-lazy-src=\"https:\/\/www.europesays.com\/fr\/wp-content\/uploads\/2025\/07\/10-EKLYA-MS.jpg\"\/><\/a><\/p>\n<p>\n                                10. Dominique Palumbo (Central-Autos), Nadine Lain\u00e9 (GCL), Elie Cunat et Denis Destampes (Eklya)<\/p>\n<p><br style=\"clear: both\"\/><\/p>\n<p>                                <a href=\"https:\/\/www.europesays.com\/fr\/wp-content\/uploads\/2025\/07\/11-EKLYA-MS.jpg\" title=\"11. Bruno Mereu (BMC), G\u00e9rald Lemaire (GL Energie), Katia Laalev\u00e9e (KLPG) et Richard Guglielmi\" data-rl_title=\"11. Bruno Mereu (BMC), G\u00e9rald Lemaire (GL Energie), Katia Laalev\u00e9e (KLPG) et Richard Guglielmi\" class=\"rl-gallery-link\" data-rl_caption=\"\" data-rel=\"lightbox-gallery-bGlnaHRib3gtZ2FsbGVyeS0w\" data-rl_><img loading=\"lazy\" decoding=\"async\" width=\"900\" height=\"600\" src=\"data:image\/svg+xml,%3Csvg%20xmlns=\" http:=\"\" class=\"attachment-large size-large\" alt=\"\" aria-describedby=\"gallery--162075\" data-lazy- data-lazy- data-lazy-src=\"https:\/\/www.europesays.com\/fr\/wp-content\/uploads\/2025\/07\/11-EKLYA-MS.jpg\"\/><\/a><\/p>\n<p>\n                                11. Bruno Mereu (BMC), G\u00e9rald Lemaire (GL Energie), Katia Laalev\u00e9e (KLPG) et Richard Guglielmi<\/p>\n<p>                                <a href=\"https:\/\/www.europesays.com\/fr\/wp-content\/uploads\/2025\/07\/12-EKLYA-MS.jpg\" title=\"12. Fran\u00e7ois Blanchet (Cabinet FBP), Christian Godet (Conseil et Formation, Eklya), Charles Clerc (SUNIC) et Bernard Denuziere\" data-rl_title=\"12. Fran\u00e7ois Blanchet (Cabinet FBP), Christian Godet (Conseil et Formation, Eklya), Charles Clerc (SUNIC) et Bernard Denuziere\" class=\"rl-gallery-link\" data-rl_caption=\"\" data-rel=\"lightbox-gallery-bGlnaHRib3gtZ2FsbGVyeS0w\" data-rl_><img loading=\"lazy\" decoding=\"async\" width=\"900\" height=\"600\" src=\"data:image\/svg+xml,%3Csvg%20xmlns=\" http:=\"\" class=\"attachment-large size-large\" alt=\"\" aria-describedby=\"gallery--162076\" data-lazy- data-lazy- data-lazy-src=\"https:\/\/www.europesays.com\/fr\/wp-content\/uploads\/2025\/07\/12-EKLYA-MS.jpg\"\/><\/a><\/p>\n<p>\n                                12. Fran\u00e7ois Blanchet (Cabinet FBP), Christian Godet (Conseil et Formation, Eklya), Charles Clerc (SUNIC) et Bernard Denuziere<\/p>\n<p><br style=\"clear: both\"\/><\/p>\n<p>                                <a href=\"https:\/\/www.europesays.com\/fr\/wp-content\/uploads\/2025\/07\/13-EKLYA-MS.jpg\" title=\"13. Yoann Alar\u00e7on (Yalar Invest), Mathieu Vincent (ACE Solinvest), Nicolas Duval (Rydge Conseil) et Pierre-Olivier Paquet (Atelier du Quai)\" data-rl_title=\"13. Yoann Alar\u00e7on (Yalar Invest), Mathieu Vincent (ACE Solinvest), Nicolas Duval (Rydge Conseil) et Pierre-Olivier Paquet (Atelier du Quai)\" class=\"rl-gallery-link\" data-rl_caption=\"\" data-rel=\"lightbox-gallery-bGlnaHRib3gtZ2FsbGVyeS0w\" data-rl_><img loading=\"lazy\" decoding=\"async\" width=\"900\" height=\"600\" src=\"data:image\/svg+xml,%3Csvg%20xmlns=\" http:=\"\" class=\"attachment-large size-large\" alt=\"\" aria-describedby=\"gallery--162077\" data-lazy- data-lazy- data-lazy-src=\"https:\/\/www.europesays.com\/fr\/wp-content\/uploads\/2025\/07\/13-EKLYA-MS.jpg\"\/><\/a><\/p>\n<p>\n                                13. Yoann Alar\u00e7on (Yalar Invest), Mathieu Vincent (ACE Solinvest), Nicolas Duval (Rydge Conseil) et Pierre-Olivier Paquet (Atelier du Quai)<\/p>\n<p>                                <a href=\"https:\/\/www.europesays.com\/fr\/wp-content\/uploads\/2025\/07\/14-EKLYA-MS.jpg\" title=\"14. Christophe Cagne et Isabelle Eliard (Cup Service)\" data-rl_title=\"14. Christophe Cagne et Isabelle Eliard (Cup Service)\" class=\"rl-gallery-link\" data-rl_caption=\"\" data-rel=\"lightbox-gallery-bGlnaHRib3gtZ2FsbGVyeS0w\" data-rl_><img loading=\"lazy\" decoding=\"async\" width=\"900\" height=\"600\" src=\"data:image\/svg+xml,%3Csvg%20xmlns=\" http:=\"\" class=\"attachment-large size-large\" alt=\"\" aria-describedby=\"gallery--162078\" data-lazy- data-lazy- data-lazy-src=\"https:\/\/www.europesays.com\/fr\/wp-content\/uploads\/2025\/07\/14-EKLYA-MS.jpg\"\/><\/a><\/p>\n<p>\n                                14. Christophe Cagne et Isabelle Eliard (Cup Service)  <\/p>\n<p><br style=\"clear: both\"\/><\/p>\n<p>                                <a href=\"https:\/\/www.europesays.com\/fr\/wp-content\/uploads\/2025\/07\/15-EKLYA-MS.jpg\" title=\"15. Georges Stal, Nicolas Forel (Groupe Forel Immo), Romain Plaza (Kaufman &amp; Broad), Gaspard De Pr\u00e9neuf (Choisir Ma Cr\u00e8che)\" data-rl_title=\"15. Georges Stal, Nicolas Forel (Groupe Forel Immo), Romain Plaza (Kaufman &amp; Broad), Gaspard De Pr\u00e9neuf (Choisir Ma Cr\u00e8che)\" class=\"rl-gallery-link\" data-rl_caption=\"\" data-rel=\"lightbox-gallery-bGlnaHRib3gtZ2FsbGVyeS0w\" data-rl_><img loading=\"lazy\" decoding=\"async\" width=\"900\" height=\"600\" src=\"data:image\/svg+xml,%3Csvg%20xmlns=\" http:=\"\" class=\"attachment-large size-large\" alt=\"\" aria-describedby=\"gallery--162079\" data-lazy- data-lazy- data-lazy-src=\"https:\/\/www.europesays.com\/fr\/wp-content\/uploads\/2025\/07\/15-EKLYA-MS.jpg\"\/><\/a><\/p>\n<p>\n                                15. Georges Stal, Nicolas Forel (Groupe Forel Immo), Romain Plaza (Kaufman &amp; Broad), Gaspard De Pr\u00e9neuf (Choisir Ma Cr\u00e8che)<\/p>\n<p>                                <a href=\"https:\/\/www.europesays.com\/fr\/wp-content\/uploads\/2025\/07\/16-EKLYA-MS.jpg\" title=\"16. Daniel Villareale, pr\u00e9sident de la CPME Auvergne-Rh\u00f4ne-Alpes, Arnaud-Pierre Malinvaud (Axa France), Yohann Jaillet et Tomy Svitex (Eklya)\" data-rl_title=\"16. Daniel Villareale, pr\u00e9sident de la CPME Auvergne-Rh\u00f4ne-Alpes, Arnaud-Pierre Malinvaud (Axa France), Yohann Jaillet et Tomy Svitex (Eklya)\" class=\"rl-gallery-link\" data-rl_caption=\"\" data-rel=\"lightbox-gallery-bGlnaHRib3gtZ2FsbGVyeS0w\" data-rl_><img loading=\"lazy\" decoding=\"async\" width=\"900\" height=\"600\" src=\"data:image\/svg+xml,%3Csvg%20xmlns=\" http:=\"\" class=\"attachment-large size-large\" alt=\"\" aria-describedby=\"gallery--162080\" data-lazy- data-lazy- data-lazy-src=\"https:\/\/www.europesays.com\/fr\/wp-content\/uploads\/2025\/07\/16-EKLYA-MS.jpg\"\/><\/a><\/p>\n<p>\n                                16. Daniel Villareale, pr\u00e9sident de la CPME Auvergne-Rh\u00f4ne-Alpes, Arnaud-Pierre Malinvaud (Axa France), Yohann Jaillet et Tomy Svitex (Eklya)<\/p>\n<p><br style=\"clear: both\"\/><\/p>\n<p>                                <a href=\"https:\/\/www.europesays.com\/fr\/wp-content\/uploads\/2025\/07\/17-EKLYA-MS.jpg\" title=\"17. Jacques Villien, Quentin Vieira (MDA Cuisines), S\u00e9bastien Germain (Henri Germain) et Pascal Aumonier\" data-rl_title=\"17. Jacques Villien, Quentin Vieira (MDA Cuisines), S\u00e9bastien Germain (Henri Germain) et Pascal Aumonier\" class=\"rl-gallery-link\" data-rl_caption=\"\" data-rel=\"lightbox-gallery-bGlnaHRib3gtZ2FsbGVyeS0w\" data-rl_><img loading=\"lazy\" decoding=\"async\" width=\"900\" height=\"600\" src=\"data:image\/svg+xml,%3Csvg%20xmlns=\" http:=\"\" class=\"attachment-large size-large\" alt=\"\" aria-describedby=\"gallery--162081\" data-lazy- data-lazy- data-lazy-src=\"https:\/\/www.europesays.com\/fr\/wp-content\/uploads\/2025\/07\/17-EKLYA-MS.jpg\"\/><\/a><\/p>\n<p>\n                                17. Jacques Villien, Quentin Vieira (MDA Cuisines), S\u00e9bastien Germain (Henri Germain) et Pascal Aumonier<\/p>\n<p>                                <a href=\"https:\/\/www.europesays.com\/fr\/wp-content\/uploads\/2025\/07\/18-EKLYA-MS.jpg\" title=\"18. Bruno Genest, St\u00e9phane Gibelin (All Square by Eagle Spirit), Bruno Horesnyi (Pernod-Ricard) et Simoni Thien (All Square by Eagle Spirit)\" data-rl_title=\"18. Bruno Genest, St\u00e9phane Gibelin (All Square by Eagle Spirit), Bruno Horesnyi (Pernod-Ricard) et Simoni Thien (All Square by Eagle Spirit)\" class=\"rl-gallery-link\" data-rl_caption=\"\" data-rel=\"lightbox-gallery-bGlnaHRib3gtZ2FsbGVyeS0w\" data-rl_><img loading=\"lazy\" decoding=\"async\" width=\"900\" height=\"600\" src=\"data:image\/svg+xml,%3Csvg%20xmlns=\" http:=\"\" class=\"attachment-large size-large\" alt=\"\" aria-describedby=\"gallery--162082\" data-lazy- data-lazy- data-lazy-src=\"https:\/\/www.europesays.com\/fr\/wp-content\/uploads\/2025\/07\/18-EKLYA-MS.jpg\"\/><\/a><\/p>\n<p>\n                                18. Bruno Genest, St\u00e9phane Gibelin (All Square by Eagle Spirit), Bruno Horesnyi (Pernod-Ricard) et Simoni Thien (All Square by Eagle Spirit)<\/p>\n<p><br style=\"clear: both\"\/><\/p>\n<p>                                <a href=\"https:\/\/www.europesays.com\/fr\/wp-content\/uploads\/2025\/07\/19-EKLYA-MS.jpg\" title=\"19. Jean-Pierre et Fr\u00e9d\u00e9rique Hercule, Philippe Debatty (Com 200 Golf) et Jacques Di Guardo (Mairie de Lyon 2)\" data-rl_title=\"19. Jean-Pierre et Fr\u00e9d\u00e9rique Hercule, Philippe Debatty (Com 200 Golf) et Jacques Di Guardo (Mairie de Lyon 2)\" class=\"rl-gallery-link\" data-rl_caption=\"\" data-rel=\"lightbox-gallery-bGlnaHRib3gtZ2FsbGVyeS0w\" data-rl_><img loading=\"lazy\" decoding=\"async\" width=\"900\" height=\"600\" src=\"data:image\/svg+xml,%3Csvg%20xmlns=\" http:=\"\" class=\"attachment-large size-large\" alt=\"\" aria-describedby=\"gallery--162083\" data-lazy- data-lazy- data-lazy-src=\"https:\/\/www.europesays.com\/fr\/wp-content\/uploads\/2025\/07\/19-EKLYA-MS.jpg\"\/><\/a><\/p>\n<p>\n                                19. Jean-Pierre et Fr\u00e9d\u00e9rique Hercule, Philippe Debatty (Com 200 Golf) et Jacques Di Guardo (Mairie de Lyon 2)<\/p>\n<p>                                <a href=\"https:\/\/www.europesays.com\/fr\/wp-content\/uploads\/2025\/07\/20-EKLYA-MS.jpg\" title=\"20. Corentin Chambon (MCD), Jean Mougin (Alteca), Charlie Wagemans (Signagolf) et Benoit Moreau (Groupe Alta\u00ef)\" data-rl_title=\"20. Corentin Chambon (MCD), Jean Mougin (Alteca), Charlie Wagemans (Signagolf) et Benoit Moreau (Groupe Alta\u00ef)\" class=\"rl-gallery-link\" data-rl_caption=\"\" data-rel=\"lightbox-gallery-bGlnaHRib3gtZ2FsbGVyeS0w\" data-rl_><img loading=\"lazy\" decoding=\"async\" width=\"900\" height=\"600\" src=\"data:image\/svg+xml,%3Csvg%20xmlns=\" http:=\"\" class=\"attachment-large size-large\" alt=\"\" aria-describedby=\"gallery--162084\" data-lazy- data-lazy- data-lazy-src=\"https:\/\/www.europesays.com\/fr\/wp-content\/uploads\/2025\/07\/20-EKLYA-MS.jpg\"\/><\/a><\/p>\n<p>\n                                20. Corentin Chambon (MCD), Jean Mougin (Alteca), Charlie Wagemans (Signagolf) et Benoit Moreau (Groupe Alta\u00ef)<\/p>\n<p><br style=\"clear: both\"\/><\/p>\n<p>                                <a href=\"https:\/\/www.europesays.com\/fr\/wp-content\/uploads\/2025\/07\/21-EKLYA-MS.jpg\" title=\"21. Jeremy Dutel, son papa Christophe Dutel (Cr\u00e9dit Agricole), Laurent Teoule-Dorey (Eklya) et Patrick Parat (Eklya, SMS Industrie)\" data-rl_title=\"21. Jeremy Dutel, son papa Christophe Dutel (Cr\u00e9dit Agricole), Laurent Teoule-Dorey (Eklya) et Patrick Parat (Eklya, SMS Industrie)\" class=\"rl-gallery-link\" data-rl_caption=\"\" data-rel=\"lightbox-gallery-bGlnaHRib3gtZ2FsbGVyeS0w\" data-rl_><img loading=\"lazy\" decoding=\"async\" width=\"900\" height=\"600\" src=\"data:image\/svg+xml,%3Csvg%20xmlns=\" http:=\"\" class=\"attachment-large size-large\" alt=\"\" aria-describedby=\"gallery--162085\" data-lazy- data-lazy- data-lazy-src=\"https:\/\/www.europesays.com\/fr\/wp-content\/uploads\/2025\/07\/21-EKLYA-MS.jpg\"\/><\/a><\/p>\n<p>\n                                21. Jeremy Dutel, son papa Christophe Dutel (Cr\u00e9dit Agricole), Laurent Teoule-Dorey (Eklya) et Patrick Parat (Eklya, SMS Industrie)<\/p>\n<p>                                <a href=\"https:\/\/www.europesays.com\/fr\/wp-content\/uploads\/2025\/07\/24-EKLYA-MS.jpg\" title=\"23. Pascal Di Felice, Fabien Munoz (Apave), Val\u00e9rie et Gilles Basset (US Golf)\" data-rl_title=\"23. Pascal Di Felice, Fabien Munoz (Apave), Val\u00e9rie et Gilles Basset (US Golf)\" class=\"rl-gallery-link\" data-rl_caption=\"\" data-rel=\"lightbox-gallery-bGlnaHRib3gtZ2FsbGVyeS0w\" data-rl_><img loading=\"lazy\" decoding=\"async\" width=\"900\" height=\"600\" src=\"data:image\/svg+xml,%3Csvg%20xmlns=\" http:=\"\" class=\"attachment-large size-large\" alt=\"\" aria-describedby=\"gallery--162087\" data-lazy- data-lazy- data-lazy-src=\"https:\/\/www.europesays.com\/fr\/wp-content\/uploads\/2025\/07\/24-EKLYA-MS.jpg\"\/><\/a><\/p>\n<p>\n                                23. Pascal Di Felice, Fabien Munoz (Apave), Val\u00e9rie et Gilles Basset (US Golf)<\/p>\n<p><br style=\"clear: both\"\/><\/p>\n<p>                                <a href=\"https:\/\/www.europesays.com\/fr\/wp-content\/uploads\/2025\/07\/25-EKLYA-MS.jpg\" title=\"24. Alain Chiron, Jean-Pierre Giboz, Philippe Collot (Estiv) et Jean-Michel Coquard (Protextil)\" data-rl_title=\"24. Alain Chiron, Jean-Pierre Giboz, Philippe Collot (Estiv) et Jean-Michel Coquard (Protextil)\" class=\"rl-gallery-link\" data-rl_caption=\"\" data-rel=\"lightbox-gallery-bGlnaHRib3gtZ2FsbGVyeS0w\" data-rl_><img loading=\"lazy\" decoding=\"async\" width=\"900\" height=\"600\" src=\"data:image\/svg+xml,%3Csvg%20xmlns=\" http:=\"\" class=\"attachment-large size-large\" alt=\"\" aria-describedby=\"gallery--162088\" data-lazy- data-lazy- data-lazy-src=\"https:\/\/www.europesays.com\/fr\/wp-content\/uploads\/2025\/07\/25-EKLYA-MS.jpg\"\/><\/a><\/p>\n<p>\n                                24. Alain Chiron, Jean-Pierre Giboz, Philippe Collot (Estiv) et Jean-Michel Coquard (Protextil)<\/p>\n<p>                                <a href=\"https:\/\/www.europesays.com\/fr\/wp-content\/uploads\/2025\/07\/26-EKLYA-MS.jpg\" title=\"25. Rachid Bouakkaz (Michelin), Baptiste Berrodier (Tartine et Chocolat), Chlo\u00e9 et Jiyoon Bachmann (Amazonia)\" data-rl_title=\"25. Rachid Bouakkaz (Michelin), Baptiste Berrodier (Tartine et Chocolat), Chlo\u00e9 et Jiyoon Bachmann (Amazonia)\" class=\"rl-gallery-link\" data-rl_caption=\"\" data-rel=\"lightbox-gallery-bGlnaHRib3gtZ2FsbGVyeS0w\" data-rl_><img loading=\"lazy\" decoding=\"async\" width=\"900\" height=\"600\" src=\"data:image\/svg+xml,%3Csvg%20xmlns=\" http:=\"\" class=\"attachment-large size-large\" alt=\"\" aria-describedby=\"gallery--162089\" data-lazy- data-lazy- data-lazy-src=\"https:\/\/www.europesays.com\/fr\/wp-content\/uploads\/2025\/07\/26-EKLYA-MS.jpg\"\/><\/a><\/p>\n<p>\n                                25. Rachid Bouakkaz (Michelin), Baptiste Berrodier (Tartine et Chocolat), Chlo\u00e9 et Jiyoon Bachmann (Amazonia)<\/p>\n<p><br style=\"clear: both\"\/><\/p>\n","protected":false},"excerpt":{"rendered":"Photos Saby Maviel pour Lyon People Texte\u00a0: Morgan Couturier \u2013 Soleil et chaleur au rendez-vous, toutes les conditions&hellip;\n","protected":false},"author":2,"featured_media":220517,"comment_status":"","ping_status":"","sticky":false,"template":"","format":"standard","meta":{"footnotes":""},"categories":[1418],"tags":[4257,47,35964,1011,27,1472,2428,60],"class_list":{"0":"post-220516","1":"post","2":"type-post","3":"status-publish","4":"format-standard","5":"has-post-thumbnail","7":"category-golf","8":"tag-0top","9":"tag-actualite","10":"tag-eklya-business-school","11":"tag-fr","12":"tag-france","13":"tag-golf","14":"tag-lyon","15":"tag-sports"},"share_on_mastodon":{"url":"https:\/\/pubeurope.com\/@fr\/114783338041673363","error":""},"_links":{"self":[{"href":"https:\/\/www.europesays.com\/fr\/wp-json\/wp\/v2\/posts\/220516","targetHints":{"allow":["GET"]}}],"collection":[{"href":"https:\/\/www.europesays.com\/fr\/wp-json\/wp\/v2\/posts"}],"about":[{"href":"https:\/\/www.europesays.com\/fr\/wp-json\/wp\/v2\/types\/post"}],"author":[{"embeddable":true,"href":"https:\/\/www.europesays.com\/fr\/wp-json\/wp\/v2\/users\/2"}],"replies":[{"embeddable":true,"href":"https:\/\/www.europesays.com\/fr\/wp-json\/wp\/v2\/comments?post=220516"}],"version-history":[{"count":0,"href":"https:\/\/www.europesays.com\/fr\/wp-json\/wp\/v2\/posts\/220516\/revisions"}],"wp:featuredmedia":[{"embeddable":true,"href":"https:\/\/www.europesays.com\/fr\/wp-json\/wp\/v2\/media\/220517"}],"wp:attachment":[{"href":"https:\/\/www.europesays.com\/fr\/wp-json\/wp\/v2\/media?parent=220516"}],"wp:term":[{"taxonomy":"category","embeddable":true,"href":"https:\/\/www.europesays.com\/fr\/wp-json\/wp\/v2\/categories?post=220516"},{"taxonomy":"post_tag","embeddable":true,"href":"https:\/\/www.europesays.com\/fr\/wp-json\/wp\/v2\/tags?post=220516"}],"curies":[{"name":"wp","href":"https:\/\/api.w.org\/{rel}","templated":true}]}}