{"id":220518,"date":"2025-07-02T11:12:14","date_gmt":"2025-07-02T11:12:14","guid":{"rendered":"https:\/\/www.europesays.com\/fr\/220518\/"},"modified":"2025-07-02T11:12:14","modified_gmt":"2025-07-02T11:12:14","slug":"apres-le-tirage-au-sort-une-donnee-pourrait-tout-changer-et-penaliser-le-club-en-champions-cup","status":"publish","type":"post","link":"https:\/\/www.europesays.com\/fr\/220518\/","title":{"rendered":"apr\u00e8s le tirage au sort, une donn\u00e9e pourrait tout changer et p\u00e9naliser le club en Champions Cup"},"content":{"rendered":"<p>Le spectre de la derni\u00e8re saison pourrait revenir pour le Stade Toulousain. L\u2019an pass\u00e9, les hommes d\u2019Ugo Mola avaient, comme il est de coutume au club, cibl\u00e9 la Champions Cup. Tenant du titre, les Rouge et Noir voulaient faire un parcours sans faute pour d\u00e9fendre au mieux leur titre. Finalement, ils s\u2019\u00e9taient inclin\u00e9s en demi-finale face au futur vainqueur, l\u2019Union Bordeaux-B\u00e8gles.<\/p>\n<p>Vers un d\u00e9placement en Afrique du Sud ?<\/p>\n<p>Plac\u00e9s dans la poule des Girondins, les Toulousains avaient d\u00fb se d\u00e9placer sur la pelouse de leur rival pour un petit point laiss\u00e9 en route durant la phase de groupe. Quand les hommes de Yannick Bru r\u00e9alisaient un parfait 20\/20, les Haut-Garonnais n\u2019avaient pas r\u00e9ussi \u00e0 prendre le point de bonus offensif en Afrique du Sud, dans des conditions dantesques sur la pelouse des Sharks.<\/p>\n<p>Au contraire, l\u2019UBB n\u2019avait pas eu \u00e0 se d\u00e9placer sur un autre continent et avait largement domin\u00e9 la franchise sud-africaine \u00e0 Chaban-Delmas. Cette saison encore, le Stade Toulousain se retrouve dans la poule des co\u00e9quipiers d\u2019Eben Etzebeth. Ugo Mola va certainement prier pour recevoir les Sharks et s\u2019\u00e9viter un voyage handicapant et potentiellement d\u00e9cisif pour la suite de la comp\u00e9tition. Les Rouge et Noir sont dans la poule 1 en compagnie des Saracens, de Clermont, de Sale, de Glasgow et des Sharks.<\/p>\n<blockquote class=\"twitter-tweet\">\n<p dir=\"ltr\" lang=\"fr\">\ud835\udde6\ud835\uddee\ud835\uddf6\ud835\ude00\ud835\uddfc\ud835\uddfb \ud835\udfee\ud835\udfec\ud835\udfee\ud835\udff1\/\ud835\udfee\ud835\udfec\ud835\udfee\ud835\udff2 &#8211; \ud835\udddc\ud835\uddfb\ud835\ude03\ud835\uddf2\ud835\ude00\ud835\ude01\ud835\uddf2\ud835\uddf0 \ud835\uddd6\ud835\uddf5\ud835\uddee\ud835\uddfa\ud835\uddfd\ud835\uddf6\ud835\uddfc\ud835\uddfb\ud835\ude00 \ud835\uddd6\ud835\ude02\ud835\uddfd \ud83d\udcab<\/p>\n<p>Nous serons dans la Poule 1 avec \u2935\ufe0f<br \/>\ud83c\uddeb\ud83c\uddf7 &#8211; <a href=\"https:\/\/twitter.com\/ASMOfficiel?ref_src=twsrc%5Etfw\" rel=\"nofollow noopener\" target=\"_blank\">@ASMOfficiel<\/a><br \/>\ud83c\udff4\udb40\udc67\udb40\udc62\udb40\udc65\udb40\udc6e\udb40\udc67\udb40\udc7f &#8211; <a href=\"https:\/\/twitter.com\/Saracens?ref_src=twsrc%5Etfw\" rel=\"nofollow noopener\" target=\"_blank\">@Saracens<\/a><br \/>\ud83c\udff4\udb40\udc67\udb40\udc62\udb40\udc65\udb40\udc6e\udb40\udc67\udb40\udc7f &#8211; <a href=\"https:\/\/twitter.com\/SaleSharksRugby?ref_src=twsrc%5Etfw\" rel=\"nofollow noopener\" target=\"_blank\">@SaleSharksRugby<\/a><br \/>\ud83c\udff4\udb40\udc67\udb40\udc62\udb40\udc73\udb40\udc63\udb40\udc74\udb40\udc7f &#8211; <a href=\"https:\/\/twitter.com\/GlasgowWarriors?ref_src=twsrc%5Etfw\" rel=\"nofollow noopener\" target=\"_blank\">@GlasgowWarriors<\/a><br \/>\ud83c\uddff\ud83c\udde6 &#8211; <a href=\"https:\/\/twitter.com\/SharksRugby?ref_src=twsrc%5Etfw\" rel=\"nofollow noopener\" target=\"_blank\">@SharksRugby<\/a><\/p>\n<p>D\u00e9but de la comp\u00e9tition le week-end du 5 au 7 d\u00e9cembre \ud83e\udd17 <a href=\"https:\/\/t.co\/Ge6H08uXXH\" rel=\"nofollow\">pic.twitter.com\/Ge6H08uXXH<\/a><\/p>\n<p>\u2014 Stade Toulousain (@StadeToulousain) <a href=\"https:\/\/twitter.com\/StadeToulousain\/status\/1940037140940837151?ref_src=twsrc%5Etfw\" rel=\"nofollow noopener\" target=\"_blank\">July 1, 2025<\/a><\/p>\n<\/blockquote>\n<p>\u00a0<\/p>\n<p>Partagez cette info avec vos amis et vos proches en cliquant ici<br \/>Pour r\u00e9sumer<\/p>\n<p>Comme l\u2019an dernier, le Stade Toulousain retrouve un adversaire p\u00e9rilleux dans sa poule de Champions Cup. Le calendrier des rencontres sera d\u00e9terminant pour l\u2019avenir du club dans la comp\u00e9tition. Les Rouge et Noir pourraient encore se d\u00e9placer en Afrique du Sud.<\/p>\n<p> <img decoding=\"async\" width=\"76\" height=\"76\" loading=\"lazy\" src=\"https:\/\/www.europesays.com\/fr\/wp-content\/uploads\/2025\/04\/avatar-quinze.png\" alt=\"Arnaud D\u00e9chelotte\"\/><script async src=\"https:\/\/platform.twitter.com\/widgets.js\" charset=\"utf-8\"><\/script><\/p>\n","protected":false},"excerpt":{"rendered":"Le spectre de la derni\u00e8re saison pourrait revenir pour le Stade Toulousain. L\u2019an pass\u00e9, les hommes d\u2019Ugo Mola&hellip;\n","protected":false},"author":2,"featured_media":220519,"comment_status":"","ping_status":"","sticky":false,"template":"","format":"standard","meta":{"footnotes":""},"categories":[1416],"tags":[1011,27,479,1468,60],"class_list":{"0":"post-220518","1":"post","2":"type-post","3":"status-publish","4":"format-standard","5":"has-post-thumbnail","7":"category-rugby","8":"tag-fr","9":"tag-france","10":"tag-rugby","11":"tag-rugby-football","12":"tag-sports"},"share_on_mastodon":{"url":"https:\/\/pubeurope.com\/@fr\/114783344633195920","error":""},"_links":{"self":[{"href":"https:\/\/www.europesays.com\/fr\/wp-json\/wp\/v2\/posts\/220518","targetHints":{"allow":["GET"]}}],"collection":[{"href":"https:\/\/www.europesays.com\/fr\/wp-json\/wp\/v2\/posts"}],"about":[{"href":"https:\/\/www.europesays.com\/fr\/wp-json\/wp\/v2\/types\/post"}],"author":[{"embeddable":true,"href":"https:\/\/www.europesays.com\/fr\/wp-json\/wp\/v2\/users\/2"}],"replies":[{"embeddable":true,"href":"https:\/\/www.europesays.com\/fr\/wp-json\/wp\/v2\/comments?post=220518"}],"version-history":[{"count":0,"href":"https:\/\/www.europesays.com\/fr\/wp-json\/wp\/v2\/posts\/220518\/revisions"}],"wp:featuredmedia":[{"embeddable":true,"href":"https:\/\/www.europesays.com\/fr\/wp-json\/wp\/v2\/media\/220519"}],"wp:attachment":[{"href":"https:\/\/www.europesays.com\/fr\/wp-json\/wp\/v2\/media?parent=220518"}],"wp:term":[{"taxonomy":"category","embeddable":true,"href":"https:\/\/www.europesays.com\/fr\/wp-json\/wp\/v2\/categories?post=220518"},{"taxonomy":"post_tag","embeddable":true,"href":"https:\/\/www.europesays.com\/fr\/wp-json\/wp\/v2\/tags?post=220518"}],"curies":[{"name":"wp","href":"https:\/\/api.w.org\/{rel}","templated":true}]}}