{"id":220524,"date":"2025-07-02T11:16:12","date_gmt":"2025-07-02T11:16:12","guid":{"rendered":"https:\/\/www.europesays.com\/fr\/220524\/"},"modified":"2025-07-02T11:16:12","modified_gmt":"2025-07-02T11:16:12","slug":"diogo-moreira-vise-le-motogp-et-discute-avec-pramac","status":"publish","type":"post","link":"https:\/\/www.europesays.com\/fr\/220524\/","title":{"rendered":"Diogo Moreira vise le MotoGP et discute avec Pramac"},"content":{"rendered":"<p><a href=\"https:\/\/fr.motorsport.com\/driver\/diogo-moreira\/945141\/\" target=\"_blank\" rel=\"noopener nofollow\">Diogo Moreira<\/a> devient un s\u00e9rieux candidat \u00e0 une arriv\u00e9e en MotoGP l&rsquo;an prochain. Celui qui dispute sa deuxi\u00e8me saison en Moto2 a plusieurs atouts \u00e0 faire valoir, entre ses bonnes performances en piste, sa nationalit\u00e9 br\u00e9silienne alors que <a href=\"https:\/\/fr.motorsport.com\/motogp\/news\/gp-bresil-goiania-2026-motogp\/10681942\/\" rel=\"nofollow noopener\" target=\"_blank\">le pays va r\u00e9int\u00e9grer le calendrier en 2026<\/a>, et une longue liste de sponsors. Autant d&rsquo;\u00e9l\u00e9ments qui jouent en sa faveur face aux autres pilotes esp\u00e9rant rejoindre la cat\u00e9gorie reine.<\/p>\n<p>Moreira est actuellement troisi\u00e8me du championnat, derri\u00e8re <a href=\"https:\/\/fr.motorsport.com\/driver\/manuel-gonzalez\/878035\/\" target=\"_blank\" rel=\"noopener nofollow\">Manuel Gonz\u00e1lez<\/a> et <a href=\"https:\/\/fr.motorsport.com\/driver\/aron-canet\/314691\/\" target=\"_blank\" rel=\"noopener nofollow\">Ar\u00f3n Canet<\/a>, mais il reste sur trois podiums lors des quatre derni\u00e8res courses, et il est le pilote qui a marqu\u00e9 le plus de points sur cette p\u00e9riode. \u00c0 Assen, il a sign\u00e9 la pole et contr\u00f4l\u00e9 toute la course pour d\u00e9crocher un premier succ\u00e8s en Moto2 qui semblait in\u00e9vitable.<\/p>\n<p>Plus discret que pr\u00e9vu lors de sa premi\u00e8re saison, Moreira a chang\u00e9 de dimension ces derniers mois, ce qui pourrait l&rsquo;aider \u00e0 rejoindre le MotoGP. \u00ab\u00a0Je suis totalement concentr\u00e9 sur le Moto2 et sur ce qui se passe en piste\u00a0\u00bb, a d\u00e9clar\u00e9 Moreira. \u00ab\u00a0Les cons\u00e9quences que cela aura, je les laisse aux gens qui s&rsquo;en occupent\u00a0\u00bb, a-t-il ajout\u00e9 en r\u00e9f\u00e9rence \u00e0 son agent, Diego Silvente, qui \u00e9tait pr\u00e9sent.<\/p>\n<p>Malgr\u00e9 cette volont\u00e9 de faire profil bas, <strong>Motorsport.com<\/strong> croit savoir que des discussions ont \u00e9t\u00e9 entam\u00e9es avec plusieurs \u00e9quipes. Les plus solides sont avec Pramac et, si elles venaient \u00e0 se concr\u00e9tiser, l&rsquo;\u00e9quipe alignerait deux d\u00e9butants, puisque <a href=\"https:\/\/fr.motorsport.com\/driver\/toprak-razgatlioglu\/178502\/\" target=\"_blank\" rel=\"noopener nofollow\">Toprak Razgatlioglu<\/a> a d\u00e9j\u00e0 \u00e9t\u00e9 confirm\u00e9, et laisserait <a href=\"https:\/\/fr.motorsport.com\/driver\/miguel-oliveira\/109382\/\" target=\"_blank\" rel=\"noopener nofollow\">Miguel Oliveira<\/a> et <a href=\"https:\/\/fr.motorsport.com\/driver\/jack-miller\/96423\/\" target=\"_blank\" rel=\"noopener nofollow\">Jack Miller<\/a> sans guidon.<\/p>\n<p>Lire aussi :<\/p>\n<p>Miller a entam\u00e9 des pourparlers pour prolonger son contrat, qui expire \u00e0 la fin de l&rsquo;ann\u00e9e. Le cas d&rsquo;Oliveira est diff\u00e9rent\u00a0: il s&rsquo;est engag\u00e9 pour deux ans, avec une clause de performance similaire \u00e0 celle \u00e0 l&rsquo;origine des tensions entre <a href=\"https:\/\/fr.motorsport.com\/driver\/jorge-martin\/109391\/\" target=\"_blank\" rel=\"noopener nofollow\">Jorge Mart\u00edn<\/a> et Aprilia, mais en faveur de l&rsquo;\u00e9quipe. Cela signifie qu&rsquo;il pourrait \u00eatre lib\u00e9r\u00e9 s&rsquo;il n&rsquo;atteint pas une certaine position cet \u00e9t\u00e9, un objectif rendu plus difficile par les blessures qui l&rsquo;ont priv\u00e9 de quatre courses.<\/p>\n<p>   <img decoding=\"async\" draggable=\"false\" src=\"https:\/\/www.europesays.com\/fr\/wp-content\/uploads\/2025\/07\/podium-race-winner-diogo-morei.jpg\" alt=\"Le vainqueur Diogo Moreira, Italtrans Racing Team\" width=\"1200\" height=\"800\" loading=\"lazy\"\/> <\/p>\n<p class=\"title\">Diogo Moreira<\/p>\n<p class=\"photographer\">Photo de: Red Bull Content Pool<\/p>\n<p>Diogo Moreira est \u00e9galement port\u00e9 par un partenariat r\u00e9cemment sign\u00e9 avec Yamaha Br\u00e9sil, qui confirme l&rsquo;int\u00e9r\u00eat de la marque pour le march\u00e9 sud-am\u00e9ricain. Un test a m\u00eame \u00e9t\u00e9 organis\u00e9 sur une Yamaha R1 au Balaton Park il y a quelques jours. Un duo Razgatlioglu-Moreira transformerait Pramac en v\u00e9ritable junior team pour Yamaha, ce qui correspond aux projets de la marque.<\/p>\n<p>Pour Pramac, le sc\u00e9nario id\u00e9al serait que Moreira dispute une ann\u00e9e suppl\u00e9mentaire en Moto2 mais en int\u00e9grant sa structure, avant de rejoindre le MotoGP l&rsquo;ann\u00e9e suivante. Mais <strong>Motorsport.com<\/strong> a appris que si Moreira devait disputer une saison de plus \u00e0 cet \u00e9chelon, il pr\u00e9f\u00e8rerait rester chez Italtrans, o\u00f9 il se sent tr\u00e8s bien.<\/p>\n<p>En plus de Pramac, d&rsquo;autres pistes ont \u00e9t\u00e9 lanc\u00e9es \u00e0 Assen, mais semblent moins avanc\u00e9es. L&rsquo;une d&rsquo;entre elles le m\u00e8ne \u00e0 Aprilia, en visant l&rsquo;\u00e9quipe Trackhouse. Moreira faisait partie des pilotes \u00e9tudi\u00e9s pour un test sur la RS apr\u00e8s le GP d&rsquo;Arag\u00f3n mais il a refus\u00e9 l&rsquo;offre, et <a href=\"https:\/\/fr.motorsport.com\/motogp\/news\/manuel-gonzalez-aprilia-test-aragon\/10730521\/\" rel=\"nofollow noopener\" target=\"_blank\">c&rsquo;est finalement Manuel Gonz\u00e1lez qui a roul\u00e9 sur la machine italienne<\/a>.<\/p>\n<p>Une autre destination possible est Honda, impliqu\u00e9 dans le jeu de chaises musicales en attendant d&rsquo;en savoir plus sur l&rsquo;\u00e9volution de la relation entre Mart\u00edn et Aprilia.<\/p>\n<p>Lire aussi :<\/p>\n<p>Dans cet article<\/p>\n<p>    Oriol Puigdemont\n<\/p>\n<p>    MotoGP\n<\/p>\n<p>    Moto2\n<\/p>\n<p>    Diogo Moreira\n<\/p>\n<p>    Honda HRC\n<\/p>\n<p>    Pramac Racing\n<\/p>\n<p>    Aprilia Racing Team\n<\/p>\n<p>Soyez le premier inform\u00e9 et souscrivez aux alertes mails pour recevoir les infos en temps r\u00e9el<\/p>\n<p>    S&rsquo;abonner aux alertes de news<\/p>\n","protected":false},"excerpt":{"rendered":"Diogo Moreira devient un s\u00e9rieux candidat \u00e0 une arriv\u00e9e en MotoGP l&rsquo;an prochain. Celui qui dispute sa deuxi\u00e8me&hellip;\n","protected":false},"author":2,"featured_media":220525,"comment_status":"","ping_status":"","sticky":false,"template":"","format":"standard","meta":{"footnotes":""},"categories":[1412],"tags":[3563,35965,1451,1452,1453,1454,1455,1011,27,3345,8978,1458,3593,60],"class_list":{"0":"post-220524","1":"post","2":"type-post","3":"status-publish","4":"format-standard","5":"has-post-thumbnail","7":"category-f1","8":"tag-aprilia-racing-team","9":"tag-diogo-moreira","10":"tag-f1","11":"tag-formula-1","12":"tag-formula1","13":"tag-formule-1","14":"tag-formule1","15":"tag-fr","16":"tag-france","17":"tag-honda-hrc","18":"tag-moto2","19":"tag-motogp","20":"tag-pramac-racing","21":"tag-sports"},"share_on_mastodon":{"url":"https:\/\/pubeurope.com\/@fr\/114783360396748970","error":""},"_links":{"self":[{"href":"https:\/\/www.europesays.com\/fr\/wp-json\/wp\/v2\/posts\/220524","targetHints":{"allow":["GET"]}}],"collection":[{"href":"https:\/\/www.europesays.com\/fr\/wp-json\/wp\/v2\/posts"}],"about":[{"href":"https:\/\/www.europesays.com\/fr\/wp-json\/wp\/v2\/types\/post"}],"author":[{"embeddable":true,"href":"https:\/\/www.europesays.com\/fr\/wp-json\/wp\/v2\/users\/2"}],"replies":[{"embeddable":true,"href":"https:\/\/www.europesays.com\/fr\/wp-json\/wp\/v2\/comments?post=220524"}],"version-history":[{"count":0,"href":"https:\/\/www.europesays.com\/fr\/wp-json\/wp\/v2\/posts\/220524\/revisions"}],"wp:featuredmedia":[{"embeddable":true,"href":"https:\/\/www.europesays.com\/fr\/wp-json\/wp\/v2\/media\/220525"}],"wp:attachment":[{"href":"https:\/\/www.europesays.com\/fr\/wp-json\/wp\/v2\/media?parent=220524"}],"wp:term":[{"taxonomy":"category","embeddable":true,"href":"https:\/\/www.europesays.com\/fr\/wp-json\/wp\/v2\/categories?post=220524"},{"taxonomy":"post_tag","embeddable":true,"href":"https:\/\/www.europesays.com\/fr\/wp-json\/wp\/v2\/tags?post=220524"}],"curies":[{"name":"wp","href":"https:\/\/api.w.org\/{rel}","templated":true}]}}