{"id":220535,"date":"2025-07-02T11:22:09","date_gmt":"2025-07-02T11:22:09","guid":{"rendered":"https:\/\/www.europesays.com\/fr\/220535\/"},"modified":"2025-07-02T11:22:09","modified_gmt":"2025-07-02T11:22:09","slug":"ca-paie-tres-bien-letonnante-reconversion-professionnelle-de-senna-emblematique-candidat-de-secret-story-4","status":"publish","type":"post","link":"https:\/\/www.europesays.com\/fr\/220535\/","title":{"rendered":"\u00c7a paie tr\u00e8s bien\u2026\u00a0\u00bb\u00a0: l\u2019\u00e9tonnante reconversion professionnelle de Senna, embl\u00e9matique candidat de \u00ab\u00a0Secret Story 4"},"content":{"rendered":"<p>      R\u00e9sum\u00e9<\/p>\n<p>Senna, ancien candidat de Secret Story 4, a quitt\u00e9 la t\u00e9l\u00e9-r\u00e9alit\u00e9 pour devenir couvreur \u00e0 Paris, trouvant \u00e9panouissement et stabilit\u00e9 dans ce m\u00e9tier manuel et essentiel.<\/p>\n<p>        Sommaire<\/p>\n<p>Souvenez-vous de <strong>Senna<\/strong>, le beau gosse sportif et charismatique qui avait fait chavirer les c\u0153urs dans la saison 4 de Secret Story, en 2010, notamment en formant<a href=\"https:\/\/www.public.fr\/ce-netait-pas-de-lamour-plus-de-10-ans-apres-sa-rupture-avec-amelie-neten-senna-brise-le-silence\" target=\"_blank\" rel=\"noopener\"> le couple le plus sulfureux de la saison avec <strong>Am\u00e9lie Neten<\/strong>.<\/a><\/p>\n<p>Quinze ans plus tard, le jeune homme est m\u00e9connaissable, mais pour de bonnes raisons : il a tourn\u00e9 la page de la t\u00e9l\u00e9-r\u00e9alit\u00e9 pour exercer un m\u00e9tier de terrain, de courage, et de hauteur\u2026 au sens propre du terme. Une \u00e9tonnante reconversion qui s\u00e9duit les internautes. <\/p>\n<p>\u00ab\u00a0C\u2019est un changement radical !\u00a0\u00bb<\/p>\n<p>C\u2019est dans un reportage diffus\u00e9 par la cha\u00eene belge RTL TVI, dont un extrait a \u00e9t\u00e9 publi\u00e9 sur TikTok, que le public a d\u00e9couvert la nouvelle vie de Senna Hounhanou. <\/p>\n<p>Aujourd\u2019hui p\u00e8re de famille et ouvrier qualifi\u00e9, l\u2019ancien finaliste de Secret Story monte chaque jour sur les toits de Paris, o\u00f9 il travaille en tant que couvreur, un m\u00e9tier manuel souvent m\u00e9connu\u2026 mais essentiel.<\/p>\n<blockquote class=\"wp-block-quote is-layout-flow wp-block-quote-is-layout-flow\">\n<p>\u00ab\u00a0C\u2019est un changement radical !\u00a0\u00bb, conc\u00e8de-t-il, sourire aux l\u00e8vres et harnais de s\u00e9curit\u00e9 bien attach\u00e9.<br \/>\u00ab\u00a0Avant, je connaissais Paris pour ses soir\u00e9es. Aujourd\u2019hui, je d\u00e9couvre la ville sous un autre jour.\u00a0\u00bb ajoute celui qui a donc quitt\u00e9 la Belgique pour vivre dans la capitale fran\u00e7aise. <\/p>\n<p>Une nouvelle vie qui a du sens<\/p>\n<p>Exit les plateaux de t\u00e9l\u00e9vision, les tapis rouges et les cam\u00e9ras : Senna s\u2019\u00e9panouit aujourd\u2019hui entre ciel et zinc, sur les toits de la capitale. Et si l\u2019on en croit ses mots, le bonheur est tout l\u00e0-haut, au milieu des tuiles, des goutti\u00e8res et des panoramas \u00e9poustouflants.<\/p>\n<blockquote class=\"wp-block-quote is-layout-flow wp-block-quote-is-layout-flow\">\n<p>\u00ab\u00a0Quelque chose que j\u2019affectionne tout particuli\u00e8rement ici, c\u2019est la vue\u00a0\u00bb, confie-t-il dans le reportage.<br \/>\u00ab\u00a0\u00c0 gauche, j\u2019ai la butte Montmartre. L\u00e0, la Tour Eiffel. Et juste \u00e0 c\u00f4t\u00e9, l\u2019Arc de Triomphe. Quoi de mieux comme conditions de travail ?\u00a0\u00bb<\/p>\n<\/blockquote>\n<p>Une d\u00e9claration simple, mais pleine de gratitude, qui contraste avec l\u2019image souvent futile que certains collent aux anciens candidats de t\u00e9l\u00e9-r\u00e9alit\u00e9. Et si c\u00f4t\u00e9 professionnel tout va pour le mieux, c\u00f4t\u00e9 vie priv\u00e9e, tous les voyants sont \u00e9galement au vert puisque <strong>Senna file le parfait amour avec Marine Mametz, jolie influenceuse de 24 ans<\/strong>. Ensemble, <a href=\"https:\/\/www.public.fr\/bienvenue-au-monde-senna-secret-story-papa-pour-la-seconde-fois\" target=\"_blank\" rel=\"noopener\">ils sont devenus les heureux parents d&rsquo;un petit gar\u00e7on pr\u00e9nomm\u00e9 L\u00e9o<\/a>. <\/p>\n<p>Un salaire confortable ? <\/p>\n<p>Ce nouveau chapitre dans la vie de Senna a touch\u00e9 <strong>en plein c\u0153ur les internautes<\/strong>, qui ont massivement salu\u00e9 son courage et sa reconversion. Sur TikTok, les commentaires sont unanimes :<\/p>\n<blockquote class=\"wp-block-quote is-layout-flow wp-block-quote-is-layout-flow\">\n<p>\u00ab\u00a0<strong>\u00ab\u00a0Les gens n\u00e9gligent ce travail, mais il para\u00eet que \u00e7a paie tr\u00e8s bien\u00a0\u00bb<\/strong>, \u00ab\u00a0Les gens qui critiquent alors que ce m\u00e9tier est bien pay\u00e9, vous \u00eates d\u00e9connect\u00e9s.\u00a0\u00bb, \u00ab\u00a0Au moins, il ne demande pas de cadeaux sur TikTok comme d\u2019autres.\u00a0\u00bb, Il a un vrai m\u00e9tier, il a l\u2019air heureux, et \u00e7a se voit. Bravo champion !\u00a0\u00bb, \u00ab\u00a0C\u2019est un exemple.\u00a0\u00bb, \u00ab\u00a0Un mec respectable, il a su rebondir.\u00a0\u00bb, peut-on lire. <\/p>\n<p>Pour rappel, le couvreur\u00a0met en place les \u00e9chafaudages et les dispositifs de s\u00e9curit\u00e9 avant de s&rsquo;attaquer \u00e0 la toiture. <\/p>\n<\/blockquote>\n<\/blockquote>\n<p>      Mentionn\u00e9s dans cet article<\/p>\n<p>\u00c0 lire aussi<\/p>\n","protected":false},"excerpt":{"rendered":"R\u00e9sum\u00e9 Senna, ancien candidat de Secret Story 4, a quitt\u00e9 la t\u00e9l\u00e9-r\u00e9alit\u00e9 pour devenir couvreur \u00e0 Paris, trouvant&hellip;\n","protected":false},"author":2,"featured_media":220536,"comment_status":"","ping_status":"","sticky":false,"template":"","format":"standard","meta":{"footnotes":""},"categories":[1356],"tags":[58,59,1011,27,12244,29901,16674,252,1364],"class_list":{"0":"post-220535","1":"post","2":"type-post","3":"status-publish","4":"format-standard","5":"has-post-thumbnail","7":"category-television","8":"tag-divertissement","9":"tag-entertainment","10":"tag-fr","11":"tag-france","12":"tag-metier","13":"tag-secret-story","14":"tag-senna","15":"tag-television","16":"tag-tv"},"share_on_mastodon":{"url":"https:\/\/pubeurope.com\/@fr\/114783383938399822","error":""},"_links":{"self":[{"href":"https:\/\/www.europesays.com\/fr\/wp-json\/wp\/v2\/posts\/220535","targetHints":{"allow":["GET"]}}],"collection":[{"href":"https:\/\/www.europesays.com\/fr\/wp-json\/wp\/v2\/posts"}],"about":[{"href":"https:\/\/www.europesays.com\/fr\/wp-json\/wp\/v2\/types\/post"}],"author":[{"embeddable":true,"href":"https:\/\/www.europesays.com\/fr\/wp-json\/wp\/v2\/users\/2"}],"replies":[{"embeddable":true,"href":"https:\/\/www.europesays.com\/fr\/wp-json\/wp\/v2\/comments?post=220535"}],"version-history":[{"count":0,"href":"https:\/\/www.europesays.com\/fr\/wp-json\/wp\/v2\/posts\/220535\/revisions"}],"wp:featuredmedia":[{"embeddable":true,"href":"https:\/\/www.europesays.com\/fr\/wp-json\/wp\/v2\/media\/220536"}],"wp:attachment":[{"href":"https:\/\/www.europesays.com\/fr\/wp-json\/wp\/v2\/media?parent=220535"}],"wp:term":[{"taxonomy":"category","embeddable":true,"href":"https:\/\/www.europesays.com\/fr\/wp-json\/wp\/v2\/categories?post=220535"},{"taxonomy":"post_tag","embeddable":true,"href":"https:\/\/www.europesays.com\/fr\/wp-json\/wp\/v2\/tags?post=220535"}],"curies":[{"name":"wp","href":"https:\/\/api.w.org\/{rel}","templated":true}]}}