{"id":220539,"date":"2025-07-02T11:24:11","date_gmt":"2025-07-02T11:24:11","guid":{"rendered":"https:\/\/www.europesays.com\/fr\/220539\/"},"modified":"2025-07-02T11:24:11","modified_gmt":"2025-07-02T11:24:11","slug":"voir-ce-film-avec-michael-youn-et-kev-adams-gratuitement-au-cinema-cest-possible-a-une-condition-physique","status":"publish","type":"post","link":"https:\/\/www.europesays.com\/fr\/220539\/","title":{"rendered":"Voir ce film avec Micha\u00ebl Youn et Kev Adams gratuitement au cin\u00e9ma, c\u2019est possible \u00e0 une condition (physique)"},"content":{"rendered":"<p>        <img decoding=\"async\" loading=\"lazy\" src=\"https:\/\/www.europesays.com\/fr\/wp-content\/uploads\/2025\/07\/c446c93_upload-1-nrs8hhz7fxws-chauve-3.jpg\"  width=\"728\" height=\"410\" alt=\"\u00ab\u00a0Certains l\u2019aiment chauve\u00a0\u00bb avec Micha\u00ebl Youn et Kev Adams sort en salle le 16\u00a0juillet\"\/>  <\/p>\n<p>CURIOSA FILMS<\/p>\n<p>\u00ab\u00a0Certains l\u2019aiment chauve\u00a0\u00bb avec Micha\u00ebl Youn et Kev Adams sort en salle le 16\u00a0juillet<\/p>\n<p class=\"asset asset-text\">CIN\u00c9MA &#8211; Certains spectateurs n\u2019auront pas besoin de sortir la carte bleue pour voir cette <a href=\"https:\/\/www.huffingtonpost.fr\/culture\/article\/materialists-avec-pedro-pascal-et-dakota-johnson-va-vous-faire-changer-d-avis-sur-les-comedies-romantiques_251754.html\" rel=\"nofollow noopener\" target=\"_blank\">com\u00e9die<\/a> \u00e0 la fran\u00e7aise au cin\u00e9ma. <a href=\"https:\/\/www.huffingtonpost.fr\/divertissement\/article\/pour-la-saison-8-de-mask-singer-tf1-change-a-nouveau-son-jury-d-enqueteurs_252057.html\" rel=\"nofollow noopener\" target=\"_blank\">Micha\u00ebl Youn et Kev Adams<\/a>, stars du<a href=\"https:\/\/www.huffingtonpost.fr\/culture\/article\/au-festival-de-cannes-michael-youn-et-kev-adams-ont-ose-un-look-decoiffant-sur-le-tapis-rouge_250164.html\" rel=\"nofollow noopener\" target=\"_blank\"> film Certains l\u2019aiment chauve<\/a>, ont publi\u00e9 des messages sur les r\u00e9seaux sociaux annon\u00e7ant la gratuit\u00e9 de certaines s\u00e9ances de leur film.<\/p>\n<p class=\"asset asset-text\">Le 10\u00a0juillet, plusieurs cin\u00e9mas de l\u2019Hexagone projetteront en avant-premi\u00e8re le long-m\u00e9trage de Camille Delamarre. Pour la plupart des spectateurs, le ticket d\u2019entr\u00e9e sera payant, mais par pour ceux qui, comme les deux protagonistes du film, sont\u2026 chauves.<\/p>\n<p class=\"asset asset-text\">C\u2019est en effet ce qu\u2019annoncent les posts publi\u00e9s par les deux acteurs sur Facebook et Instagram. On peut y voir l\u2019affiche du film avec une mention indiquant \u00ab\u00a0Gratuit pour les chauves\u00a0\u00bb. Comme cela est pr\u00e9cis\u00e9 en bas de l\u2019affiche, il s\u2019agit en r\u00e9alit\u00e9 d\u2019une offre \u00ab\u00a0une place achet\u00e9e, une place offerte\u00a0\u00bb, \u00e0 condition simplement que l\u2019un des deux spectateurs soit chauve.<\/p>\n<p>         <img decoding=\"async\" loading=\"lazy\" src=\"https:\/\/www.europesays.com\/fr\/wp-content\/uploads\/2025\/07\/e6530f3_upload-1-y2iplkekzluh-chauve-2.jpg\"  width=\"728\" height=\"1346\" alt=\"\"\/>      <\/p>\n<p class=\"asset asset-text\">Les deux com\u00e9diens teasent cette com\u00e9die depuis le Festival de Cannes. Le 17\u00a0mai dernier, ils s\u2019\u00e9taient en effet pr\u00e9sent\u00e9s sur le tapis rouge de la projection du film\u00a0Nouvelle Vague, r\u00e9alis\u00e9 par le r\u00e9alisateur am\u00e9ricain\u00a0<a href=\"https:\/\/www.huffingtonpost.fr\/culture\/article\/le-realisateur-de-boyhood-tourne-sur-12-ans-veut-battre-son-record_150669.html\" rel=\"nofollow noopener\" target=\"_blank\">Richard Linklater<\/a>, portant de faux cr\u00e2nes d\u00e9garnis. On ignore si l\u2019offre commerciale fonctionnera pour celles et ceux qui porteront des proth\u00e8ses de ce type, ou si seuls les \u00ab\u00a0vrais\u00a0\u00bb chauves ou d\u00e9garnis pourront b\u00e9n\u00e9ficier de la gratuit\u00e9.<\/p>\n<p> La lecture de ce contenu est susceptible d\u2019entra\u00eener un d\u00e9p\u00f4t de cookies de la part de l\u2019op\u00e9rateur tiers qui l\u2019h\u00e9berge. Compte-tenu des choix que vous avez exprim\u00e9s en mati\u00e8re de d\u00e9p\u00f4t de cookies, nous avons bloqu\u00e9 l\u2019affichage de ce contenu. Si vous souhaitez y acc\u00e9der, vous devez accepter la cat\u00e9gorie de cookies \u201cContenus tiers\u201d en cliquant sur le bouton ci-dessous. <\/p>\n<p> Lire la Vid\u00e9o        <\/p>\n<p class=\"asset asset-text\">Certains l\u2019aiment chauve \u2013 une r\u00e9f\u00e9rence au film culte avec Marilyn Monroe Certains l\u2019aiment chaud \u2013 sort en salle mercredi 16\u00a0juillet. Au casting du film, on retrouve \u00e9galement Chantal Ladesou et Rayane Bensetti.<\/p>\n<p class=\"asset asset-text\">Le long-m\u00e9trage suit le destin de Zacharie, un jeune trentenaire. Sa petite amie le quitte du jour au lendemain lorsqu\u2019elle comprend qu\u2019il va, dans un futur proche, devenir chauve. Souhaitant lutter contre sa calvitie pr\u00e9coce, Zacharie va demander de l\u2019aide \u00e0 un sp\u00e9cialiste, son oncle Joseph, lui-m\u00eame chauve. Ensemble, les deux hommes vont explorer les diff\u00e9rentes \u00ab\u00a0options\u00a0\u00bb accessibles pour lutter contre la calvitie, et (on l\u2019esp\u00e8re tr\u00e8s fort) en fin de compte l\u2019accepter.<\/p>\n","protected":false},"excerpt":{"rendered":"CURIOSA FILMS \u00ab\u00a0Certains l\u2019aiment chauve\u00a0\u00bb avec Micha\u00ebl Youn et Kev Adams sort en salle le 16\u00a0juillet CIN\u00c9MA &#8211;&hellip;\n","protected":false},"author":2,"featured_media":220540,"comment_status":"","ping_status":"","sticky":false,"template":"","format":"standard","meta":{"footnotes":""},"categories":[1354],"tags":[650,251,58,59,1346,1011,27,6787,1313,1360],"class_list":{"0":"post-220539","1":"post","2":"type-post","3":"status-publish","4":"format-standard","5":"has-post-thumbnail","7":"category-films","8":"tag-cinema","9":"tag-culture","10":"tag-divertissement","11":"tag-entertainment","12":"tag-films","13":"tag-fr","14":"tag-france","15":"tag-kev-adams","16":"tag-michael-youn","17":"tag-movies"},"share_on_mastodon":{"url":"https:\/\/pubeurope.com\/@fr\/114783391866763418","error":""},"_links":{"self":[{"href":"https:\/\/www.europesays.com\/fr\/wp-json\/wp\/v2\/posts\/220539","targetHints":{"allow":["GET"]}}],"collection":[{"href":"https:\/\/www.europesays.com\/fr\/wp-json\/wp\/v2\/posts"}],"about":[{"href":"https:\/\/www.europesays.com\/fr\/wp-json\/wp\/v2\/types\/post"}],"author":[{"embeddable":true,"href":"https:\/\/www.europesays.com\/fr\/wp-json\/wp\/v2\/users\/2"}],"replies":[{"embeddable":true,"href":"https:\/\/www.europesays.com\/fr\/wp-json\/wp\/v2\/comments?post=220539"}],"version-history":[{"count":0,"href":"https:\/\/www.europesays.com\/fr\/wp-json\/wp\/v2\/posts\/220539\/revisions"}],"wp:featuredmedia":[{"embeddable":true,"href":"https:\/\/www.europesays.com\/fr\/wp-json\/wp\/v2\/media\/220540"}],"wp:attachment":[{"href":"https:\/\/www.europesays.com\/fr\/wp-json\/wp\/v2\/media?parent=220539"}],"wp:term":[{"taxonomy":"category","embeddable":true,"href":"https:\/\/www.europesays.com\/fr\/wp-json\/wp\/v2\/categories?post=220539"},{"taxonomy":"post_tag","embeddable":true,"href":"https:\/\/www.europesays.com\/fr\/wp-json\/wp\/v2\/tags?post=220539"}],"curies":[{"name":"wp","href":"https:\/\/api.w.org\/{rel}","templated":true}]}}