{"id":220541,"date":"2025-07-02T11:25:08","date_gmt":"2025-07-02T11:25:08","guid":{"rendered":"https:\/\/www.europesays.com\/fr\/220541\/"},"modified":"2025-07-02T11:25:08","modified_gmt":"2025-07-02T11:25:08","slug":"chikungunya-un-premier-cas-autochtone-du-virus-est-declare-en-nouvelle-aquitaine-sud-ouest","status":"publish","type":"post","link":"https:\/\/www.europesays.com\/fr\/220541\/","title":{"rendered":"Chikungunya : un premier cas autochtone du virus est d\u00e9clar\u00e9 en Nouvelle-Aquitaine &#8211; Sud Ouest"},"content":{"rendered":"<ol>\n<li><a href=\"https:\/\/news.google.com\/rss\/articles\/CBMi0AFBVV95cUxQSE1JOC0xZUlHbXlnREVwRXdCZU9LZVctTVhQYlRKNnlac0pjMGlWZHVpdHBIaFRFd2NRN29RNnhvNmduSnlFYUVLbnVyMVI3UFJDcmg5NVozLWxXeEdYZGEyQ3JFUTFnQ0l2d05teVB2THllcjZBcXhIbG1VdGRuRWFreFk5NS1rSzN0MzlDOVc4SE5CSHNheTZfTHhvRlktODlzWWdTNXhEd0ZIanBXREZlWVFvYUlvSHBjcllFay0yNFh6eEhVQ1FmQ0ZLM0VO?oc=5\" target=\"_blank\" rel=\"nofollow noopener\">Chikungunya : un premier cas autochtone du virus est d\u00e9clar\u00e9 en Nouvelle-Aquitaine<\/a>&nbsp;&nbsp;Sud Ouest<\/li>\n<li><a href=\"https:\/\/news.google.com\/rss\/articles\/CBMivgFBVV95cUxOWnJuczgza0dFaTZNb2ppLWFPY1pwTG4tSW5iSEpUdjgyWjZ4Rldka0pJdEFUR0hiaTA5VFo2SEdEMEVnR05pVWNNZkJzejRrR0tkcDN6QXFfcU1yTUVoZmVZYU16YXAzRC1BRExQYmpuUmxVaUV3d0lQUjRCZ3M0eWpxYlJkaDF4andXWU1aWUZtSVpNSlpheFdhcWRLSnZWTU9GM0VFTGVxTXNlWWNHSE9XdUxxWHdUcGJFWkl3?oc=5\" target=\"_blank\" rel=\"nofollow noopener\">Chikungunya : un premier cas de transmission de la maladie en Alsace<\/a>&nbsp;&nbsp;francebleu.fr<\/li>\n<li><a href=\"https:\/\/news.google.com\/rss\/articles\/CBMiwwFBVV95cUxORUotbUZUak8tR3ctMEZvWWFoN1hNX2xaX3kwNFlKemtDcS1Wb2FKTndJcGE0d082Rl9rUThZRFNOdFQ4cHQ5dGVrNGE0VUlkM3I5ZnF6UWxWcnBpNnpDNkphcDNtR081Y3QxeGI3MXY0cFJSa1p5c3pkT1lLdld3OHhQOWVNbUoxNUFVaUZLSnJ4QkpOYjI1WVBwaDZiZHhvcjNuUkRacTRtcXpTUzNUaEw0bU96dWNrRjlwQnR4dlZObmc?oc=5\" target=\"_blank\" rel=\"nofollow noopener\">Haut-Rhin. Op\u00e9ration de traitement contre le moustique tigre apr\u00e8s un cas de dengue \u00e0 Colmar<\/a>&nbsp;&nbsp;les Derni\u00e8res Nouvelles d&rsquo;Alsace<\/li>\n<li><a href=\"https:\/\/news.google.com\/rss\/articles\/CBMiuwFBVV95cUxPUHBlY215YmVVR19kank3R1lFZWRDWDBwYU52VFBPYTNEcFBPR016Y08wZ3JWb2lvTl9iek1xREpSQ0JjSUx3M0daT24temprU1NQenFsYmRObXM5c0Z0VVRoeVZnZXNfdHMzdEJjZ1IwN1oxdG9LbklCRDRVV2c4TDkxakRyY1F4bGh4d004UlFMNkswSXFXUGRlTmF4cE84WE9mTEZ2TEpVYnh3RURBMGdrSk1uMnNmeVdn?oc=5\" target=\"_blank\" rel=\"nofollow noopener\">Un premier cas \u00ab autochtone \u00bb de chikungunya identifi\u00e9 pr\u00e8s de Strasbourg<\/a>&nbsp;&nbsp;20 Minutes<\/li>\n<li><a href=\"https:\/\/news.google.com\/rss\/articles\/CBMi3gFBVV95cUxPbjJPNU82ckJVaElDUllyZVBoeW5aMjNYTTRZRS1UQXFEdGdxdTgyM2FaWVhsMk9KYmtuNnBpSjRHLXRzNlYyc0VGRE14cVgyWFh2Ym1hWS1KNDNDMzZmRnpVV1BCcXl6OGlKMG9PVG5PaFBpanNPLVZwd2JhdDdicFc1VkhrQTVCSFBPeTdzUmU1N05kZklfYUhfNmNjLWtrTzhldlBCbUFIMEtFQkV6MTJjRFdLeS1zbVpaWkpZbjBhWlNXdmpfTVJyZ2ViNldUaHVWbDY1TC1QWTEzWVE?oc=5\" target=\"_blank\" rel=\"nofollow noopener\">Six cas import\u00e9s de chikungunya en Indre-et-Loire : un m\u00e9decin appelle \u00e0 la vigilance<\/a>&nbsp;&nbsp;lanouvellerepublique.fr<\/li>\n<\/ol>\n","protected":false},"excerpt":{"rendered":"Chikungunya : un premier cas autochtone du virus est d\u00e9clar\u00e9 en Nouvelle-Aquitaine&nbsp;&nbsp;Sud Ouest Chikungunya : un premier cas&hellip;\n","protected":false},"author":2,"featured_media":220542,"comment_status":"","ping_status":"","sticky":false,"template":"","format":"standard","meta":{"footnotes":""},"categories":[10],"tags":[1011,27,72,71],"class_list":{"0":"post-220541","1":"post","2":"type-post","3":"status-publish","4":"format-standard","5":"has-post-thumbnail","7":"category-sante","8":"tag-fr","9":"tag-france","10":"tag-health","11":"tag-sante"},"share_on_mastodon":{"url":"https:\/\/pubeurope.com\/@fr\/114783395739110716","error":""},"_links":{"self":[{"href":"https:\/\/www.europesays.com\/fr\/wp-json\/wp\/v2\/posts\/220541","targetHints":{"allow":["GET"]}}],"collection":[{"href":"https:\/\/www.europesays.com\/fr\/wp-json\/wp\/v2\/posts"}],"about":[{"href":"https:\/\/www.europesays.com\/fr\/wp-json\/wp\/v2\/types\/post"}],"author":[{"embeddable":true,"href":"https:\/\/www.europesays.com\/fr\/wp-json\/wp\/v2\/users\/2"}],"replies":[{"embeddable":true,"href":"https:\/\/www.europesays.com\/fr\/wp-json\/wp\/v2\/comments?post=220541"}],"version-history":[{"count":0,"href":"https:\/\/www.europesays.com\/fr\/wp-json\/wp\/v2\/posts\/220541\/revisions"}],"wp:featuredmedia":[{"embeddable":true,"href":"https:\/\/www.europesays.com\/fr\/wp-json\/wp\/v2\/media\/220542"}],"wp:attachment":[{"href":"https:\/\/www.europesays.com\/fr\/wp-json\/wp\/v2\/media?parent=220541"}],"wp:term":[{"taxonomy":"category","embeddable":true,"href":"https:\/\/www.europesays.com\/fr\/wp-json\/wp\/v2\/categories?post=220541"},{"taxonomy":"post_tag","embeddable":true,"href":"https:\/\/www.europesays.com\/fr\/wp-json\/wp\/v2\/tags?post=220541"}],"curies":[{"name":"wp","href":"https:\/\/api.w.org\/{rel}","templated":true}]}}