{"id":220546,"date":"2025-07-02T11:28:37","date_gmt":"2025-07-02T11:28:37","guid":{"rendered":"https:\/\/www.europesays.com\/fr\/220546\/"},"modified":"2025-07-02T11:28:37","modified_gmt":"2025-07-02T11:28:37","slug":"les-meilleures-offres-sur-amazon-fnac","status":"publish","type":"post","link":"https:\/\/www.europesays.com\/fr\/220546\/","title":{"rendered":"les meilleures offres sur Amazon, Fnac&#8230;"},"content":{"rendered":"<p>Cela fait d\u00e9j\u00e0 une semaine que les soldes d\u2019\u00e9t\u00e9 ont d\u00e9but\u00e9 sur l\u2019Hexagone et vient d\u00e8s aujourd\u2019hui la deuxi\u00e8me d\u00e9marque, avec elle de nombreuses nouvelles promotions et baisses de prix. On fait le tri des meilleures offres pour vous !<\/p>\n<p><a target=\"_blank\" href=\"https:\/\/images.frandroid.com\/wp-content\/uploads\/2025\/07\/soldes-dete-2025-deuxieme-demarque-1.jpg\" class=\"article-content__figure\" rel=\"noopener\"><img loading=\"lazy\" decoding=\"async\" width=\"1200\" height=\"799\" src=\"https:\/\/www.europesays.com\/fr\/wp-content\/uploads\/2025\/07\/soldes-dete-2025-deuxieme-demarque-1.jpg\" alt=\"\" class=\"wp-image-2717653 wp-image wp-image\"  \/><\/a><\/p>\n<p>Il n\u2019est jamais trop tard pour faire de bonnes affaires pendant les soldes d\u2019\u00e9t\u00e9 ! La deuxi\u00e8me d\u00e9marque vient juste de commencer, et il reste encore deux d\u00e9marques apr\u00e8s \u00e7a. Plus vous attendrez, plus vous aurez l\u2019opportunit\u00e9 de payer de moins en moins, mais cela d\u00e9pend \u00e9videmment des stocks des e-commer\u00e7ants. <\/p>\n<p>Bref, si vous recherchez \u00e0 faire l\u2019acquisition d\u2019un nouveau <a href=\"https:\/\/www.frandroid.com\/bons-plans\/bons-plans-smartphone\" target=\"_blank\" rel=\"noreferrer noopener\">smartphone<\/a>, <a href=\"https:\/\/www.frandroid.com\/bons-plans\/bons-plans-tablette\" target=\"_blank\" rel=\"noreferrer noopener\">tablette<\/a>, <a href=\"https:\/\/www.frandroid.com\/bons-plans\/bons-plans-pc-portable\" target=\"_blank\" rel=\"noreferrer noopener\">PC portable<\/a>, <a href=\"https:\/\/www.frandroid.com\/bons-plans\/bons-plans-audio\" target=\"_blank\" rel=\"noreferrer noopener\">casque ou \u00e9couteurs sans fil<\/a> et <a href=\"https:\/\/www.frandroid.com\/bons-plans\/bons-plans-tv\" target=\"_blank\" rel=\"noreferrer noopener\">TV 4K<\/a>, vous \u00eates au bon endroit ! La liste des offres sera tr\u00e8s r\u00e9guli\u00e8rement mise \u00e0 jour, revenez donc y faire un tour plus tard si vous ne trouvez pas votre bonheur la premi\u00e8re fois. <\/p>\n<p>Les meilleures offres de la 2\u00e8me d\u00e9marque des soldes d\u2019\u00e9t\u00e9<\/p>\n<p>                                            12:32<br \/>\n                                                                Rowenta Turbo Silence Extreme<\/p>\n<p>Apr\u00e8s une l\u00e9g\u00e8re rupture de stock, le ventilateur Rowenta Turbo Silence Extreme est de retour en promotion pour la deuxi\u00e8me d\u00e9marque.<\/p>\n<p><img class=\"wp-image wp-image\" decoding=\"async\" src=\"https:\/\/www.europesays.com\/fr\/wp-content\/uploads\/2025\/07\/rowenta-turbo-silence-extreme-soldes-ete-frandroid.jpg\"\/><\/p>\n<ul class=\"wp-block-list\">\n<li>Un flux d\u2019air qui envoie (72 m\u00b3\/min)<\/li>\n<li>Un niveau sonore plancher (45 dB)<\/li>\n<li>Une orientation souple et oscillante pour couvrir toute la pi\u00e8ce<\/li>\n<\/ul>\n<p>Au lieu de 139 euros, le Rowenta Turbo Silence Extreme est\u00a0<a href=\"https:\/\/shop.frandroid.com\/nn5vgpsv\" target=\"_blank\" rel=\"noreferrer noopener affiliate nofollow\" data-type=\"link\" data-id=\"https:\/\/www.amazon.fr\/Rowenta-VU5640F0-Turbo-Silence-Ventilateur\/dp\/B01891LZBY\/\" data-gtm=\"{&quot;event&quot;:&quot;afficlic&quot;,&quot;nom_marchand&quot;:&quot;amazon_fr&quot;,&quot;nom_produit&quot;:&quot;inconnu&quot;,&quot;categorie_produit&quot;:&quot;inconnu&quot;,&quot;module_produit&quot;:&quot;editolink&quot;,&quot;position_marchand&quot;:0,&quot;texte&quot;:&quot;aujourd-hui-disponible-en-promotion-a-79-euros-sur-amazon&quot;,&quot;offer_url&quot;:&quot;https:\/\/shop.frandroid.com\/nn5vgpsv&quot;,&quot;zone&quot;:&quot;contenu-page&quot;}\">aujourd\u2019hui disponible en promotion \u00e0 79 euros sur Amazon<\/a>.<\/p>\n<p>                                            12:25<br \/>\n                                                                Samsung Galaxy Watch FE<\/p>\n<p>La Samsung Galaxy Watch FE est une version de la c\u00e9l\u00e8bre smartwatch avec quelques concessions techniques pour proposer un prix bas.<\/p>\n<p><a href=\"https:\/\/images.frandroid.com\/wp-content\/uploads\/2025\/07\/samsung-galaxy-watch-fe-soldes-dete-2025.jpg\" target=\"_blank\" rel=\"noopener\" class=\"article-content__figure\"><img fetchpriority=\"high\" loading=\"eager\" decoding=\"async\" width=\"1200\" height=\"675\" class=\"wp-image-2716531 wp-image wp-image\" src=\"https:\/\/www.europesays.com\/fr\/wp-content\/uploads\/2025\/07\/samsung-galaxy-watch-fe-soldes-dete-2025-1200x675.jpg\" alt=\"\"  \/><\/a><\/p>\n<ul class=\"wp-block-list\">\n<li style=\"list-style-type: none\">\n<ul class=\"wp-block-list\">\n<li>L\u2019\u00e9cran AMOLED pour sa lisibilit\u00e9, sa solidit\u00e9 et son confort<\/li>\n<\/ul>\n<\/li>\n<\/ul>\n<ul class=\"wp-block-list\">\n<li style=\"list-style-type: none\">\n<ul class=\"wp-block-list\">\n<li>L\u2019\u00e9cosyst\u00e8me Google complet : apps, paiement, GPS, assistant vocal<\/li>\n<\/ul>\n<\/li>\n<\/ul>\n<ul class=\"wp-block-list\">\n<li style=\"list-style-type: none\">\n<ul class=\"wp-block-list\">\n<li>La pr\u00e9cision des mesures de sant\u00e9<\/li>\n<\/ul>\n<\/li>\n<\/ul>\n<p>La Samsung Galaxy Watch FE a \u00e9t\u00e9 lanc\u00e9e, en juin 2024, pour 229 euros. De l\u2019eau a coul\u00e9 sous les ponts et gr\u00e2ce aux soldes d\u2019\u00e9t\u00e9 2025, elle est <a href=\"https:\/\/shop.frandroid.com\/ezf2oki2\" target=\"_blank\" rel=\"noreferrer noopener affiliate nofollow\" data-gtm=\"{&quot;event&quot;:&quot;afficlic&quot;,&quot;nom_marchand&quot;:&quot;e_leclerc&quot;,&quot;nom_produit&quot;:&quot;inconnu&quot;,&quot;categorie_produit&quot;:&quot;inconnu&quot;,&quot;module_produit&quot;:&quot;editolink&quot;,&quot;position_marchand&quot;:0,&quot;texte&quot;:&quot;disponible-a-129-euros&quot;,&quot;offer_url&quot;:&quot;https:\/\/shop.frandroid.com\/ezf2oki2&quot;,&quot;zone&quot;:&quot;contenu-page&quot;}\">disponible \u00e0 99 euros<\/a> chez E.Leclerc.<\/p>\n<p>                12:12<\/p>\n<p>                    Bo\u00eete Sosh avec Livebox S<\/p>\n<p>Nouvelle box avec une connexion bien stable, fibre tr\u00e8s haut d\u00e9bit, appels illimit\u00e9s vers les fixes de plus de 100 destinations\u2026 Sosh ne fait pas les choses \u00e0 moiti\u00e9 avec sa Bo\u00eete Sosh Fibre et sa Livebox S.<\/p>\n<p><a href=\"https:\/\/images.frandroid.com\/wp-content\/uploads\/2025\/07\/offre-fibre-sosh-soldes-ete-2025.jpg\" target=\"_blank\" rel=\"noopener\" class=\"article-content__figure\"><img loading=\"lazy\" decoding=\"async\" width=\"1200\" height=\"675\" class=\"wp-image-2717689 wp-image wp-image\" src=\"https:\/\/www.europesays.com\/fr\/wp-content\/uploads\/2025\/07\/offre-fibre-sosh-soldes-ete-2025-1200x675.jpg\" alt=\"\"  \/><\/a><\/p>\n<ul class=\"wp-block-list\">\n<li style=\"list-style-type: none\">\n<ul class=\"wp-block-list\">\n<li>La Livebox S avec le Wi-Fi 7<\/li>\n<\/ul>\n<\/li>\n<\/ul>\n<ul class=\"wp-block-list\">\n<li style=\"list-style-type: none\">\n<ul class=\"wp-block-list\">\n<li>Jusqu\u2019\u00e0 2 Gbits\/s en t\u00e9l\u00e9chargement<\/li>\n<\/ul>\n<\/li>\n<\/ul>\n<ul class=\"wp-block-list\">\n<li style=\"list-style-type: none\">\n<ul class=\"wp-block-list\">\n<li>Les appels illimit\u00e9s vers les fixes<\/li>\n<\/ul>\n<\/li>\n<\/ul>\n<p>Actuellement, l\u2019abonnement Bo\u00eete Sosh Fibre avec la r\u00e9cente Livebox S est <a href=\"https:\/\/shop.frandroid.com\/jg6nyxom\" target=\"_blank\" rel=\"noreferrer noopener affiliate nofollow\" data-gtm=\"{&quot;event&quot;:&quot;afficlic&quot;,&quot;nom_marchand&quot;:&quot;sosh&quot;,&quot;nom_produit&quot;:&quot;inconnu&quot;,&quot;categorie_produit&quot;:&quot;inconnu&quot;,&quot;module_produit&quot;:&quot;editolink&quot;,&quot;position_marchand&quot;:0,&quot;texte&quot;:&quot;disponible-a-19-99-euros-par-mois-pendant-un-an&quot;,&quot;offer_url&quot;:&quot;https:\/\/shop.frandroid.com\/jg6nyxom&quot;,&quot;zone&quot;:&quot;contenu-page&quot;}\">disponible \u00e0 19,99 euros par mois pendant un an<\/a>, avant de repasser \u00e0 24,99 euros. Et c\u2019est sans engagement.<\/p>\n<p>                                            11:59<br \/>\n                                                                HP Victus 15-fb2032<\/p>\n<p>Les soldes d\u2019\u00e9t\u00e9 sont aussi l\u2019occasion de faire de tr\u00e8s bonnes affaires niveau PC portables taill\u00e9s pour le jeu vid\u00e9o. En ce moment, c\u2019est le HP Victus 15-fb2032 qui m\u00e9rite votre attention.<\/p>\n<p><a href=\"https:\/\/images.frandroid.com\/wp-content\/uploads\/2025\/07\/hp-victus-15fb2032-soldes-ete-2025.jpg\" target=\"_blank\" rel=\"noopener\" class=\"article-content__figure\"><img loading=\"lazy\" decoding=\"async\" width=\"1200\" height=\"675\" class=\"wp-image-2717549 wp-image wp-image\" src=\"https:\/\/www.europesays.com\/fr\/wp-content\/uploads\/2025\/07\/hp-victus-15fb2032-soldes-ete-2025-1200x675.jpg\" alt=\"\"  \/><\/a><\/p>\n<ul class=\"wp-block-list\">\n<li style=\"list-style-type: none\">\n<ul class=\"wp-block-list\">\n<li>Une grande dalle IPS Full HD de 15,6 pouces<\/li>\n<\/ul>\n<\/li>\n<\/ul>\n<ul class=\"wp-block-list\">\n<li style=\"list-style-type: none\">\n<ul class=\"wp-block-list\">\n<li>Un combo Ryzen 5 + Radeon RX 6550M + 16 Go de RAM<\/li>\n<\/ul>\n<\/li>\n<\/ul>\n<p>Initialement affich\u00e9 \u00e0 949,99 euros, le PC portable HP Victus 15-fb2032 est aujourd\u2019hui <a href=\"https:\/\/shop.frandroid.com\/u98jjbn3\" target=\"_blank\" rel=\"noreferrer noopener affiliate nofollow\" data-gtm=\"{&quot;event&quot;:&quot;afficlic&quot;,&quot;nom_marchand&quot;:&quot;darty&quot;,&quot;nom_produit&quot;:&quot;inconnu&quot;,&quot;categorie_produit&quot;:&quot;inconnu&quot;,&quot;module_produit&quot;:&quot;editolink&quot;,&quot;position_marchand&quot;:0,&quot;texte&quot;:&quot;disponible-en-promotion-a-649-99-euros-chez-darty&quot;,&quot;offer_url&quot;:&quot;https:\/\/shop.frandroid.com\/u98jjbn3&quot;,&quot;zone&quot;:&quot;contenu-page&quot;}\">disponible en promotion \u00e0 649,99 euros chez Darty<\/a>.<\/p>\n<p>                                            11:48<br \/>\n                                                                LG OLED55B4<\/p>\n<p>Parmi\u00a0les t\u00e9l\u00e9viseurs Oled LG de 2024, la s\u00e9rie B4 est l\u2019option la plus \u00e9conomique pour profiter d\u2019une bonne qualit\u00e9 d\u2019image sans se ruiner. Autrefois, cette gamme \u00e9tait per\u00e7ue comme un compromis entre qualit\u00e9 et prix, mais LG a donn\u00e9 \u00e0 cette\u00a0s\u00e9rie B4 un air r\u00e9solument haut de gamme\u00a0: \u00e9cran OLED qui pointe \u00e0 120 Hz, ports HDMI 2.1\u2026<\/p>\n<p><a href=\"https:\/\/images.frandroid.com\/wp-content\/uploads\/2025\/07\/lg-oled-55b4-soldes-dete-2025.jpg\" target=\"_blank\" rel=\"noopener\" class=\"article-content__figure\"><img loading=\"lazy\" decoding=\"async\" class=\"aligncenter size-large wp-image-2717837 wp-image wp-image\" src=\"https:\/\/www.europesays.com\/fr\/wp-content\/uploads\/2025\/07\/lg-oled-55b4-soldes-dete-2025-1200x799.jpg\" alt=\"\" width=\"1200\" height=\"799\"  \/><\/a><\/p>\n<ul class=\"wp-block-list\">\n<li>Une dalle 4K OLED de 55 pouces<\/li>\n<li>Un taux de rafra\u00eechissement pouvant atteindre 120 Hz<\/li>\n<li>Compatible HDR10, HLG et Dolby Vision<\/li>\n<li>Des ports HDMI 2.1<\/li>\n<\/ul>\n<p>De base \u00e0 1 290 euros, le TV LG OLED55B4 est actuellement propos\u00e9\u00a0<a href=\"https:\/\/shop.frandroid.com\/8mjfg3e6\" target=\"_blank\" rel=\"sponsored nofollow noopener\" data-gtm=\"{&quot;event&quot;:&quot;afficlic&quot;,&quot;nom_marchand&quot;:&quot;Cdiscount&quot;,&quot;nom_produit&quot;:&quot;inconnu&quot;,&quot;categorie_produit&quot;:&quot;inconnu&quot;,&quot;module_produit&quot;:&quot;editolink&quot;,&quot;position_marchand&quot;:0,&quot;texte&quot;:&quot;en-promotion-a-799-euros-sur-Cdiscount&quot;}\">en promotion \u00e0 799 euros sur Cdiscount<\/a>.<\/p>\n<p>                                            11:35<br \/>\n                                                                MSI Claw<\/p>\n<p>Malgr\u00e9 ses quelques d\u00e9fauts, la MSI Claw reste une excellente copie version team bleue de la ROG Ally. Cette console portable peut en int\u00e9resser plus d\u2019un, surtout maintenant qu\u2019elle se n\u00e9gocie moins cher qu\u2019une Switch 2.<\/p>\n<p><a href=\"https:\/\/images.frandroid.com\/wp-content\/uploads\/2025\/07\/msi-claw-soldes-dete-2025.jpg\" target=\"_blank\" rel=\"noopener\" class=\"article-content__figure\"><img loading=\"lazy\" decoding=\"async\" class=\"aligncenter size-large wp-image-2717809 wp-image wp-image\" src=\"https:\/\/www.europesays.com\/fr\/wp-content\/uploads\/2025\/07\/msi-claw-soldes-dete-2025-1200x799.jpg\" alt=\"\" width=\"1200\" height=\"799\"  \/><\/a><\/p>\n<ul class=\"wp-block-list\">\n<li>Pour son ergonomie parfaite<\/li>\n<li>Son logiciel sous Windows<\/li>\n<li>Sa chauffe tr\u00e8s bien ma\u00eetris\u00e9e<\/li>\n<\/ul>\n<p>Lanc\u00e9e \u00e0 799 euros, la MSI Claw AM1-042FR sous Intel Core Ultra 5 et avec 512 Go de SSD se retrouve aujourd\u2019hui <a href=\"https:\/\/shop.frandroid.com\/steflmkf\" target=\"_blank\" rel=\"sponsored nofollow noopener\" data-gtm=\"{&quot;event&quot;:&quot;afficlic&quot;,&quot;nom_marchand&quot;:&quot;E&quot;,&quot;nom_produit&quot;:&quot;inconnu&quot;,&quot;categorie_produit&quot;:&quot;inconnu&quot;,&quot;module_produit&quot;:&quot;editolink&quot;,&quot;position_marchand&quot;:0,&quot;texte&quot;:&quot;en-promotion-a-429-99-euros-chez-E-Leclerc&quot;}\">en promotion \u00e0 429,99 euros chez E.Leclerc<\/a>.<\/p>\n<p>                                            11:23<br \/>\n                                                                MSI Katana 15 (RTX 5070)<\/p>\n<p>En mati\u00e8re d\u2019ordinateurs portables destin\u00e9s au gaming, MSI figure en bonne place parmi les meilleurs constructeurs du march\u00e9.\u00a0Son Katana 15 HX B14WGK-006FR, avec une puce Intel de 14e g\u00e9n\u00e9ration et une RTX 5070, est parfait pour jouer partout, tout le temps, dans les meilleures conditions.<\/p>\n<p><img class=\"wp-image wp-image\" decoding=\"async\" src=\"https:\/\/www.europesays.com\/fr\/wp-content\/uploads\/2025\/07\/msi-katana-15-hx-b14wgk-soldes-dete-2025.jpg\"\/><\/p>\n<p>Avec un prix barr\u00e9 \u00e0 1 999,99 euros, le MSI Katana 15 HX B14WGK-006FR est en ce moment\u00a0<a href=\"https:\/\/shop.frandroid.com\/irwol3ei\" target=\"_blank\" rel=\"noreferrer noopener affiliate nofollow\" data-gtm=\"{&quot;event&quot;:&quot;afficlic&quot;,&quot;nom_marchand&quot;:&quot;grosbill&quot;,&quot;nom_produit&quot;:&quot;inconnu&quot;,&quot;categorie_produit&quot;:&quot;inconnu&quot;,&quot;module_produit&quot;:&quot;editolink&quot;,&quot;position_marchand&quot;:0,&quot;texte&quot;:&quot;en-promotion-a-1-499-99-euros-sur-le-site-grosbill&quot;,&quot;offer_url&quot;:&quot;https:\/\/shop.frandroid.com\/irwol3ei&quot;,&quot;zone&quot;:&quot;contenu-page&quot;}\">en promotion \u00e0 1 499,99 euros sur le site grosbill<\/a>. On le trouve\u00a0<a href=\"https:\/\/shop.frandroid.com\/ktbpnqp3\" target=\"_blank\" rel=\"noreferrer noopener affiliate nofollow\" data-gtm=\"{&quot;event&quot;:&quot;afficlic&quot;,&quot;nom_marchand&quot;:&quot;cybertek&quot;,&quot;nom_produit&quot;:&quot;inconnu&quot;,&quot;categorie_produit&quot;:&quot;inconnu&quot;,&quot;module_produit&quot;:&quot;editolink&quot;,&quot;position_marchand&quot;:0,&quot;texte&quot;:&quot;au-meme-prix-sur-le-site-de-cyber-tek&quot;,&quot;offer_url&quot;:&quot;https:\/\/shop.frandroid.com\/ktbpnqp3&quot;,&quot;zone&quot;:&quot;contenu-page&quot;}\">au m\u00eame prix sur le site de CyberTek<\/a>.<\/p>\n<p>                11:22<\/p>\n<p>                    Nintendo Switch 2 Pro Controller<\/p>\n<p>Plus performante que la premi\u00e8re version, la Nintendo Switch 2 Pro Controller est un accessoire id\u00e9al qui permet d\u2019exploiter tout le potentiel de la r\u00e9cente console de la marque.<\/p>\n<p><img class=\"wp-image wp-image\" decoding=\"async\" src=\"https:\/\/www.europesays.com\/fr\/wp-content\/uploads\/2025\/07\/manette-nintendo-switch-2-pro-soldes-dete-2025.jpg\"\/><\/p>\n<p>Habituellement vendue \u00e0 89,99 euros, la manette Nintendo Switch 2 Pro Controller est aujourd\u2019hui\u00a0<a href=\"https:\/\/shop.frandroid.com\/r0xapfx7\" target=\"_blank\" rel=\"noreferrer noopener affiliate nofollow\" data-type=\"link\" data-id=\"https:\/\/www.amazon.fr\/dp\/B0F3JR79YY?smid=A1X6FK5RDHNB96&amp;tag=egcdealabs2-21&amp;ascsubtag=ppr-fr-1760799832\" data-gtm=\"{&quot;event&quot;:&quot;afficlic&quot;,&quot;nom_marchand&quot;:&quot;amazon_fr&quot;,&quot;nom_produit&quot;:&quot;inconnu&quot;,&quot;categorie_produit&quot;:&quot;inconnu&quot;,&quot;module_produit&quot;:&quot;editolink&quot;,&quot;position_marchand&quot;:0,&quot;texte&quot;:&quot;affichee-a-79-90-euros-sur-amazon&quot;,&quot;offer_url&quot;:&quot;https:\/\/shop.frandroid.com\/r0xapfx7&quot;,&quot;zone&quot;:&quot;contenu-page&quot;}\">affich\u00e9e \u00e0 79,90 euros sur Amazon<\/a>. On la trouve aussi au m\u00eame prix\u00a0<a href=\"https:\/\/shop.frandroid.com\/8kn2gxj2\" target=\"_blank\" rel=\"noreferrer noopener affiliate nofollow\">chez E.Leclerc<\/a>.<\/p>\n<p>Les meilleures offres encore disponibles de la 1\u00e8re d\u00e9marque<\/p>\n<p>Sony WH-1000XM4<\/p>\n<p>Le Sony WH-1000XM4 est un casque Bluetooth \u00e0 r\u00e9duction de bruit active qui est une vraie r\u00e9f\u00e9rence dans le domaine. M\u00eame si depuis est sortie le XM6, il reste un bon casque \u00e0 conseiller et qui se trouve bien plus abordable lors des soldes.<\/p>\n<p><a href=\"https:\/\/images.frandroid.com\/wp-content\/uploads\/2025\/06\/sony-wh-1000xm4-soldes-dete-2025.jpg\" target=\"_blank\" rel=\"noreferrer noopener\" class=\"article-content__figure\"><img loading=\"lazy\" decoding=\"async\" width=\"1200\" height=\"799\" src=\"https:\/\/www.europesays.com\/fr\/wp-content\/uploads\/2025\/06\/sony-wh-1000xm4-soldes-dete-2025-1200x799.jpg\" alt=\"\" class=\"wp-image-2659391 wp-image\"  \/><\/a><\/p>\n<p>Habituellement vendu \u00e0 269 euros, le Sony WH-1000XM4 est aujourd\u2019hui <a href=\"https:\/\/shop.frandroid.com\/p2m713p0\" target=\"_blank\" rel=\"noreferrer noopener affiliate nofollow\">propos\u00e9 seulement \u00e0 206,99 euros sur le site Boulanger<\/a> avec le code promo <strong>AUDIO10<\/strong>.<\/p>\n<p>On trouve \u00e9galement le XM5 <a href=\"https:\/\/shop.frandroid.com\/fuxyhic8\" target=\"_blank\" rel=\"noreferrer noopener affiliate nofollow\">en promotion \u00e0 299 euros<\/a> chez Boulanger, au lieu de 419 euros \u00e0 son lancement.<\/p>\n<p>Apple iPad 10<\/p>\n<p>L\u2019iPad 10 est une tablette tactile con\u00e7ue par Apple en 2022, \u00e0 retrouver aujourd\u2019hui \u00e0 seulement 299 euros sur Amazon dans sa version Wi-Fi 64 Go, ou \u00e0 379 euros avec 256 Go de stockage.<\/p>\n<p><a href=\"https:\/\/images.frandroid.com\/wp-content\/uploads\/2025\/06\/ipad-10-soldes-dete-2025-1.jpg\" target=\"_blank\" rel=\"noreferrer noopener\" class=\"article-content__figure\"><img loading=\"lazy\" decoding=\"async\" width=\"1200\" height=\"799\" src=\"https:\/\/www.europesays.com\/fr\/wp-content\/uploads\/2025\/07\/ipad-10-soldes-dete-2025-1-1200x799.jpg\" alt=\"\" class=\"wp-image-2716169 wp-image\"  \/><\/a><\/p>\n<p>En ce moment sur Amazon, l\u2019iPad 10 (64 Go) est <a href=\"https:\/\/shop.frandroid.com\/qn7ljwj7\" target=\"_blank\" rel=\"noreferrer noopener affiliate nofollow\">\u00e0 seulement 299 euros<\/a>. Notez que la tablette d\u2019Apple coutait 589 euros \u00e0 son lancement. On trouve aussi <a href=\"https:\/\/shop.frandroid.com\/4co0n89i\" target=\"_blank\" rel=\"noreferrer noopener affiliate nofollow\">le mod\u00e8le 256 Go \u00e0 seulement 379 euros<\/a>.<\/p>\n<p>Samsung Galaxy S25<\/p>\n<p>Le Galaxy S25 est l\u2019un des derniers repr\u00e9sentants de panier haut de gamme de Samsung en 2025. C\u2019est un smartphone Android qui r\u00e9serve quelques surprises, \u00e0 commencer par son prix pendant ces soldes.<\/p>\n<p><a href=\"https:\/\/images.frandroid.com\/wp-content\/uploads\/2025\/06\/samsung-galaxy-s25-soldes-ete-2025.jpg\" target=\"_blank\" rel=\"noreferrer noopener\" class=\"article-content__figure\"><img loading=\"lazy\" decoding=\"async\" width=\"1200\" height=\"799\" src=\"https:\/\/www.europesays.com\/fr\/wp-content\/uploads\/2025\/06\/samsung-galaxy-s25-soldes-ete-2025-1200x799.jpg\" alt=\"\" class=\"wp-image-2713175 wp-image\"  \/><\/a><\/p>\n<p>Lors de sa sortie en d\u00e9but d\u2019ann\u00e9e, le Samsung Galaxy S25 \u00e9tait vendu 899 euros. Depuis, son prix s\u2019est plut\u00f4t stabilis\u00e9 autour de 850 euros, mais les soldes sont bien s\u00fbr pass\u00e9es par l\u00e0 et on le trouve actuellement <a href=\"https:\/\/shop.frandroid.com\/z3a1aqaw\" target=\"_blank\" rel=\"noreferrer noopener affiliate nofollow\">\u00e0 682,05 euros sur Amazon<\/a>. <\/p>\n<p>Anker Capsule 3<\/p>\n<p>En qu\u00eate d\u2019un vid\u00e9oprojecteur compact, puissant et vraiment nomade\u202f? L\u2019Anker Capsule 3 a plus d\u2019un tour dans sa capsule : il offre une image Full HD, des fonctionnalit\u00e9s smart gr\u00e2ce \u00e0 Google TV, et une autonomie bluffante dans un format qui tient dans la main.<\/p>\n<p><a href=\"https:\/\/images.frandroid.com\/wp-content\/uploads\/2025\/06\/anker-capsule-3-soldes-ete-2025-frandroid.jpg\" target=\"_blank\" rel=\"noreferrer noopener\" class=\"article-content__figure\"><img loading=\"lazy\" decoding=\"async\" width=\"1200\" height=\"799\" src=\"https:\/\/www.europesays.com\/fr\/wp-content\/uploads\/2025\/06\/anker-capsule-3-soldes-ete-2025-frandroid-1200x799.jpg\" alt=\"\" class=\"wp-image-2712923 wp-image\"  \/><\/a><\/p>\n<p>Au lieu de 499 euros, le Anker Capsule 3 est <a href=\"https:\/\/shop.frandroid.com\/158w0fce\" target=\"_blank\" rel=\"noreferrer noopener affiliate nofollow\">aujourd\u2019hui disponible en promotion \u00e0 379 euros sur Darty<\/a>.<\/p>\n<p>Asus Vivobook 15 OLED<\/p>\n<p>Cet Asus VivoBook 15 OLED coche toutes les cases pour un usage pro ou quotidien, avec un \u00e9cran qui en met plein la r\u00e9tine, une configuration \u00e9quilibr\u00e9e et un ch\u00e2ssis sobre. De plus, il co\u00fbte moins de 500 euros pour les soldes !<\/p>\n<p><a href=\"https:\/\/images.frandroid.com\/wp-content\/uploads\/2025\/06\/asus-vivobook-15-oled-soldes-dete-2025.jpg\" target=\"_blank\" rel=\"noreferrer noopener\" class=\"article-content__figure\"><img loading=\"lazy\" decoding=\"async\" width=\"1200\" height=\"799\" src=\"https:\/\/www.europesays.com\/fr\/wp-content\/uploads\/2025\/06\/asus-vivobook-15-oled-soldes-dete-2025-1200x799.jpg\" alt=\"\" class=\"wp-image-2710549 wp-image\"  \/><\/a><\/p>\n<p>Au lieu de 649,99 euros, le VivoBook 15 OLED S1504 est\u00a0<a href=\"https:\/\/shop.frandroid.com\/p80iylxr\" target=\"_blank\" rel=\"noreferrer noopener affiliate nofollow\">aujourd\u2019hui disponible en promotion \u00e0 479 euros sur Cdiscount<\/a>.<a href=\"https:\/\/shop.frandroid.com\/97g8fvra\" target=\"_blank\" rel=\"noreferrer noopener affiliate nofollow\">our 399 euros<\/a>.<\/p>\n<p>Nothing Phone (2)<\/p>\n<p>Un excellent smartphone qui valait 849 euros dans sa version 512 Go. Aujourd\u2019hui, le Nothing Phone (2) est \u00e0 moiti\u00e9 prix pour les soldes ! Une affaire \u00e0 ne pas rater, surtout que le prix du prochain mod\u00e8le devrait \u00eatre tr\u00e8s sal\u00e9.<\/p>\n<p><a href=\"https:\/\/images.frandroid.com\/wp-content\/uploads\/2025\/06\/copie-de-xiaomi-poco-f7-soldes-ete-2025-1.jpg\" target=\"_blank\" rel=\"noreferrer noopener\" class=\"article-content__figure\"><img loading=\"lazy\" decoding=\"async\" width=\"1200\" height=\"799\" src=\"https:\/\/www.europesays.com\/fr\/wp-content\/uploads\/2025\/06\/copie-de-xiaomi-poco-f7-soldes-ete-2025-1-1200x799.jpg\" alt=\"\" class=\"wp-image-2708389 wp-image\"  \/><\/a><\/p>\n<p>Au lieu de 849 euros au lancement, le Nothing Phone (2) est aujourd\u2019hui disponible <a href=\"https:\/\/shop.frandroid.com\/0dh9nfhf\" target=\"_blank\" rel=\"noreferrer noopener affiliate nofollow\">en promotion \u00e0 419 euros sur Cdiscount<\/a>.<\/p>\n<p>Samsung Galaxy Tab S6 Lite (2024)<\/p>\n<p>Si vous recherchez une bonne tablette Android pas ch\u00e8re, voici la Samsung Galaxy Tab S6 Lite. La version 2024 de cette ardoise s\u2019est mise \u00e0 jour pour afficher encore un meilleur rapport qualit\u00e9-prix, et c\u2019est sans compter sur les soldes qui la proposent \u00e0 moiti\u00e9 prix !<\/p>\n<p><a href=\"https:\/\/images.frandroid.com\/wp-content\/uploads\/2025\/06\/samsung-galaxy-tab-s6-lite-2024-soldes-dete-2025.jpg\" target=\"_blank\" rel=\"noreferrer noopener\" class=\"article-content__figure\"><img loading=\"lazy\" decoding=\"async\" width=\"1200\" height=\"799\" src=\"https:\/\/www.europesays.com\/fr\/wp-content\/uploads\/2025\/06\/samsung-galaxy-tab-s6-lite-2024-soldes-dete-2025-1200x799.jpg\" alt=\"\" class=\"wp-image-2684591 wp-image\"  \/><\/a><\/p>\n<p>De base \u00e0 449 euros, la Samsung Galaxy Tab S6 Lite est aujourd\u2019hui <a href=\"https:\/\/shop.frandroid.com\/01qb0whm\" target=\"_blank\" rel=\"noreferrer noopener affiliate nofollow\">remis\u00e9e \u00e0 224,79 euros sur le site de la Fnac<\/a> et <a href=\"https:\/\/shop.frandroid.com\/o7dmpype\" target=\"_blank\" rel=\"noreferrer noopener affiliate nofollow\">Darty<\/a>.<\/p>\n<p>Philips Hue Play<\/p>\n<p>Beaucoup recherche g\u00e9n\u00e9ralement du Philips Hue \u00e0 prix r\u00e9duit pendant ce genre d\u2019\u00e9v\u00e9nement. Voici donc les barres lumineuses Philips Hue Play, qui font partie des \u00e9clairages connect\u00e9s les plus int\u00e9ressants de la marque. Pendant les soldes d\u2019\u00e9t\u00e9, on peut d\u2019ailleurs en avoir quatre pour le prix quasi de deux.<\/p>\n<p><a href=\"https:\/\/images.frandroid.com\/wp-content\/uploads\/2025\/06\/philips-hue-play-soldes-ete-2025.jpg\" target=\"_blank\" rel=\"noreferrer noopener\" class=\"article-content__figure\"><img loading=\"lazy\" decoding=\"async\" width=\"1200\" height=\"799\" src=\"https:\/\/www.europesays.com\/fr\/wp-content\/uploads\/2025\/06\/philips-hue-play-soldes-ete-2025-1200x799.jpg\" alt=\"\" class=\"wp-image-2708753 wp-image\"  \/><\/a><\/p>\n<p>Au lieu de 279,98 euros, les deux packs de deux Philips Hue Play peut actuellement <a href=\"https:\/\/shop.frandroid.com\/hr7uhqwh\" target=\"_blank\" rel=\"noreferrer noopener affiliate nofollow\">vous revenir \u00e0 151,42 euros chez <\/a><\/p>\n<p>Samsung Galaxy A36<\/p>\n<p>Design renouvel\u00e9, \u00e9cran un poil plus grand, meilleure long\u00e9vit\u00e9 logicielle\u2026 et enfin quelques fonctions IA du constructeur : le Samsung Galaxy A36 5G a b\u00e9n\u00e9fici\u00e9 de nombreuses am\u00e9liorations par rapport \u00e0 son pr\u00e9d\u00e9cesseur, le Galaxy A35. <\/p>\n<p><a href=\"https:\/\/images.frandroid.com\/wp-content\/uploads\/2025\/06\/samsung-galaxy-a36-5g-soldes-ete-2025.jpg\" target=\"_blank\" rel=\"noreferrer noopener\" class=\"article-content__figure\"><img loading=\"lazy\" decoding=\"async\" width=\"1200\" height=\"799\" src=\"https:\/\/www.europesays.com\/fr\/wp-content\/uploads\/2025\/06\/samsung-galaxy-a36-5g-soldes-ete-2025-1200x799.jpg\" alt=\"\" class=\"wp-image-2658817 wp-image\"  \/><\/a><\/p>\n<p>Initialement affich\u00e9 \u00e0 399,99 euros, le Samsung Galaxy A36 5G est aujourd\u2019hui <a href=\"https:\/\/shop.frandroid.com\/9dk4sknp\" target=\"_blank\" rel=\"noreferrer noopener affiliate nofollow\">propos\u00e9 \u00e0 349 euros chez Boulanger<\/a>. De plus, <a href=\"https:\/\/boulanger.scene7.com\/is\/content\/Boulanger\/2.B.com\/Commerce\/EMS\/ME0125MICY.pdf\" target=\"_blank\" rel=\"noreferrer noopener nofollow\">une Galaxy Fit3 est offerte avec cet achat !<\/a><\/p>\n<p>Crivit Y.3<\/p>\n<p>Il y a quelques mois, Lidl a d\u00e9voil\u00e9 la troisi\u00e8me g\u00e9n\u00e9ration de ses v\u00e9los \u00e9lectriques abordables, parmi lesquels figure le Crivit Y.3. Un mod\u00e8le endurant taill\u00e9 pour la ville que l\u2019on trouve actuellement avec 600 euros de r\u00e9duction.<\/p>\n<p><a href=\"https:\/\/images.frandroid.com\/wp-content\/uploads\/2025\/06\/crivit-y3-soldes-dete-2025.jpg\" target=\"_blank\" rel=\"noreferrer noopener\" class=\"article-content__figure\"><img loading=\"lazy\" decoding=\"async\" width=\"1200\" height=\"799\" src=\"https:\/\/www.europesays.com\/fr\/wp-content\/uploads\/2025\/06\/crivit-y3-soldes-dete-2025-1200x799.jpg\" alt=\"\" class=\"wp-image-2709357 wp-image\"  \/><\/a><\/p>\n<p>Lanc\u00e9 \u00e0 1 599 euros, le v\u00e9lo \u00e9lectrique Crivit Y.3 avec courroie de Lidl est aujourd\u2019hui\u00a0<a href=\"https:\/\/shop.frandroid.com\/m0p8joys\" target=\"_blank\" rel=\"noreferrer noopener\">disponible en promotion \u00e0 999 euros chez Lidl<\/a>. Le mod\u00e8le dot\u00e9 d\u2019une transmission Shimano est lui aussi <a href=\"https:\/\/shop.frandroid.com\/sajuprcu\" target=\"_blank\" rel=\"noreferrer noopener\">\u00e0 999 euros au lieu de 1 699 euros<\/a>.<\/p>\n<p>Et c\u2019est sans compter les\u00a0<a href=\"https:\/\/www.frandroid.com\/survoltes\/velo-electrique\/801128_prime-a-lachat-dun-velo-electrique-quelles-sont-les-aides-par-region\" target=\"_blank\" rel=\"noopener\">aides de l\u2019\u00c9tat<\/a>\u00a0et des collectivit\u00e9s locales qui peuvent vous permettre de r\u00e9duire encore un peu plus la facture.<\/p>\n<p>Quelles dates pour les soldes d\u2019\u00e9t\u00e9 2025 ? <\/p>\n<p>Comme dit pr\u00e9c\u00e9demment, nous en sommes \u00e0 la deuxi\u00e8me d\u00e9marque des soldes d\u2019\u00e9t\u00e9. <strong>Elles ont commenc\u00e9 le 25 juin dernier, et se termineront le mardi 22 juillet \u00e0 23h59<\/strong>. <\/p>\n<p>Quels e-commer\u00e7ants participent aux soldes ?<\/p>\n<p>La plupart des enseignes fran\u00e7aises joueront assur\u00e9ment le jeu des promotions durant toute la p\u00e9riode des soldes, comme les plus grands noms du commerce en ligne. Vous les connaissez d\u00e9j\u00e0 s\u00fbrement, mais voici la liste :<\/p>\n<p>N\u2019h\u00e9sitez pas \u00e0 d\u2019ores et d\u00e9j\u00e0 mettre en favori les liens ci-dessus pour ne rien rater de l\u2019\u00e9v\u00e9nement chez votre e-commer\u00e7ant favori.\u00a0<strong><strong>De plus, les soldes sont le seul moment en France o\u00f9 les marchands ont le droit de vendre \u00e0 perte !<\/strong><\/strong><\/p>\n<p>Les Soldes d\u2019\u00e9t\u00e9 2025 avec Frandroid<\/p>\n<p>Jusqu\u2019au 22 juillet prochain, ce sont <a href=\"https:\/\/www.frandroid.com\/bons-plans\/2717571_soldes-dete-la-deuxieme-demarque-est-lancee-voici-les-meilleures-offres-en-direct\" data-type=\"link\" data-id=\"https:\/\/www.frandroid.com\/bons-plans\/2717571_soldes-dete-la-deuxieme-demarque-est-lancee-voici-les-meilleures-offres-en-direct\" target=\"_blank\" rel=\"noreferrer noopener\">les soldes d\u2019\u00e9t\u00e9 en France<\/a>. En cette occasion, la r\u00e9daction de Frandroid met \u00e0 votre service son expertise en mati\u00e8re de nouvelles technologies pour vous aider \u00e0 faire votre choix dans votre prochain achat Tech \u00e0 prix r\u00e9duit. Il y a plusieurs articles avec diff\u00e9rentes th\u00e9matiques, \u00e0 vous de choisir :<\/p>\n<p>Et pour \u00eatre s\u00fbr de ne manquer aucun bon plan de l\u2019\u00e9dition 2025 des soldes d\u2019\u00e9t\u00e9, vous pouvez aussi : <\/p>\n<ul class=\"wp-block-list\">\n<li>Nous suivre sur notre compte X\u00a0<a href=\"https:\/\/twitter.com\/FrandroidPromos\" target=\"_blank\" rel=\"noopener noreferrer\">@FrandroidPromos<\/a> uniquement d\u00e9di\u00e9 aux bons plans (pensez \u00e0 activer la cloche pour recevoir les notifications en temps r\u00e9el)<\/li>\n<li>\n<a href=\"https:\/\/whatsapp.com\/channel\/0029VabYxm5LI8YhSlD8xc05\" target=\"_blank\" rel=\"noopener\">Rejoindre notre canal WhatsApp<\/a> pour recevoir une fois par jour un condens\u00e9 des meilleures offres<\/li>\n<li>T\u00e9l\u00e9charger notre <a href=\"https:\/\/www.frandroid.com\/telecharger\/apps\/frandroid\" target=\"_blank\" rel=\"noopener\">application Frandroid<\/a> (disponible sur iOS et Android) pour activer les notifications de la cat\u00e9gorie \u00ab Bons Plans \u00bb et ainsi recevoir en temps r\u00e9el les nouveaux articles li\u00e9s aux soldes d\u2019\u00e9t\u00e9 2025<\/li>\n<li>S\u2019abonner \u00e0 notre newsletter pour \u00eatre s\u00fbr de recevoir les offres en avant-premi\u00e8re (pas plus d\u2019un mail par jour, d\u00e9sinscription en 1 clic, aucune diffusion \u00e0 des tiers) :<\/li>\n<\/ul>\n<p class=\"newsletter-form__title is-size-6 is-size-7-mobile is-uppercase has-text-good-deals has-text-weight-semibold mb-4 px-5\">Frandroid Bons plans<\/p>\n<p class=\"has-text-centered-tablet newsletter-form__subtitle is-size-4 has-text-weight-bold has-text-primary column is-9-tablet is-10-mobile\">\n                C\u2019est enregistr\u00e9 ! Surveillez votre bo\u00eete aux lettres, vous allez entendre parler de nous\u00a0!\n            <\/p>\n<p class=\"newsletter-form__subtitle is-size-4 has-text-weight-bold has-text-gradient-pink\">Ne manquez aucun bon plan avec notre newsletter<\/p>\n<p class=\"is-size-7\">\n                Les donn\u00e9es transmises par le biais de ce formulaire sont destin\u00e9es \u00e0 Humanoid,<br \/>\n                soci\u00e9t\u00e9 \u00e9ditrice du site Frandroid en sa qualit\u00e9 de responsable de traitement.<br \/>\n                Elles ne seront en aucun cas c\u00e9d\u00e9es \u00e0 des tiers. Ces donn\u00e9es sont trait\u00e9es sous r\u00e9serve d\u2019obtention de<br \/>\n                votre consentement pour vous envoyer par e-mail des actualit\u00e9s et informations relatives aux contenus<br \/>\n                \u00e9ditoriaux publi\u00e9s sur Frandroid. Vous pouvez vous opposer \u00e0 tout moment \u00e0 ces e-mails<br \/>\n                en cliquant sur les liens de d\u00e9sinscriptions pr\u00e9sents dans chacun d\u2019eux. Pour plus d\u2019informations, vous<br \/>\n                pouvez consulter l\u2019int\u00e9gralit\u00e9 de notre <a href=\"https:\/\/www.frandroid.com\/politique-donnees-personnelles\" target=\"_blank\" rel=\"noopener\"><br \/>\n                politique de traitement de vos donn\u00e9es personnelles<\/a>.<br \/>\n                Vous disposez d\u2019un droit d\u2019acc\u00e8s, de rectification, d\u2019effacement, de limitation, de portabilit\u00e9 et<br \/>\n                d\u2019opposition pour motif l\u00e9gitime aux donn\u00e9es personnelles vous concernant. Pour exercer l\u2019un de ces droits,<br \/>\n                merci d\u2019effectuer votre demande via notre <a href=\"https:\/\/www.frandroid.com\/contact\/#RGPD\" target=\"_blank\" rel=\"noopener\">formulaire<br \/>\n                de demandes d\u2019exercices de droits d\u00e9di\u00e9<\/a>.\n            <\/p>\n<p>Envie de retrouver les meilleurs articles de Frandroid sur Google News ? Vous pouvez suivre <strong><a href=\"https:\/\/news.google.com\/publications\/CAAqBggKMICKMDCuyQU?oc=3\" target=\"_blank\" rel=\"noopener null noreferrer\">Frandroid sur Google News<\/a> en un clic.<\/strong><\/p>\n<p>            <script async src=\"https:\/\/platform.twitter.com\/widgets.js\" charset=\"utf-8\"><\/script><\/p>\n","protected":false},"excerpt":{"rendered":"Cela fait d\u00e9j\u00e0 une semaine que les soldes d\u2019\u00e9t\u00e9 ont d\u00e9but\u00e9 sur l\u2019Hexagone et vient d\u00e8s aujourd\u2019hui la&hellip;\n","protected":false},"author":2,"featured_media":220547,"comment_status":"","ping_status":"","sticky":false,"template":"","format":"standard","meta":{"footnotes":""},"categories":[7],"tags":[1011,27,43,40,41,39,34230,42,44],"class_list":{"0":"post-220546","1":"post","2":"type-post","3":"status-publish","4":"format-standard","5":"has-post-thumbnail","7":"category-sciences-et-technologies","8":"tag-fr","9":"tag-france","10":"tag-science","11":"tag-science-and-technology","12":"tag-sciences","13":"tag-sciences-et-technologies","14":"tag-soldes-dete-2025","15":"tag-technologies","16":"tag-technology"},"share_on_mastodon":{"url":"https:\/\/pubeurope.com\/@fr\/114783410705488884","error":""},"_links":{"self":[{"href":"https:\/\/www.europesays.com\/fr\/wp-json\/wp\/v2\/posts\/220546","targetHints":{"allow":["GET"]}}],"collection":[{"href":"https:\/\/www.europesays.com\/fr\/wp-json\/wp\/v2\/posts"}],"about":[{"href":"https:\/\/www.europesays.com\/fr\/wp-json\/wp\/v2\/types\/post"}],"author":[{"embeddable":true,"href":"https:\/\/www.europesays.com\/fr\/wp-json\/wp\/v2\/users\/2"}],"replies":[{"embeddable":true,"href":"https:\/\/www.europesays.com\/fr\/wp-json\/wp\/v2\/comments?post=220546"}],"version-history":[{"count":0,"href":"https:\/\/www.europesays.com\/fr\/wp-json\/wp\/v2\/posts\/220546\/revisions"}],"wp:featuredmedia":[{"embeddable":true,"href":"https:\/\/www.europesays.com\/fr\/wp-json\/wp\/v2\/media\/220547"}],"wp:attachment":[{"href":"https:\/\/www.europesays.com\/fr\/wp-json\/wp\/v2\/media?parent=220546"}],"wp:term":[{"taxonomy":"category","embeddable":true,"href":"https:\/\/www.europesays.com\/fr\/wp-json\/wp\/v2\/categories?post=220546"},{"taxonomy":"post_tag","embeddable":true,"href":"https:\/\/www.europesays.com\/fr\/wp-json\/wp\/v2\/tags?post=220546"}],"curies":[{"name":"wp","href":"https:\/\/api.w.org\/{rel}","templated":true}]}}