{"id":220556,"date":"2025-07-02T11:33:09","date_gmt":"2025-07-02T11:33:09","guid":{"rendered":"https:\/\/www.europesays.com\/fr\/220556\/"},"modified":"2025-07-02T11:33:09","modified_gmt":"2025-07-02T11:33:09","slug":"saint-etienne-le-lycee-benoit-charvet-dans-le-jury-du-prix-goncourt-des-lyceens","status":"publish","type":"post","link":"https:\/\/www.europesays.com\/fr\/220556\/","title":{"rendered":"Saint-\u00c9tienne : le lyc\u00e9e Benoit-Charvet dans le jury du prix Goncourt des lyc\u00e9ens"},"content":{"rendered":"<p>Lors de l&rsquo;\u00e9dition 2024, c&rsquo;est le roman Madelaine avant l&rsquo;aube de Sandrine Collette qui a re\u00e7u le prix Goncourt des lyc\u00e9ens.<\/p>\n<p>Apr\u00e8s des ann\u00e9es d&rsquo;inscription en vain, \u00ab\u00a0comme on joue au loto\u00a0\u00bb, le <strong>lyc\u00e9e Benoit-Charvet<\/strong> a \u00e9t\u00e9 s\u00e9lectionn\u00e9 pour faire partie du jury du <strong>prix Goncourt des lyc\u00e9ens<\/strong>. Une fiert\u00e9 que le personnel ne cache pas.<\/p>\n<p>Au total, <strong>57 lyc\u00e9es ont \u00e9t\u00e9 s\u00e9lectionn\u00e9s \u00e0 travers le monde<\/strong> pour vivre cette exp\u00e9rience (presque) unique. Dans l&rsquo;acad\u00e9mie de Lyon, trois lyc\u00e9es ont \u00e9t\u00e9 choisis.<\/p>\n<p>Le prix cr\u00e9\u00e9 en 1988 par la Fnac et le minist\u00e8re de l&rsquo;\u00c9ducation Nationale et de la Jeunesse et en partenariat avec l&rsquo;Acad\u00e9mie Goncourt, emm\u00e8nera possiblement le lyc\u00e9e Benoit-Charvet \u00e0 Rennes pour les s\u00e9lections finales, et \u00e0 Paris pour son attribution.<\/p>\n<p>Pour l&rsquo;heure, le suspense est \u00e0 son comble. Les livres sont en train d&rsquo;\u00eatre lus et s\u00e9lectionn\u00e9s par l&rsquo;Acad\u00e9mie Goncourt. Ce n&rsquo;est qu&rsquo;en septembre que les <strong>16 \u00e9l\u00e8ves de la premi\u00e8re bac pro section agora<\/strong> prendra connaissance de la liste des livres qui concourront pour l&rsquo;\u00e9dition du prix Goncourt 2025. Ils auront alors deux mois pour les lire avant de les s\u00e9lectionner et d&rsquo;\u00e9tablir la liste des romans finalistes qui sera annonc\u00e9e le <strong>24 novembre<\/strong>.<\/p>\n<p>Apr\u00e8s cette participation, si le lyc\u00e9e Benoit-Charvet veut se r\u00e9inscrire pour esp\u00e9rer faire une nouvelle fois partie de ce jury, il devra attendre trois ans.<\/p>\n<\/p>\n<p style=\"text-align: right;\">L.Valla<\/p>\n","protected":false},"excerpt":{"rendered":"Lors de l&rsquo;\u00e9dition 2024, c&rsquo;est le roman Madelaine avant l&rsquo;aube de Sandrine Collette qui a re\u00e7u le prix&hellip;\n","protected":false},"author":2,"featured_media":220557,"comment_status":"","ping_status":"","sticky":false,"template":"","format":"standard","meta":{"footnotes":""},"categories":[9653],"tags":[1111,11,2430,1777,674,1011,27,12,25,4001],"class_list":{"0":"post-220556","1":"post","2":"type-post","3":"status-publish","4":"format-standard","5":"has-post-thumbnail","7":"category-saint-etienne","8":"tag-actu","9":"tag-actualites","10":"tag-auvergne-rhone-alpes","11":"tag-eu","12":"tag-europe","13":"tag-fr","14":"tag-france","15":"tag-news","16":"tag-republique-francaise","17":"tag-saint-etienne"},"share_on_mastodon":{"url":"https:\/\/pubeurope.com\/@fr\/114783427549158633","error":""},"_links":{"self":[{"href":"https:\/\/www.europesays.com\/fr\/wp-json\/wp\/v2\/posts\/220556","targetHints":{"allow":["GET"]}}],"collection":[{"href":"https:\/\/www.europesays.com\/fr\/wp-json\/wp\/v2\/posts"}],"about":[{"href":"https:\/\/www.europesays.com\/fr\/wp-json\/wp\/v2\/types\/post"}],"author":[{"embeddable":true,"href":"https:\/\/www.europesays.com\/fr\/wp-json\/wp\/v2\/users\/2"}],"replies":[{"embeddable":true,"href":"https:\/\/www.europesays.com\/fr\/wp-json\/wp\/v2\/comments?post=220556"}],"version-history":[{"count":0,"href":"https:\/\/www.europesays.com\/fr\/wp-json\/wp\/v2\/posts\/220556\/revisions"}],"wp:featuredmedia":[{"embeddable":true,"href":"https:\/\/www.europesays.com\/fr\/wp-json\/wp\/v2\/media\/220557"}],"wp:attachment":[{"href":"https:\/\/www.europesays.com\/fr\/wp-json\/wp\/v2\/media?parent=220556"}],"wp:term":[{"taxonomy":"category","embeddable":true,"href":"https:\/\/www.europesays.com\/fr\/wp-json\/wp\/v2\/categories?post=220556"},{"taxonomy":"post_tag","embeddable":true,"href":"https:\/\/www.europesays.com\/fr\/wp-json\/wp\/v2\/tags?post=220556"}],"curies":[{"name":"wp","href":"https:\/\/api.w.org\/{rel}","templated":true}]}}