{"id":220558,"date":"2025-07-02T11:34:10","date_gmt":"2025-07-02T11:34:10","guid":{"rendered":"https:\/\/www.europesays.com\/fr\/220558\/"},"modified":"2025-07-02T11:34:10","modified_gmt":"2025-07-02T11:34:10","slug":"un-attentat-masculiniste-dejoue-un-homme-de-18-ans-interpelle-avec-deux-couteaux-liberation","status":"publish","type":"post","link":"https:\/\/www.europesays.com\/fr\/220558\/","title":{"rendered":"un attentat masculiniste d\u00e9jou\u00e9, un homme de 18\u00a0ans interpell\u00e9 avec deux couteaux \u2013 Lib\u00e9ration"},"content":{"rendered":"<p class=\"sc-ksZaOG ehjQrN text-element\">Un attentat a \u00e9t\u00e9 d\u00e9jou\u00e9 avec l\u2019interpellation d\u2019un jeune homme de 18\u00a0ans, <a href=\"https:\/\/www.liberation.fr\/idees-et-debats\/opinions\/adolescence-on-ne-nait-pas-masculiniste-on-le-devient-par-martine-delvaux-20250327_NSVCGQ6SYVAK7GG4NAJRNZHJBQ\/\" target=\"_blank\" rel=\"noreferrer nofollow noopener\" title=\"https:\/\/www.liberation.fr\/idees-et-debats\/opinions\/adolescence-on-ne-nait-pas-masculiniste-on-le-devient-par-martine-delvaux-20250327_NSVCGQ6SYVAK7GG4NAJRNZHJBQ\/\">masculiniste revendiqu\u00e9<\/a>, mis en examen et \u00e9crou\u00e9 mardi soir apr\u00e8s avoir \u00e9t\u00e9 interpell\u00e9 dans la r\u00e9gion de Saint-Etienne avec deux couteaux, a appris l\u2019AFP mercredi de sources proches du dossier.<\/p>\n<p class=\"sc-ksZaOG ehjQrN text-element\">Le suspect qui a \u00e9t\u00e9 \u00e9crou\u00e9 \u00e0 Paris, se revendique de <a href=\"https:\/\/www.liberation.fr\/societe\/droits-des-femmes\/masculinistes-depuis-metoo-les-discours-de-haine-misogyne-et-anti-lgbt-se-multiplient-en-ligne-20231016_TAMEG2TMU5ALTH2GIUL4EWELII\/\" target=\"_blank\" rel=\"noreferrer nofollow noopener\" title=\"https:\/\/www.liberation.fr\/societe\/droits-des-femmes\/masculinistes-depuis-metoo-les-discours-de-haine-misogyne-et-anti-lgbt-se-multiplient-en-ligne-20231016_TAMEG2TMU5ALTH2GIUL4EWELII\/\">la mouvance \u00abincel\u00bb<\/a> (\u00abinvoluntary celibate\u00bb, des hommes consid\u00e9rant qu\u2019ils seraient c\u00e9libataires \u00e0 cause des femmes qui ne veulent pas d\u2019eux), a confirm\u00e9 le Parquet national antiterroriste (Pnat). D\u2019apr\u00e8s les sources proches du dossier, il voulait s\u2019en prendre \u00e0 des femmes et a \u00e9t\u00e9 interpell\u00e9 \u00e0 proximit\u00e9 d\u2019un lyc\u00e9e.<\/p>\n<p class=\"sc-ksZaOG ehjQrN text-element\">D\u2019allure juv\u00e9nile et timide, le corps fluet et v\u00eatu d\u2019un tee-shirt bleu marine, il a comparu mardi soir devant le juge des libert\u00e9s et de la d\u00e9tention (JLD) qui l\u2019a \u00e9crou\u00e9, a constat\u00e9 un journaliste de l\u2019AFP. \u00abJ\u2019ai rencontr\u00e9 un adolescent qui souffre et non un combattant qui se pr\u00e9pare \u00e0 l\u2019action. L\u2019instruction ram\u00e8nera ce dossier \u00e0 sa plus juste proportion du point de vue de la qualification et de la personnalit\u00e9 du mis en examen\u00bb, a comment\u00e9 aupr\u00e8s de l\u2019AFP l\u2019avocate de ce jeune homme n\u00e9 en novembre\u00a02006 dans la Loire, Me Maria Snitsar.<\/p>\n<p class=\"sc-ksZaOG ehjQrN text-element\">D\u2019apr\u00e8s l\u2019une des sources proches du dossier, le jeune adulte, mis en examen pour association de malfaiteurs terroriste en vue de la pr\u00e9paration d\u2019un ou plusieurs crimes d\u2019atteintes aux personnes et incarc\u00e9r\u00e9, avait compuls\u00e9 des vid\u00e9os masculinistes sur le r\u00e9seau social TikTok.<\/p>\n<p class=\"sc-ksZaOG ehjQrN text-element\">Selon une source proche du dossier, c\u2019est la premi\u00e8re saisine du Pnat concernant un individu se revendiquant exclusivement de la mouvance \u00abincel\u00bb, une notion qui \u00e9tait apparue jusque-l\u00e0 de mani\u00e8re plus marginale dans deux dossiers trait\u00e9s par le Pnat. Le premier concerne la mise en examen d\u2019un jeune homme des Hauts-de-France proche de l\u2019ultradroite, soup\u00e7onn\u00e9 de projets d\u2019actions violente, mis en examen \u00e0 Paris le 22\u00a0septembre 2023 et \u00e9crou\u00e9. Une source proche du dossier l\u2019avait pr\u00e9sent\u00e9 comme \u00abun jeune majeur instable, frustr\u00e9\u00bb plut\u00f4t \u00abqu\u2019un id\u00e9ologue\u00bb.<\/p>\n<p class=\"sc-ksZaOG ehjQrN text-element\">Le second concerne un dossier d\u00e9j\u00e0 jug\u00e9, qui avait regroup\u00e9 quatre jeunes, dont l\u2019un voulait partir en Syrie, deux autres glorifiaient Hitler et le nazisme, tandis que tous trois dialoguaient par messagerie crypt\u00e9e avec une femme r\u00eavant de faire sauter une \u00e9glise. Deux d\u2019entre eux admiraient <a href=\"https:\/\/www.liberation.fr\/societe\/police-justice\/promotion-de-la-theorie-du-grand-remplacement-un-groupe-de-medecins-va-porter-plainte-contre-un-ex-candidat-reconquete-aux-legislatives-20250422_WXTP7C4RRVFEVJTVGRYBKXZ3ZM\/\" target=\"_blank\" rel=\"noreferrer nofollow noopener\" title=\"https:\/\/www.liberation.fr\/societe\/police-justice\/promotion-de-la-theorie-du-grand-remplacement-un-groupe-de-medecins-va-porter-plainte-contre-un-ex-candidat-reconquete-aux-legislatives-20250422_WXTP7C4RRVFEVJTVGRYBKXZ3ZM\/\">la th\u00e9orie du grand remplacement<\/a> mais aussi plusieurs auteurs de tueries de masse attribu\u00e9es \u00e0 l\u2019extr\u00eame droite, parmi lesquels <a href=\"https:\/\/www.liberation.fr\/dossier\/oslo-double-attentats-en-norvege\/\" target=\"_blank\" rel=\"noreferrer nofollow noopener\" title=\"https:\/\/www.liberation.fr\/dossier\/oslo-double-attentats-en-norvege\/\">Anders Breivik<\/a>, auteur du massacre d\u2019Utoya en 2011, <a href=\"https:\/\/www.liberation.fr\/societe\/le-terroriste-brenton-tarrant-etait-membre-bienfaiteur-de-generation-identitaire-20210303_NNT7IG7D2JHUHL5CG4XTXQYI5E\/\" target=\"_blank\" rel=\"noreferrer nofollow noopener\" title=\"https:\/\/www.liberation.fr\/societe\/le-terroriste-brenton-tarrant-etait-membre-bienfaiteur-de-generation-identitaire-20210303_NNT7IG7D2JHUHL5CG4XTXQYI5E\/\">Brenton Tarrant<\/a>, qui avait assassin\u00e9 51 musulmans \u00e0 Christchurch en 2019 ou <a href=\"https:\/\/www.liberation.fr\/planete\/2006\/07\/08\/dans-la-tete-des-lyceens-tueurs-de-columbine_45534\/\" target=\"_blank\" rel=\"noreferrer nofollow noopener\" title=\"https:\/\/www.liberation.fr\/planete\/2006\/07\/08\/dans-la-tete-des-lyceens-tueurs-de-columbine_45534\/\">Dylan Klebold<\/a>, coresponsable de la tuerie du lyc\u00e9e de Columbine en 1999. Des actes auxquels Timothy G. s\u2019\u00e9tait int\u00e9ress\u00e9. <\/p>\n<p class=\"sc-ksZaOG ehjQrN text-element\"><a href=\"https:\/\/www.liberation.fr\/culture\/series\/adolescence-retour-a-lage-denfer-20250316_PNGNQQUXUVCBJEEPNSPNV26TJU\/\" target=\"_blank\" rel=\"nofollow noopener\" title=\"https:\/\/www.liberation.fr\/culture\/series\/adolescence-retour-a-lage-denfer-20250316_PNGNQQUXUVCBJEEPNSPNV26TJU\/\">La s\u00e9rie Netflix Adolescence<\/a>, diffus\u00e9e au printemps et qui a connu un grand succ\u00e8s, a mis en lumi\u00e8re ces influences toxiques et misogynes auxquelles sont expos\u00e9s les jeunes hommes en ligne. Parmi les personnalit\u00e9s stars dans ces algorithmes figure l\u2019influenceur masculiniste Andrew Tate, suivi par pr\u00e8s de 11\u00a0millions de personnes sur X et accus\u00e9 de viols.<\/p>\n<p class=\"sc-ksZaOG ehjQrN text-element\">La mouvance \u00abincel\u00bb a \u00e9t\u00e9 revendiqu\u00e9e par plusieurs auteurs de tueries, et des attaques de femmes par ce mode d\u2019action. <a href=\"https:\/\/www.liberation.fr\/idees-et-debats\/tribunes\/le-6-decembre-1989-ce-jour-ou-14-femmes-furent-tuees-parce-que-feministes-par-martine-delvaux-20241206_IGMU4WA5LVEFPBMGZ5IRSCV2KI\/\" target=\"_blank\" rel=\"noreferrer nofollow noopener\" title=\"https:\/\/www.liberation.fr\/idees-et-debats\/tribunes\/le-6-decembre-1989-ce-jour-ou-14-femmes-furent-tuees-parce-que-feministes-par-martine-delvaux-20241206_IGMU4WA5LVEFPBMGZ5IRSCV2KI\/\">En\u00a01989, un homme de 25\u00a0ans,<\/a> revendiqu\u00e9 \u00abantif\u00e9ministe\u00bb, avait ouvert le feu \u00e0 l\u2019\u00e9cole polytechnique de Montr\u00e9al, tuant 13 \u00e9tudiantes et une secr\u00e9taire, avant de se suicider. L\u2019attentat, l\u2019une des pires tueries de l\u2019histoire du Canada, avait profond\u00e9ment \u00e9branl\u00e9 ce pays.<\/p>\n<p class=\"sc-ksZaOG ehjQrN text-element\"><b>Mise \u00e0 jour \u00e0 13h06 <\/b>avec de nouveaux \u00e9l\u00e9ments de l\u2019enqu\u00eate<\/p>\n","protected":false},"excerpt":{"rendered":"Un attentat a \u00e9t\u00e9 d\u00e9jou\u00e9 avec l\u2019interpellation d\u2019un jeune homme de 18\u00a0ans, masculiniste revendiqu\u00e9, mis en examen et&hellip;\n","protected":false},"author":2,"featured_media":220559,"comment_status":"","ping_status":"","sticky":false,"template":"","format":"standard","meta":{"footnotes":""},"categories":[9653],"tags":[1111,11,2430,1777,674,118,21957,1011,27,12,25,4001],"class_list":{"0":"post-220558","1":"post","2":"type-post","3":"status-publish","4":"format-standard","5":"has-post-thumbnail","7":"category-saint-etienne","8":"tag-actu","9":"tag-actualites","10":"tag-auvergne-rhone-alpes","11":"tag-eu","12":"tag-europe","13":"tag-faits-divers","14":"tag-feminicides","15":"tag-fr","16":"tag-france","17":"tag-news","18":"tag-republique-francaise","19":"tag-saint-etienne"},"share_on_mastodon":{"url":"https:\/\/pubeurope.com\/@fr\/114783431081397848","error":""},"_links":{"self":[{"href":"https:\/\/www.europesays.com\/fr\/wp-json\/wp\/v2\/posts\/220558","targetHints":{"allow":["GET"]}}],"collection":[{"href":"https:\/\/www.europesays.com\/fr\/wp-json\/wp\/v2\/posts"}],"about":[{"href":"https:\/\/www.europesays.com\/fr\/wp-json\/wp\/v2\/types\/post"}],"author":[{"embeddable":true,"href":"https:\/\/www.europesays.com\/fr\/wp-json\/wp\/v2\/users\/2"}],"replies":[{"embeddable":true,"href":"https:\/\/www.europesays.com\/fr\/wp-json\/wp\/v2\/comments?post=220558"}],"version-history":[{"count":0,"href":"https:\/\/www.europesays.com\/fr\/wp-json\/wp\/v2\/posts\/220558\/revisions"}],"wp:featuredmedia":[{"embeddable":true,"href":"https:\/\/www.europesays.com\/fr\/wp-json\/wp\/v2\/media\/220559"}],"wp:attachment":[{"href":"https:\/\/www.europesays.com\/fr\/wp-json\/wp\/v2\/media?parent=220558"}],"wp:term":[{"taxonomy":"category","embeddable":true,"href":"https:\/\/www.europesays.com\/fr\/wp-json\/wp\/v2\/categories?post=220558"},{"taxonomy":"post_tag","embeddable":true,"href":"https:\/\/www.europesays.com\/fr\/wp-json\/wp\/v2\/tags?post=220558"}],"curies":[{"name":"wp","href":"https:\/\/api.w.org\/{rel}","templated":true}]}}