{"id":220564,"date":"2025-07-02T11:40:10","date_gmt":"2025-07-02T11:40:10","guid":{"rendered":"https:\/\/www.europesays.com\/fr\/220564\/"},"modified":"2025-07-02T11:40:10","modified_gmt":"2025-07-02T11:40:10","slug":"je-suis-un-roc-isabelle-perrein-devoile-son-programme-pour-les-municipales","status":"publish","type":"post","link":"https:\/\/www.europesays.com\/fr\/220564\/","title":{"rendered":"\u00ab\u00a0Je suis un roc\u00a0\u00bb, Isabelle Perrein d\u00e9voile son programme pour les municipales"},"content":{"rendered":"<p>            Par<br \/>\n        <strong><br \/>\n            <a href=\"https:\/\/actu.fr\/auteur\/c-nithard\" title=\"Consulter tous les articles de C\u00e9dric Nithard\" rel=\"nofollow noopener\" target=\"_blank\">C\u00e9dric Nithard<\/a><br \/>\n        <\/strong><\/p>\n<p>        Publi\u00e9 le<\/p>\n<p>            2 juil. 2025 \u00e0 13h32        <\/p>\n<p>Avec l\u2019objectif de palier son manque de notori\u00e9t\u00e9, <strong>Isabelle Perrein<\/strong> a \u00e9t\u00e9 la premi\u00e8re en 2023 a d\u00e9clar\u00e9 <strong>sa candidature aux municipales \u00e0 Montpellier<\/strong>. Menant depuis une campagne active, la notaire de profession a pr\u00e9sent\u00e9 <strong>les grandes lignes d\u2019un programme<\/strong> d\u00e9j\u00e0 dense. \u00c0 huit mois de l\u2019\u00e9ch\u00e9ance, la candidate bat plus que jamais le terrain attendant d\u00e9sormais partenaires et adversaires.<\/p>\n<p>Les ambitions<\/p>\n<p class=\" wall-content\">Pour Isabelle Perrein, le constat est simple. \u00ab Notre ville est saccag\u00e9e. \u00bb Un message qu\u2019elle mart\u00e8le depuis maintenant plusieurs mois sur les r\u00e9seaux sociaux ou le week-end sur les march\u00e9s au contact des Montpelli\u00e9rains. Disant ne jamais avoir \u00e9t\u00e9 encart\u00e9e dans aucun parti politique, elle se d\u00e9finit comme \u00ab une femme ni de droite ni de gauche mais une femme qui veut porter la politique du bon sens, une femme qui veut s\u2019occuper de sa cit\u00e9 et de ses habitants. \u00bb Face aux journalistes, la candidate explique \u00ab ne pas avoir d\u2019ambition politique personnelle \u00bb pour se consacrer uniquement aux mandats de maire et de pr\u00e9sident de la m\u00e9tropole. \u00ab Ce qui compte pour moi c\u2019est Montpellier et son avenir. Montpellier doit devenir la ville audacieuse, celle qui r\u00e9ussit tout ses challenges, cela doit devenir la ville phare du sud de la France et cela doit devenir un exemple pour notre pays. Il n\u2019y a que nous, si nous nous prenons tous en main, qui arriveront \u00e0 donner un nouveau souffle \u00e0 ce pays, c\u2019est tout le sens de mon engagement. \u00bb<\/p>\n<p class=\" wall-content\">Les ambitions pos\u00e9es, un programme, \u00ab n\u00e9 des \u00e9changes avec les Montpelli\u00e9rains \u00bb, a \u00e9t\u00e9 compos\u00e9 pour les atteindre. \u00ab Il a un objectif et c\u2019est eux (ndlr : les Montpelli\u00e9rains) qui nous l\u2019ont donn\u00e9, c\u2019est de retrouver la fiert\u00e9 d\u2019\u00eatre Montpelli\u00e9rain, retrouver l\u2019envie d\u2019appartenir \u00e0 cette ville et avoir envie de se retrouver sur un espace public apais\u00e9, s\u00e9curis\u00e9, entretenu et anim\u00e9 \u00bb, attaque Isabelle Perrein. Un programme s\u2019appuyant sur \u00ab cinq piliers fondamentaux \u00bb que sont \u00ab la s\u00e9curit\u00e9, r\u00e9concilier les mobilit\u00e9s, gagner le combat de la propret\u00e9, l\u2019ascenseur social (sport, culture, actions sociales) et l\u2019\u00e9conomie. \u00bb Un dernier point qui sera \u00ab un volet important de ce programme car sans \u00e9conomie, vous ne pouvez pas donner du pouvoir d\u2019achat aux Montpelli\u00e9rains. Cela fait vingt ans que dans cette ville il n\u2019y a pas eu de programme \u00e9conomique pour tous \u00bb, appuie-t-elle.<\/p>\n<p>Un \u00ab\u00a0roc\u00a0\u00bb pour la s\u00e9curit\u00e9<\/p>\n<p class=\" wall-content\">En mati\u00e8re de s\u00e9curit\u00e9, \u00ab on est loin du compte \u00bb, juge Isabelle Perrein qui ambitionne d\u2019avoir \u00ab la meilleure police de France. \u00bb Des effectifs de police qu\u2019elle veut sur \u00ab le terrain et proche des habitants et des commer\u00e7ants \u00bb en \u00e9tant \u00ab rattach\u00e9s \u00e0 des postes de police de quartier. \u00bb Elle vise ainsi de \u00ab au moins doubler le nombre de policiers municipaux, mettre en place un syst\u00e8me de cam\u00e9ra efficace aid\u00e9 par l\u2019Intelligence Artificielle, de doter l\u2019espace public de bornes d\u2019appel d\u2019urgence \u00bb et veut cr\u00e9er une r\u00e9serve, comme cela se fait dans la gendarmerie, la police nationale et les sapeurs-pompiers, les cadets de la police municipale.<\/p>\n<p class=\" wall-content\">\u00ab Je suis un roc, quoi qu\u2019il se passe je ne plie pas. Et je ne plierai pas en mati\u00e8re de s\u00e9curit\u00e9, je ferai tout ce qui est en mon pouvoir pour r\u00e9tablir l\u2019ordre\u00bb, assure Isabelle Perrein qui entend bien prendre des arr\u00eat\u00e9s \u00ab quand c\u2019est n\u00e9cessaire selon les quartiers et les p\u00e9riodes de l\u2019ann\u00e9e pour mettre un couvre-feu interdisant aux mineurs de sortir s\u2019ils ne sont pas accompagn\u00e9s par un adulte. \u00bb Une s\u00e9v\u00e9rit\u00e9 qui passera \u00e9galement, en cas de violences ou trafic de stup\u00e9fiant de locataires en parc priv\u00e9 HLM, par une expulsion. Mais elle va \u00e9galement plus loin : \u00ab Quand il y aura des Montpelli\u00e9rains qui feront l\u2019objet de poursuites judiciaires et de condamnations pour trafic de drogue et de violences graves, je n\u2019h\u00e9siterai pas \u00e0 me porter partie civile pour les faire interdire du territoire montpelli\u00e9rain. \u00bb<\/p>\n<p>Vid\u00e9os : en ce moment sur ActuUn \u00ab juste \u00e9quilibre \u00bb des mobilit\u00e9s<\/p>\n<p class=\" wall-content\">Sur les mobilit\u00e9s, le constat est peut-\u00eatre encore plus s\u00e9v\u00e8re. \u00ab Contrairement \u00e0 ce que certains pourraient penser, je ne suis pas pour le tout bagnole. Je suis pour un juste \u00e9quilibre. Aujourd\u2019hui, on nous a mont\u00e9s les uns contre les autres \u00bb, semble vouloir rassurer Isabelle Perrein, m\u00eame si l\u2019on sent bien toutefois que l\u2019\u00e8re du v\u00e9lo roi serait termin\u00e9e \u00e0 Montpellier. \u00ab L\u2019automobiliste est stigmatis\u00e9. Faire sans la voiture ce n\u2019est pas possible pour beaucoup, on a encore besoin de son v\u00e9hicule \u00bb, plaide-t-elle en attaquant les ZFE vues comme \u00ab de la discrimination sociale et territoriale, je ne peux pas l\u2019accepter. \u00bb<\/p>\n<p class=\" wall-content\">Elle entend ainsi \u00ab remettre l\u2019\u00e9glise au centre du village \u00bb avec une strat\u00e9gie partant de la personne \u00e0 mobilit\u00e9 r\u00e9duite et du pi\u00e9ton qui seraient \u00ab les grands oubli\u00e9s du plan de circulation \u00bb, estime-t-elle en mettant en avant \u00ab la peur de sortir \u00e0 cause de l\u2019\u00e9tat des trottoirs \u00bb ou \u00ab les accidents avec les trottinettes \u00e9lectriques \u00bb ayant pour cons\u00e9quences notamment de \u00ab contraindre \u00e0 l\u2019isolement. \u00bb C\u2019est pourquoi elle lancera une grande campagne de restauration des espaces pi\u00e9tonniers et une communication \u00e0 destination des v\u00e9los et des trottinettes pour y mettre pied \u00e0 terre. Selon ses discussions avec les cyclistes, les pistes cyclables seraient \u00ab peu efficaces et dangereuses \u00bb donc peu de chance d\u2019en voir construites d\u2019autres. \u00ab On les conservera selon leur utilit\u00e9 et, surtout, on rendra certaines plus agr\u00e9ables \u00bb, explique-t-elle.<\/p>\n<p>\u00ab La guerre \u00e0 la voiture est un combat d\u2019arri\u00e8re garde \u00bb<\/p>\n<p class=\" wall-content\">Quant aux transports en commun, Isabelle Perrein souhaite mieux irriguer les quartiers en revoyant les lignes de bus et en mettant en place des lignes de mini bus aux arr\u00eats de tramway. Jugeant que la s\u00e9curit\u00e9 et la propret\u00e9 ne sont pas au rendez-vous de la gratuit\u00e9, elle \u00ab assume de mettre en place \u00ab\u00a0une gratuit\u00e9 intelligente\u00a0\u00bb car la gratuit\u00e9 cela n\u2019existe pas. Les transports en commun sont aujourd\u2019hui offerts aux Montpelli\u00e9rains. \u00bb Un \u00ab\u00a0cadeau \u00e0 50M\u20ac\u00a0\u00bb injuste selon elle et c\u2019est dans ce sens qu\u2019elle instaurera \u00ab une tarification adapt\u00e9e qui tiendra compte du coefficient social avec la gratuit\u00e9 pour ceux qui en ont le plus besoin. \u00bb Une question \u00e9conomique \u00e9galement car, selon elle, \u00ab quand on met en place la gratuit\u00e9, c\u2019est au d\u00e9triment de la s\u00e9curit\u00e9, de la propret\u00e9 et de l\u2019\u00e9ducation de nos enfants. Un service public ce n\u2019est pas gratuit et c\u2019est m\u00eame in\u00e9quitable. Pourquoi quelqu\u2019un qui n\u2019utilise pas le tram, paye son entr\u00e9e \u00e0 la piscine municipale ou au mus\u00e9e ? \u00bb, interroge-t-elle.<\/p>\n<p class=\" wall-content\">Revenant \u00e0 la circulation automobile, Isabelle Perrein estime que \u00ab faire la guerre \u00e0 la voiture, c\u2019est un combat d\u2019arri\u00e8re garde car les constructeurs vont faire en sorte que cela soit un v\u00e9hicule de moins en moins polluant. \u00bb Refusant la circulation de transit en ville, en soutenant que \u00ab ce que l\u2019on a fait aux 4 boulevards depuis cinq ans est un scandale et un scandale sanitaire parce qu\u2019on les empoisonne \u00bb, elle se positionne pour un anneau loin du centre-ville, donc le COM, avec \u00e9galement des itin\u00e9raires facilit\u00e9s vers les parkings, des heures de gratuit\u00e9 dans ces derniers et la volont\u00e9 d\u2019en rouvrir dont celui du march\u00e9 aux fleurs ainsi que le premier \u00e9tage de la Com\u00e9die aujourd\u2019hui d\u00e9di\u00e9 aux v\u00e9los. \u00ab Partout o\u00f9 il y aura des ilots de commerces ont mettra en place des parkings de proximit\u00e9 \u00bb, car selon elle, \u00ab depuis la mise en place du plan de circulation il y a une baisse du chiffre d\u2019affaires avec certains qui finissent par fermer \u00bb en poussant plus loin : \u00ab Quand des bas d\u2019immeuble sont vides, c\u2019est une autre population qui s\u2019empare de l\u2019espace public et contribue largement au sentiment d\u2019ins\u00e9curit\u00e9. \u00bb<\/p>\n<p>Un lieu \u00e0 trouver pour un incin\u00e9rateur<\/p>\n<p class=\" wall-content\">Le d\u00e9bat sur la propret\u00e9 faisant rage actuellement \u00e0 la M\u00e9tropole de Montpellier, les enjeux sont connus. Isabelle Perrein s\u2019appuie sur l\u2019exemple de San Francisco pour mettre en place \u00ab une vraie politique de tri \u00e0 la source accompagn\u00e9e de moyens humains \u00bb avec un objectif de 80% de d\u00e9chets recycl\u00e9s pour \u00ab permettre de d\u00e9velopper une \u00e9conomie sur notre territoire. \u00bb Quant aux d\u00e9chets ultimes, son engagement est de \u00ab ne pas mettre le CSR aux Grisettes. Il est hors de question de mettre un incin\u00e9rateur en plein milieu d\u2019une zone habit\u00e9e par plus de 10 000 personnes. C\u2019est un non sens. \u00bb<\/p>\n<p class=\" wall-content\">L\u2019occasion de fustiger \u00ab Ametyst, un pur produit de Jean-Louis Roum\u00e9gas qui l\u2019avait propos\u00e9 \u00e0 Georges Fr\u00eache, qui a co\u00fbt\u00e9 100M\u20ac. Je ne peux pas me r\u00e9signer \u00e0 dire que l\u2019on jette 100M\u20ac \u00e0 la poubelle alors qu\u2019Ametyst ne fonctionne pas. \u00bb Elle entend ainsi que l\u2019usine de m\u00e9thanisation soit aliment\u00e9e avec un compost adapt\u00e9 quand, pour les d\u00e9chets ultimes, il faudra tout de m\u00eame un incin\u00e9rateur. \u00ab Mon engagement sera d\u00e9j\u00e0 de discuter avec les autres collectivit\u00e9s pour mutualiser un incin\u00e9rateur et si ce n\u2019est pas possible, on l\u2019installera \u00e0 l\u2019endroit du territoire o\u00f9 ce sera le moins impactant pour la population \u00bb, annonce-t-elle sans pour autant avoir rep\u00e9r\u00e9 de lieu. Tout en sachant par ailleurs, qu\u2019aucun maire de la M\u00e9tropole ne s\u2019est jusqu\u2019\u00e0 pr\u00e9sent port\u00e9 candidat pour cela\u2026 \u00ab C\u2019est bien la difficult\u00e9 \u00bb, reconnait-elle.<\/p>\n<p class=\" wall-content\">Jugeant les parcs et jardins dans \u00ab un \u00e9tat d\u2019abandon d\u00e9plorable \u00bb, chacun sera trait\u00e9 au cas par cas en fonction de leur fr\u00e9quentation. \u00ab On les reprendra en main parce que les Montpelli\u00e9rains ont \u00e9mis le souhait de s\u2019y retrouver \u00bb, pr\u00e9sente-elle en voulant \u00ab des lieux pour pratiquer le sport et la culture. Et des lieux anim\u00e9s o\u00f9 on pourra \u00e9galement t\u00e9l\u00e9travailler, pour se retrouver quelque soit l\u2019\u00e2ge. \u00bb<\/p>\n<p>La culture et le sport en soutien de l\u2019\u00e9ducation<\/p>\n<p class=\" wall-content\">Sur l\u2019\u00e9ducation, Isabelle Perrein compte, au-del\u00e0 des apprentissages, s\u2019appuyer sur la culture et le sport qu\u2019elle veut voir se d\u00e9ployer durant les temps extra-scolaires en faisant appel \u00e0 des \u00e9ducateurs et de grands acteurs sportifs et culturels. \u00ab Je veux que les enfants r\u00eavent et leur donner envie de pratiquer en se disant que dans l\u2019ann\u00e9e scolaire ils pourront rencontrer leur joueur pr\u00e9f\u00e9r\u00e9, un chor\u00e9graphe ou un artiste par exemple \u00bb, explique-t-elle \u00ab Le sport est ce qui permet d\u2019apprendre le respect de la r\u00e8gle de mani\u00e8re verticale et pratiquer la culture, c\u2019est s\u2019apaiser, c\u2019est avoir moins de violence en soi, c\u2019est s\u2019ouvrir et c\u2019est apprendre \u00e0 penser par soi-m\u00eame. Tout cela est essentiel pour l\u2019\u00e9ducation d\u2019un enfant. \u00bb Un syst\u00e8me qu\u2019elle compte dupliquer pour les adolescents dans les Maisons Pour Tous.<\/p>\n<p class=\" wall-content\">De mani\u00e8re plus global , Isabelle Perrein estime que \u00ab nos grands acteurs ont \u00e9t\u00e9 d\u00e9laiss\u00e9s \u00bb en jugeant qu\u2019en mati\u00e8re de culture \u00ab il ne s\u2019est rien pass\u00e9 depuis des d\u00e9cennies puisque, depuis Georges Fr\u00eache, on a toujours les m\u00eames festivals, rien n\u2019a \u00e9t\u00e9 invent\u00e9. La seule chose qui a \u00e9t\u00e9 faite, c\u2019est un grand fiasco qui s\u2019appelle Montpellier Capitale europ\u00e9enne de la culture 2028. \u00bb Des festivals, qu\u2019elle ne critique par ailleurs pas car \u00ab ils donnent un aura \u00e0 notre ville mais la culture ne doit pas \u00eatre \u00e9litiste \u00bb, qu\u2019elle veut ouvrir \u00e0 tous avec une part de leur programmation jou\u00e9e dans l\u2019espace public et s\u2019en servir \u00e9galement pour en faire des tremplins pour les artistes du territoire, s\u00e9lectionn\u00e9s par des comit\u00e9s compos\u00e9s de grands acteurs de leur domaine, qui se produiront en avant-premi\u00e8re de spectacle. \u00ab Montpellier doit \u00eatre la ville qui propulse ses artistes \u00bb, souligne-t-elle.<\/p>\n<p>\u00abOn ne gagne pas les 24h du Mans avec une Twingo \u00bb<\/p>\n<p class=\" wall-content\">Isabelle Perrein juge qu\u2019il faut \u00ab redonner leur place \u00e0 ces acteurs qui permettent de faire rayonner la ville au national et \u00e0 l\u2019international et qui nous permettent d\u2019\u00eatre fier d\u2019appartenir \u00e0 cette ville. \u00bb Une place qui passe par \u00ab les soutenir dans leurs besoins et les accompagner dans leurs projets \u00bb en songeant bien \u00e9videmment \u00e0 la questions des stades pour le MHR de Mohed Altrad et le MHSC de Laurent Nicollin et du palais des sports pour le MHB de Julien Deljarry. Des dossiers en attente avec diff\u00e9rentes probl\u00e9matiques sur lesquels Isabelle Perrein promet des d\u00e9nouements positifs. Avec une m\u00e9thode : \u00ab On se met autour de la table et on trouve la solution la plus \u00e9quilibr\u00e9e et \u00e9quitable pour la collectivit\u00e9 et cet acteur de mani\u00e8re \u00e0 ce qu\u2019il ait son outil de travail \u00bb et de pr\u00e9ciser : \u00ab Sous mon mandat, que ce soit le club de foot, de rugby et de hand, je m\u2019assoirai avec eux et nous trouverons ensemble une solution. Ce sera une des priorit\u00e9s du mandat que je ferai d\u00e8s le d\u00e9but \u00bb en illustrant : \u00ab\u00a0On ne gagne pas les 24h du Mans avec une Twingo. \u00bb<\/p>\n<p class=\" wall-content\">Et \u00e0 ceux qui douteraient de sa volont\u00e9, voire de ses comp\u00e9tences, elle pr\u00e9vient : \u00ab Ce qui est s\u00fbr, c\u2019est que par mon m\u00e9tier, ils auront un vrai interlocuteur en face. Il n\u2019est pas question de leur faire des cadeaux mais de les accompagner au mieux des int\u00e9r\u00eats de la collectivit\u00e9s et de leurs propres int\u00e9r\u00eats. Il n\u2019est pas question \u00e9galement de brader les bijoux de famille. \u00bb Une politique qui passe \u00e9galement par le soutien aux clubs amateurs qui pourront profiter d\u2019am\u00e9nagements dans l\u2019espace public pour faire des d\u00e9monstrations. L\u2019id\u00e9e \u00e9tant toujours de donner envie de pratiquer<\/p>\n<p>Revoir le CCAS<\/p>\n<p class=\" wall-content\">Concernant les missions purement sociales attribu\u00e9es au CCAS, Isabelle Perrein souhaite \u00ab le recentrer sur ses missions obligatoires \u00bb en expliquant : \u00ab\u00a0 Ceux qui savent mieux faire et d\u00e9velopper l\u2019action sociale, ce sont les associations. Ce qui manque aujourd\u2019hui, c\u2019est une mise \u00e0 jour de l\u2019analyse des besoins et un guichet unique pour, au cas par cas, analyser les besoins de chaque b\u00e9n\u00e9ficiaire afin de l\u2019orienter vers une prise en charge globale par diff\u00e9rentes associations. \u00bb Son objectif \u00e9tant \u00e9galement de \u00ab r\u00e9unir les associations de comp\u00e9tences diff\u00e9rentes dans des lieux qui mailleront le territoire. \u00bb<\/p>\n<p class=\" wall-content\">La candidate souhaite particuli\u00e8rement \u00ab\u00a0 soutenir les travailleurs pr\u00e9caires, les retrait\u00e9s en difficult\u00e9, les familles monoparentales et les handicaps avec d\u00e8s que c\u2019est possible, pour ceux qui sont en capacit\u00e9 de travailler, un retour vers l\u2019autonomie. Si vous voulez qu\u2019un Homme aille bien, il doit \u00eatre autonome. \u00bb\u00a0Pour cela, pr\u00f4nant la transversalit\u00e9 et la compl\u00e9mentarit\u00e9 des piliers de son programme, elle envisage des partenariats avec des entreprises.<\/p>\n<p>\u00ab Il faudra investir \u00bb<\/p>\n<p class=\" wall-content\">Le dernier pilier est donc voulu comme un axe fort du programme. Isabelle Perrein juge tout d\u2019abord qu\u2019il faut \u00ab renouer avec le monde de l\u2019\u00e9conomie qui a litt\u00e9ralement claqu\u00e9 la porte au nez \u00bb, et apporte une premi\u00e8re r\u00e9ponse par la mise en place des politiques de ses pr\u00e9c\u00e9dents piliers en avan\u00e7ant permettre de \u00ab faire red\u00e9marrer nos 8 600 commerces, les entreprises du b\u00e2timent et 200 emplois que vous pouvez cr\u00e9er. \u00bb Pour r\u00e9pondre au ch\u00f4mage, en pointant les demandes d\u2019emplois peu qualifi\u00e9s, elle appelle, en prenant en compte la position g\u00e9ographique de la m\u00e9tropole, \u00e0 faire venir des entreprises dans les secteurs de la\u00a0 logistique et du recyclage. La candidate souhaite \u00e9galement \u00ab doter l\u2019agence de d\u00e9veloppement \u00e9conomique d\u2019un vrai budget avec un fond public\/priv\u00e9 pour d\u00e9velopper les secteurs d\u2019activit\u00e9 de notre territoire et que soient pr\u00e9sents des chefs d\u2019entreprise. \u00bb Une agence qui sera charg\u00e9e du diagnostic des besoins des entreprises en terme de recrutement pour les aider \u00e0 trouver les comp\u00e9tences ad\u00e9quates localement en lien avec France Travail et par une analyse des d\u00e9bouch\u00e9s des universit\u00e9s et \u00e9coles du territoire. Et si ce n\u2019est pas le cas, \u00ab c\u2019est le r\u00f4le du maire de faire venir les comp\u00e9tences pour que nos enfants sachent qu\u2019ils peuvent faire des \u00e9tudes o\u00f9 ils ont un avenir \u00e0 Montpellier. \u00bb<\/p>\n<p class=\" wall-content\">Le mandat de Micha\u00ebl Delafosse ayant \u00e9t\u00e9 marqu\u00e9 par recours \u00e9lev\u00e9 \u00e0 l\u2019emprunt, Isabelle Perrein maintiendra le niveau d\u2019investissement. \u00ab En l\u2019\u00e9tat de la situation, si on veut faire red\u00e9marrer cette ville et donc mettre en place des actions, il faudra investir mais ce ne seront pas les m\u00eames investissements. D\u00e9penser 90M\u20ac pour une place de la Com\u00e9die qui n\u2019a pas chang\u00e9 et l\u2019esplanade, ce n\u2019\u00e9tait pas n\u00e9cessaire. \u00bb Ainsi, pas vraiment d\u2019inqui\u00e9tude quant aux finances de la collectivit\u00e9 pour mettre en place son programme. \u00ab Nous avons d\u00e9j\u00e0 travaill\u00e9 l\u00e0-dessus. Aujourd\u2019hui le remboursement de la dette en capitale co\u00fbte 80M\u20ac par an et la M\u00e9tropole est endett\u00e9e \u00e0 15 ans, en sachant que si tout ce qui a \u00e9t\u00e9 budg\u00e9t\u00e9 dans leur programme est mis en place d\u2019ici la fin du mandat, elle le sera \u00e0 18 ans. Mon objectif est de ne pas augmenter les imp\u00f4ts et de rendre l\u2019endettement au niveau o\u00f9 je l\u2019ai trouv\u00e9 sinon je ne pourrai pas d\u00e9velopper d\u2019actions \u00bb, argumente-t-elle en poursuivant : \u00ab Cela veut dire que je vais pouvoir r\u00e9cup\u00e9rer 80M\u20ac par an sur six ans, en prenant en compte \u00e9galement que toutes les actions engag\u00e9es en mati\u00e8re d\u2019investissement sont subventionn\u00e9es en moyenne \u00e0 hauteur de 40%, cela fait pr\u00e8s de 650M\u20ac de disponibles sur l\u2019ensemble du mandat. \u00bb Avec la volont\u00e9 de mettre en avant son \u00ab\u00a0s\u00e9rieux\u00a0\u00bb, Isabelle Perrein fait un engagement : \u00ab \u00c0 chaque fois que l\u2019on prendra une d\u00e9cision, on se posera la question de savoir si c\u2019est n\u00e9cessaire et ce que cela apportera pour Montpellier ? \u00bb En n\u2019excluant pas par ailleurs d\u2019avoir recours au secteur priv\u00e9 si les comp\u00e9tences ne sont disponibles au sein de la collectivit\u00e9.<\/p>\n<p>Position politique et vision<\/p>\n<p class=\" wall-content\">Aujourd\u2019hui, Isabelle Perrein dit pouvoir compter sur 500 soutiens, dont 120 actifs sur le terrain, sans pour l\u2019heure d\u00e9voiler de nom impactant. Reste un soutien plus important que les autres ayant jou\u00e9 un r\u00f4le essentiel dans son av\u00e8nement mais sur lequel elle ne s\u2019\u00e9tale pas tout en pr\u00e9venant. \u00ab Il faut arr\u00eater de dire \u00e0 la population que c\u2019est Joseph Francis qui va tout payer. Il y a des lois et dans la campagne on ne peut pas donner plus de 7 500\u20ac par foyer fiscal. Il me soutiendra mais il ne pourra pas faire plus. \u00bb L\u2019ancien conseiller r\u00e9gional, patron de l\u2019UDI34 et entrepreneur fondateur groupe Comeca, qui a fait sa r\u00e9ussite professionnelle, a tout de m\u00eame donn\u00e9 une belle impulsion sans que cela ne fasse tout. \u00ab L\u2019avantage d\u2019un groupe de citoyens comme le n\u00f4tre est d\u2019agr\u00e9ger des comp\u00e9tences, il y a un gros travail de militants. \u00bb En multipliant r\u00e9unions, tractages et op\u00e9rations de porte-\u00e0-porte depuis 18 mois, \u00ab nous sommes absolument dans tous les quartiers \u00bb, assure-t-elle, et ne m\u00e9nageant pas ses efforts comme son \u00e9quipe, la candidate confie : \u00ab\u00a0 J\u00a0\u00bby prends un grand plaisir. \u00bb Reste que pour la novice en politique, \u00e0 huit mois de l\u2019\u00e9ch\u00e9ance, le plus dur commence peut-\u00eatre.<\/p>\n<p class=\" wall-content\">Apr\u00e8s des discussions avec Mohed Altrad, comme il l\u2019a fait avec d\u2019autres, l\u2019homme d\u2019affaires n\u2019a pas d\u00e9voil\u00e9 ses intentions. Peu importe, pour Isabelle Perrein, qui sans rejeter tout rapprochement, pr\u00e9vient quant aux possible alliances. \u00ab Je veux \u00eatre libre dans ma pens\u00e9e jusqu\u2019au bout. La t\u00eate de liste ce sera moi \u00bb, affirme-t-elle avec force. Quant \u00e0 sa position sur l\u2019\u00e9chiquier politique, la question l\u2019agace. \u00ab Quand on parle \u00e9ducation et culture, je ne pense pas que ce soit tr\u00e8s \u00e0 droite. Et la s\u00e9curit\u00e9 n\u2019est plus un sujet de droite ou de gauche. 70% des Fran\u00e7ais veulent de la s\u00e9curit\u00e9 et je ne pense pas que 70% des Fran\u00e7ais soient \u00e0 droite \u00bb, argumente-t-elle en rappelant son slogan : \u00ab Mon parti, c\u2019est Montpellier. \u00bb Le soutien appuy\u00e9 de Joseph Francis associ\u00e9 \u00e0 l\u2019UDI, la pr\u00e9sence active dans son \u00e9quipe de membres du mouvement de David Lisnard Nouvelle \u00c9nergie, l\u2019int\u00e9r\u00eat port\u00e9 par les R\u00e9publicains \u00e0 sa candidature et qu\u2019aucune formation \u00e0 gauche n\u2019\u00e9voque une alliance avec elle contrairement \u00e0 certains dans les mouvances d\u2019Emmanuel Macron et d\u2019Edouard Philippe, qui lui collent une \u00e9tiquette de centre-droit. \u00ab Ce qui compte ce n\u2019est pas l\u00e0 o\u00f9 on est mais ce que l\u2019on veut faire pour la ville. Chez nous, on ne parle pas d\u2019appareil ou de dogme, on parle de projets \u00bb, d\u00e9fend-elle.<\/p>\n<p class=\" wall-content\">Son programme, qui comporte \u00e9galement un volet sur la sant\u00e9 ou l\u2019am\u00e9nagement urbain, sera encore compl\u00e9t\u00e9 par la suite, voire \u00ab \u00e9voluer en fonction des personnes qui nous rejoignent. C\u2019est une base de travail \u00bb, pr\u00e9cise-t-elle. \u00ab Cela fait un an que j\u2019entends Perrein qu\u2019est-ce qu\u2019elle veut faire ? Maintenant vous savez quelle est ma vision. Je ne suis pas quelqu\u2019un d\u2019obtus ou de ferm\u00e9, j\u2019aime les gens. \u00bb Les choses se mettant progressivement en place au sein des formations politiques et les candidats commen\u00e7ant \u00e0 sortir du bois, une fois l\u2019\u00e9t\u00e9 pass\u00e9 et quelques discussions \u00e9chang\u00e9es, les choses devraient s\u2019emballer \u00e0 la rentr\u00e9e. Comme depuis le d\u00e9but, Isabelle Perrein a pris de l\u2019avance. Sur le temps certes, sur les autres candidats, m\u00eame ceux encore dans l\u2019ombre, aupr\u00e8s des \u00e9lecteurs, c\u2019est encore \u00e0 prouver. C\u2019est tout le pari d\u2019un programme, sans que cela soit une surprise \u00e0 la fois particuli\u00e8rement critique sur le mandat actuel et parfois fourre-tout par sa densit\u00e9 \u2013 la p\u00e9riode voulant cela ce ne sera sans doute pas la seule dans ce cas -, annonc\u00e9 aussi t\u00f4t. Gagnant en mars ? La route est encore longue\u2026<\/p>\n<p class=\" wall-content\">Suivez toute l\u2019actualit\u00e9 de vos villes et m\u00e9dias favoris en vous inscrivant \u00e0 <a href=\"https:\/\/moncompte.actu.fr\" title=\"D\u00e9couvez Mon Actu\" rel=\"nofollow noopener\" data-trk=\"{&quot;cta&quot;:{&quot;action&quot;:&quot;https:\\\/\\\/moncompte.actu.fr&quot;,&quot;category&quot;:&quot;mon compte&quot;,&quot;from&quot;:&quot;article footer&quot;,&quot;name&quot;:&quot;Mon actu&quot;,&quot;type&quot;:&quot;cta&quot;}}\" target=\"_blank\">Mon Actu<\/a>.<\/p>\n","protected":false},"excerpt":{"rendered":"Par C\u00e9dric Nithard Publi\u00e9 le 2 juil. 2025 \u00e0 13h32 Avec l\u2019objectif de palier son manque de notori\u00e9t\u00e9,&hellip;\n","protected":false},"author":2,"featured_media":220565,"comment_status":"","ping_status":"","sticky":false,"template":"","format":"standard","meta":{"footnotes":""},"categories":[9599],"tags":[1111,11,4188,1777,674,1011,27,2208,12,2680,316,25],"class_list":{"0":"post-220564","1":"post","2":"type-post","3":"status-publish","4":"format-standard","5":"has-post-thumbnail","7":"category-montpellier","8":"tag-actu","9":"tag-actualites","10":"tag-elections-municipales","11":"tag-eu","12":"tag-europe","13":"tag-fr","14":"tag-france","15":"tag-montpellier","16":"tag-news","17":"tag-occitanie","18":"tag-politique","19":"tag-republique-francaise"},"share_on_mastodon":{"url":"https:\/\/pubeurope.com\/@fr\/114783454724762538","error":""},"_links":{"self":[{"href":"https:\/\/www.europesays.com\/fr\/wp-json\/wp\/v2\/posts\/220564","targetHints":{"allow":["GET"]}}],"collection":[{"href":"https:\/\/www.europesays.com\/fr\/wp-json\/wp\/v2\/posts"}],"about":[{"href":"https:\/\/www.europesays.com\/fr\/wp-json\/wp\/v2\/types\/post"}],"author":[{"embeddable":true,"href":"https:\/\/www.europesays.com\/fr\/wp-json\/wp\/v2\/users\/2"}],"replies":[{"embeddable":true,"href":"https:\/\/www.europesays.com\/fr\/wp-json\/wp\/v2\/comments?post=220564"}],"version-history":[{"count":0,"href":"https:\/\/www.europesays.com\/fr\/wp-json\/wp\/v2\/posts\/220564\/revisions"}],"wp:featuredmedia":[{"embeddable":true,"href":"https:\/\/www.europesays.com\/fr\/wp-json\/wp\/v2\/media\/220565"}],"wp:attachment":[{"href":"https:\/\/www.europesays.com\/fr\/wp-json\/wp\/v2\/media?parent=220564"}],"wp:term":[{"taxonomy":"category","embeddable":true,"href":"https:\/\/www.europesays.com\/fr\/wp-json\/wp\/v2\/categories?post=220564"},{"taxonomy":"post_tag","embeddable":true,"href":"https:\/\/www.europesays.com\/fr\/wp-json\/wp\/v2\/tags?post=220564"}],"curies":[{"name":"wp","href":"https:\/\/api.w.org\/{rel}","templated":true}]}}