{"id":22057,"date":"2025-04-13T11:37:40","date_gmt":"2025-04-13T11:37:40","guid":{"rendered":"https:\/\/www.europesays.com\/fr\/22057\/"},"modified":"2025-04-13T11:37:40","modified_gmt":"2025-04-13T11:37:40","slug":"pourquoi-valerie-pecresse-a-decide-de-supprimer-cette-aide-regionale","status":"publish","type":"post","link":"https:\/\/www.europesays.com\/fr\/22057\/","title":{"rendered":"Pourquoi Val\u00e9rie P\u00e9cresse a d\u00e9cid\u00e9 de supprimer cette aide r\u00e9gionale"},"content":{"rendered":"<p class=\"articleHead-lead\">\n            La pr\u00e9sidente de la r\u00e9gion \u00cele-de-France, Val\u00e9rie P\u00e9cresse, a d\u00e9cid\u00e9 de supprimer le dispositif d&rsquo;Aide individuelle vers l&#8217;emploi (Aire). Chaque ann\u00e9e, 11 000 personnes b\u00e9n\u00e9ficiaient de cette aide.\n        <\/p>\n<p>            <img decoding=\"async\"  src=\"https:\/\/www.europesays.com\/fr\/wp-content\/uploads\/2025\/04\/1744544260_182_picture.jpg\"  class=\"apply-ratio\" alt=\"Val\u00e9rie P\u00e9cresse supprimer cette aide en \u00cele-de-France apr\u00e8s la d\u00e9couverte de vastes fraudes.\"\/><\/p>\n<p>\n                                            \u00a9 Cyril Marcilhacy\/Bloomberg\/Getty Images<\/p>\n<p>                                             &#8211; Val\u00e9rie P\u00e9cresse supprimer cette aide en \u00cele-de-France apr\u00e8s la d\u00e9couverte de vastes fraudes.\n                                    <\/p>\n<ul class=\"articleMainFollow-list\">\n<li class=\"articleMainFollow-item\">\n<p>                        Sauvegarder<\/p>\n<p>                        Sauvegard\u00e9<\/p>\n<\/li>\n<li class=\"articleMainFollow-item\">\n<\/li>\n<\/ul>\n<p>\n                    Recevoir les alertes Aide\n                <\/p>\n<p>L\u2019aide avait \u00e9t\u00e9 suspendue jusqu\u2019\u00e0 nouvel ordre apr\u00e8s la d\u00e9couverte de nombreux cas de <a href=\"https:\/\/www.capital.fr\/economie-politique\/escroquerie-comment-l-office-national-anti-fraudes-traque-les-voyous-en-col-blanc-1500461\" target=\"_blank\" rel=\"noopener\">fraudes<\/a>. Au mois de f\u00e9vrier dernier, le t\u00e9l\u00e9service de l\u2019<strong>Aide individuelle r\u00e9gionale vers l\u2019emploi (Aire) <\/strong>pr\u00e9cisait que son portail d\u2019aides serait suspendu pour permettre \u00e0 la plateforme de \u00abfaciliter le retour, l\u2019acc\u00e8s ou le maintien en emploi \u00e0 l\u2019issue d\u2019une formation\u00bb des Franciliens. Plus t\u00f4t, <a href=\"https:\/\/www.capital.fr\/economie-politique\/les-grosses-depenses-de-valerie-pecresse-pour-ameliorer-son-image-pendant-la-campagne-presidentielle-1442023\" target=\"_blank\" rel=\"noopener\">Val\u00e9rie P\u00e9cresse<\/a> avait d\u00e9pos\u00e9 une plainte pour \u00abescroquerie aggrav\u00e9e et tentative d\u2019escroquerie\u00bb, aupr\u00e8s du procureur de Bobigny, comme le rapportait <a href=\"https:\/\/www.capital.fr\/economie-politique\/attention-les-aides-a-la-formation-au-coeur-dun-vaste-systeme-de-fraude-1491595\" target=\"_blank\" rel=\"noopener\">Capital<\/a>.<\/p>\n<p>Six mois plus tard, ce dispositif devrait \u00eatre supprim\u00e9. Comme l\u2019a appris <a href=\"https:\/\/www.bfmtv.com\/paris\/ce-dispositif-n-a-plus-sa-place-valerie-pecresse-justifie-la-suppression-de-l-aide-individuelle-regionale-vers-l-emploi_AN-202409280368.html\" target=\"_blank\" rel=\"nofollow noopener\">BFMTV<\/a>, la pr\u00e9sidente de la r\u00e9gion \u00cele-de-France a confirm\u00e9 que le dispositif \u00abn\u2019a plus sa place\u00bb. Une d\u00e9cision qui a <strong>provoqu\u00e9 l\u2019ire de l\u2019opposition<\/strong> qui avait d\u2019ailleurs lanc\u00e9 une mission d&rsquo;information et d&rsquo;\u00e9valuation (MIE) afin de faire la lumi\u00e8re sur l\u2019escroquerie. Mais lundi 23 septembre, les quatre groupes d\u2019opposition de gauche ont fustig\u00e9 un \u00abpr\u00e9-rapport qui ne tient pas compte des auditions faites par la commission\u00bb.<\/p>\n<p>        \u00c0 lire aussi :<br \/>\n        <a class=\"articleToRead-link\" href=\"https:\/\/www.capital.fr\/economie-politique\/valerie-pecresse-lance-un-navigo-jour-a-12-euros-mais-sans-acces-aux-aeroports-roissy-et-orly-1502595\" data-wide=\"\" target=\"_blank\" rel=\"noopener\"><br \/>\n            Val\u00e9rie P\u00e9cresse lance un Navigo jour \u00e0 12 euros, mais sans acc\u00e8s aux a\u00e9roports Roissy et Orly !<br \/>\n        <\/a><\/p>\n<p>Cinq \u00e0 six millions d\u2019euros de fraude<\/p>\n<p>Comme \u00e0 son habitude, Val\u00e9rie P\u00e9cresse leur a r\u00e9pondu, en rappelant que ce pr\u00e9-rapport avait \u00e9t\u00e9 \u00absoumis \u00e0 la pr\u00e9sidente de la MIE qui n&rsquo;a soumis aucune objection\u00bb et qu\u2019il y avait d\u00e9j\u00e0 la proposition de \u00absupprimer le dispositif\u00bb. Et Val\u00e9rie P\u00e9cresse d\u2019ajouter : \u00abLa proposition sort de l&rsquo;expertise des services qui ont \u00e9t\u00e9 l&rsquo;objet d&rsquo;une escroquerie.\u00bb<\/p>\n<p>R\u00e9clamant \u00abun tout petit peu plus de respect, pour l&rsquo;expertise des services de la r\u00e9gion\u00bb, Val\u00e9rie P\u00e9cresse a conclu avec fermet\u00e9 : \u00abLa majorit\u00e9 a la majorit\u00e9, et c&rsquo;est elle qui d\u00e9cide in fine, y compris dans les MIE. Les MIE ne sont pas le lieu o\u00f9 l&rsquo;opposition d\u00e9cide de la politique de la majorit\u00e9.\u00bb<\/p>\n<p>        \u00c0 lire aussi :<br \/>\n        <a class=\"articleToRead-link\" href=\"https:\/\/www.capital.fr\/votre-carriere\/aide-a-la-formation-des-chomeurs-le-dispositif-rabote-en-ile-de-france-1496312\" data-wide=\"\" target=\"_blank\" rel=\"noopener\"><br \/>\n            Aide \u00e0 la formation des ch\u00f4meurs : le dispositif rabot\u00e9 en \u00cele-de-France<br \/>\n        <\/a><\/p>\n<p>Pour rappel, ce dispositif cens\u00e9 favoriser le retour ou le maintien \u00e0 l\u2019emploi \u00e0 l\u2019issue d\u2019une formation b\u00e9n\u00e9ficiait chaque ann\u00e9e \u00e0 <strong>11 000 personnes<\/strong> et \u00e9tait <strong>dot\u00e9 de 50 \u00e0 60 millions d\u2019euros<\/strong>. Des sources de BFMTV \u00e9voquent une fraude oscillant entre cinq et six millions d\u2019euros, mais qui aurait co\u00fbt\u00e9 finalement deux millions d\u2019euros \u00e0 la R\u00e9gion. Plut\u00f4t que de risquer de nouvelles fraudes, Val\u00e9rie P\u00e9cresse pr\u00e9f\u00e8re supprimer l\u2019Aire, quitte \u00e0 se mettre \u00e0 dos l\u2019opposition.<\/p>\n<p>        Recevez nos derni\u00e8res news<\/p>\n<p>        Emploi, management, droits, chaque semaine <b>l\u2019actualit\u00e9 de votre carri\u00e8re<\/b>.<\/p>\n","protected":false},"excerpt":{"rendered":"La pr\u00e9sidente de la r\u00e9gion \u00cele-de-France, Val\u00e9rie P\u00e9cresse, a d\u00e9cid\u00e9 de supprimer le dispositif d&rsquo;Aide individuelle vers l&#8217;emploi&hellip;\n","protected":false},"author":2,"featured_media":22058,"comment_status":"","ping_status":"","sticky":false,"template":"","format":"standard","meta":{"footnotes":""},"categories":[1592],"tags":[1111,11,4526,1777,674,1119,1011,27,1006,662,12,626,25,4494],"class_list":{"0":"post-22057","1":"post","2":"type-post","3":"status-publish","4":"format-standard","5":"has-post-thumbnail","7":"category-ile-de-france","8":"tag-actu","9":"tag-actualites","10":"tag-aide","11":"tag-eu","12":"tag-europe","13":"tag-formation","14":"tag-fr","15":"tag-france","16":"tag-fraude","17":"tag-ile-de-france","18":"tag-news","19":"tag-paris","20":"tag-republique-francaise","21":"tag-valu00e9rie-pu00e9cresse"},"share_on_mastodon":{"url":"https:\/\/pubeurope.com\/@fr\/114330458236880671","error":""},"_links":{"self":[{"href":"https:\/\/www.europesays.com\/fr\/wp-json\/wp\/v2\/posts\/22057","targetHints":{"allow":["GET"]}}],"collection":[{"href":"https:\/\/www.europesays.com\/fr\/wp-json\/wp\/v2\/posts"}],"about":[{"href":"https:\/\/www.europesays.com\/fr\/wp-json\/wp\/v2\/types\/post"}],"author":[{"embeddable":true,"href":"https:\/\/www.europesays.com\/fr\/wp-json\/wp\/v2\/users\/2"}],"replies":[{"embeddable":true,"href":"https:\/\/www.europesays.com\/fr\/wp-json\/wp\/v2\/comments?post=22057"}],"version-history":[{"count":0,"href":"https:\/\/www.europesays.com\/fr\/wp-json\/wp\/v2\/posts\/22057\/revisions"}],"wp:featuredmedia":[{"embeddable":true,"href":"https:\/\/www.europesays.com\/fr\/wp-json\/wp\/v2\/media\/22058"}],"wp:attachment":[{"href":"https:\/\/www.europesays.com\/fr\/wp-json\/wp\/v2\/media?parent=22057"}],"wp:term":[{"taxonomy":"category","embeddable":true,"href":"https:\/\/www.europesays.com\/fr\/wp-json\/wp\/v2\/categories?post=22057"},{"taxonomy":"post_tag","embeddable":true,"href":"https:\/\/www.europesays.com\/fr\/wp-json\/wp\/v2\/tags?post=22057"}],"curies":[{"name":"wp","href":"https:\/\/api.w.org\/{rel}","templated":true}]}}