{"id":220576,"date":"2025-07-02T11:46:21","date_gmt":"2025-07-02T11:46:21","guid":{"rendered":"https:\/\/www.europesays.com\/fr\/220576\/"},"modified":"2025-07-02T11:46:21","modified_gmt":"2025-07-02T11:46:21","slug":"le-departement-dille-et-vilaine-place-en-vigilance-par-meteo-france","status":"publish","type":"post","link":"https:\/\/www.europesays.com\/fr\/220576\/","title":{"rendered":"le d\u00e9partement d&rsquo;Ille-et-Vilaine plac\u00e9 en vigilance par M\u00e9t\u00e9o France"},"content":{"rendered":"<p>            Par<br \/>\n        <strong><br \/>\n            <a href=\"https:\/\/actu.fr\/auteur\/laurene-fertin\" title=\"Consulter tous les articles de Laur\u00e8ne Fertin\" target=\"_blank\" rel=\"noopener\">Laur\u00e8ne Fertin<\/a><br \/>\n        <\/strong><\/p>\n<p>        Publi\u00e9 le<\/p>\n<p>            2 juil. 2025 \u00e0 9h31        <\/p>\n<p>Un moment de <strong>r\u00e9pit<\/strong> apr\u00e8s les temp\u00e9ratures caniculaires. Ce mercredi 2\u00a0juillet 2025, M\u00e9t\u00e9o France place <strong>30 d\u00e9partements en vigilance jaune pour orages, pluie-inondation<\/strong> et canicule\u2009; quatre d\u00e9partements en vigilance rouge canicule ainsi que 55 d\u00e9partements en vigilance orange canicule.<\/p>\n<p class=\" wall-content\">Le d\u00e9partement d<strong>\u2019Ille-et-Vilaine<\/strong>, lui, est concern\u00e9 par <strong>la vigilance jaune orages<\/strong>.<\/p>\n<p class=\" wall-content\">\n<p>Une baisse des temp\u00e9ratures<\/p>\n<p class=\" wall-content\"><a href=\"https:\/\/actu.fr\/bretagne\/rennes_35238\/canicule-en-bretagne-des-records-atteints-voici-les-villes-ou-il-a-fait-le-plus-chaud_62849760.html\" target=\"_blank\" rel=\"noopener\">Alors que la Bretagne a affich\u00e9 des records de temp\u00e9ratures<\/a>, l\u2019Ille-et-Vilaine voit<strong> une baisse significative de ses temp\u00e9ratures<\/strong>\u2009: le mercure affiche en effet <strong>des minimales \u00e0 19\u00a0\u00b0C<\/strong> dans la matin\u00e9e et <strong>des maximales \u00e0 25\u00a0\u00b0C<\/strong> dans l\u2019apr\u00e8s-midi.<\/p>\n<p class=\" wall-content\">\u00ab\u2009Matin comme apr\u00e8s-midi, l\u2019atmosph\u00e8re est ventil\u00e9e par <strong>un vent de nord-ouest<\/strong> qui souffle entre 40 et 50\u00a0km\/h\u2009\u00bb, indique <a href=\"https:\/\/www.meteo.bzh\/actualite\/la-meteo-de-votre-mercredi-2-juillet-2025-2025-07-01\" target=\"_blank\" rel=\"noopener\">M\u00e9t\u00e9o Bretagne<\/a>.<\/p>\n<p class=\" wall-content\">\n<p class=\" wall-content\">Le temps sera <strong>nuageux<\/strong> et voil\u00e9 dans la matin\u00e9e. <strong>Des orages,<\/strong> avec <strong>des pluies<\/strong> localement, vont s\u2019abattre dans la journ\u00e9e. \u00c0 Rennes, le ciel a d\u00e9j\u00e0 grond\u00e9 d\u00e8s 8h30, ce matin.<\/p>\n<p>Vid\u00e9os : en ce moment sur Actu<\/p>\n<p class=\" wall-content\">Suivez toute l\u2019actualit\u00e9 de vos villes et m\u00e9dias favoris en vous inscrivant \u00e0 <a href=\"https:\/\/moncompte.actu.fr\" title=\"D\u00e9couvez Mon Actu\" rel=\"nofollow noopener\" data-trk=\"{&quot;cta&quot;:{&quot;action&quot;:&quot;https:\\\/\\\/moncompte.actu.fr&quot;,&quot;category&quot;:&quot;mon compte&quot;,&quot;from&quot;:&quot;article footer&quot;,&quot;name&quot;:&quot;Mon actu&quot;,&quot;type&quot;:&quot;cta&quot;}}\" target=\"_blank\">Mon Actu<\/a>.<\/p>\n","protected":false},"excerpt":{"rendered":"Par Laur\u00e8ne Fertin Publi\u00e9 le 2 juil. 2025 \u00e0 9h31 Un moment de r\u00e9pit apr\u00e8s les temp\u00e9ratures caniculaires.&hellip;\n","protected":false},"author":2,"featured_media":220577,"comment_status":"","ping_status":"","sticky":false,"template":"","format":"standard","meta":{"footnotes":""},"categories":[2821],"tags":[1111,11,829,1777,674,1011,27,2487,2357,12,4594,4459,584,25],"class_list":{"0":"post-220576","1":"post","2":"type-post","3":"status-publish","4":"format-standard","5":"has-post-thumbnail","7":"category-rennes","8":"tag-actu","9":"tag-actualites","10":"tag-bretagne","11":"tag-eu","12":"tag-europe","13":"tag-fr","14":"tag-france","15":"tag-meteo","16":"tag-meteo-france","17":"tag-news","18":"tag-orages","19":"tag-pluie","20":"tag-rennes","21":"tag-republique-francaise"},"share_on_mastodon":{"url":"https:\/\/pubeurope.com\/@fr\/114783478301759149","error":""},"_links":{"self":[{"href":"https:\/\/www.europesays.com\/fr\/wp-json\/wp\/v2\/posts\/220576","targetHints":{"allow":["GET"]}}],"collection":[{"href":"https:\/\/www.europesays.com\/fr\/wp-json\/wp\/v2\/posts"}],"about":[{"href":"https:\/\/www.europesays.com\/fr\/wp-json\/wp\/v2\/types\/post"}],"author":[{"embeddable":true,"href":"https:\/\/www.europesays.com\/fr\/wp-json\/wp\/v2\/users\/2"}],"replies":[{"embeddable":true,"href":"https:\/\/www.europesays.com\/fr\/wp-json\/wp\/v2\/comments?post=220576"}],"version-history":[{"count":0,"href":"https:\/\/www.europesays.com\/fr\/wp-json\/wp\/v2\/posts\/220576\/revisions"}],"wp:featuredmedia":[{"embeddable":true,"href":"https:\/\/www.europesays.com\/fr\/wp-json\/wp\/v2\/media\/220577"}],"wp:attachment":[{"href":"https:\/\/www.europesays.com\/fr\/wp-json\/wp\/v2\/media?parent=220576"}],"wp:term":[{"taxonomy":"category","embeddable":true,"href":"https:\/\/www.europesays.com\/fr\/wp-json\/wp\/v2\/categories?post=220576"},{"taxonomy":"post_tag","embeddable":true,"href":"https:\/\/www.europesays.com\/fr\/wp-json\/wp\/v2\/tags?post=220576"}],"curies":[{"name":"wp","href":"https:\/\/api.w.org\/{rel}","templated":true}]}}