{"id":220580,"date":"2025-07-02T11:48:13","date_gmt":"2025-07-02T11:48:13","guid":{"rendered":"https:\/\/www.europesays.com\/fr\/220580\/"},"modified":"2025-07-02T11:48:13","modified_gmt":"2025-07-02T11:48:13","slug":"strasbourg-variations-goldberg-pour-cordes","status":"publish","type":"post","link":"https:\/\/www.europesays.com\/fr\/220580\/","title":{"rendered":"Strasbourg. Variations Goldberg pour cordes"},"content":{"rendered":"<p>Ce vendredi 4\u00a0juillet \u00e0 20\u00a0h, le festival des Vendredis soir en l\u2019\u00e9glise Saint-Pierre-le-Jeune protestant d\u00e9marre sa saison avec les Variations Goldberg de Jean-S\u00e9bastien Bach, rendues c\u00e9l\u00e8bres par Glenn Gould. Cette fois, c\u2019est un arrangement pour trio d\u2019instruments \u00e0 corde qui est propos\u00e9 par trois musiciens de l\u2019Orchestre philharmonique de Strasbourg. Entr\u00e9e libre, plateau.<\/p>\n","protected":false},"excerpt":{"rendered":"Ce vendredi 4\u00a0juillet \u00e0 20\u00a0h, le festival des Vendredis soir en l\u2019\u00e9glise Saint-Pierre-le-Jeune protestant d\u00e9marre sa saison avec&hellip;\n","protected":false},"author":2,"featured_media":220581,"comment_status":"","ping_status":"","sticky":false,"template":"","format":"standard","meta":{"footnotes":""},"categories":[2820],"tags":[1111,11,1687,2880,1777,674,107,1011,27,775,873,12,25,640,2879],"class_list":{"0":"post-220580","1":"post","2":"type-post","3":"status-publish","4":"format-standard","5":"has-post-thumbnail","7":"category-strasbourg","8":"tag-actu","9":"tag-actualites","10":"tag-culture-loisirs","11":"tag-edition-strasbourg","12":"tag-eu","13":"tag-europe","14":"tag-fil-info","15":"tag-fr","16":"tag-france","17":"tag-grand-est","18":"tag-musique","19":"tag-news","20":"tag-republique-francaise","21":"tag-strasbourg","22":"tag-strasbourg-ville"},"share_on_mastodon":{"url":"https:\/\/pubeurope.com\/@fr\/114783486410661062","error":""},"_links":{"self":[{"href":"https:\/\/www.europesays.com\/fr\/wp-json\/wp\/v2\/posts\/220580","targetHints":{"allow":["GET"]}}],"collection":[{"href":"https:\/\/www.europesays.com\/fr\/wp-json\/wp\/v2\/posts"}],"about":[{"href":"https:\/\/www.europesays.com\/fr\/wp-json\/wp\/v2\/types\/post"}],"author":[{"embeddable":true,"href":"https:\/\/www.europesays.com\/fr\/wp-json\/wp\/v2\/users\/2"}],"replies":[{"embeddable":true,"href":"https:\/\/www.europesays.com\/fr\/wp-json\/wp\/v2\/comments?post=220580"}],"version-history":[{"count":0,"href":"https:\/\/www.europesays.com\/fr\/wp-json\/wp\/v2\/posts\/220580\/revisions"}],"wp:featuredmedia":[{"embeddable":true,"href":"https:\/\/www.europesays.com\/fr\/wp-json\/wp\/v2\/media\/220581"}],"wp:attachment":[{"href":"https:\/\/www.europesays.com\/fr\/wp-json\/wp\/v2\/media?parent=220580"}],"wp:term":[{"taxonomy":"category","embeddable":true,"href":"https:\/\/www.europesays.com\/fr\/wp-json\/wp\/v2\/categories?post=220580"},{"taxonomy":"post_tag","embeddable":true,"href":"https:\/\/www.europesays.com\/fr\/wp-json\/wp\/v2\/tags?post=220580"}],"curies":[{"name":"wp","href":"https:\/\/api.w.org\/{rel}","templated":true}]}}