{"id":220598,"date":"2025-07-02T11:57:10","date_gmt":"2025-07-02T11:57:10","guid":{"rendered":"https:\/\/www.europesays.com\/fr\/220598\/"},"modified":"2025-07-02T11:57:10","modified_gmt":"2025-07-02T11:57:10","slug":"un-nouveau-burger-king-ouvre-au-nord-de-toulouse-au-bord-dune-route-tres-frequentee","status":"publish","type":"post","link":"https:\/\/www.europesays.com\/fr\/220598\/","title":{"rendered":"Un nouveau Burger King ouvre au nord de Toulouse, au bord d&rsquo;une route tr\u00e8s fr\u00e9quent\u00e9e"},"content":{"rendered":"<p>            Par<br \/>\n        <strong><br \/>\n            <a href=\"https:\/\/actu.fr\/auteur\/mareva-laville-actu-fr\" title=\"Consulter tous les articles de Mar\u00e9va Laville\" target=\"_blank\" rel=\"noopener\">Mar\u00e9va Laville<\/a><br \/>\n        <\/strong><\/p>\n<p>        Publi\u00e9 le<\/p>\n<p>            2 juil. 2025 \u00e0 12h09        <\/p>\n<p>Ils l\u2019avaient annonc\u00e9 pour ce mois-ci et le pari est tenu. Jeudi 3\u00a0juillet 2025, le nouveau <strong>Burger King<\/strong> de <strong>Castelnau d\u2019Estr\u00e9tefonds,<\/strong><a href=\"https:\/\/actu.fr\/occitanie\/castelnau-d-estretefonds_31118\/burger-king-va-operer-une-percee-au-pays-de-mcdonald-s-un-nouveau-fast-food-ouvre-pres-de-toulouse_62626816.html\" target=\"_blank\" rel=\"noopener\"> en construction depuis au moins deux mois<\/a> au nord de <a href=\"http:\/\/www.actu.fr\/toulouse\" target=\"_blank\" rel=\"noopener\">Toulouse<\/a>, ouvrira ses portes. \u00c0 quelques kilom\u00e8tres seulement de son concurrent majeur, <a href=\"https:\/\/actu.fr\/occitanie\/gagnac-sur-garonne_31205\/un-nouveau-mcdonald-s-va-ouvrir-dans-cette-commune-proche-de-toulouse_62332678.html\" target=\"_blank\" rel=\"noopener\">McDonald\u2019s, qui poss\u00e8de trois restaurants<\/a> \u00e0 Grenade, Fronton et Saint-Jory, et \u00e0 15\u00a0minutes de son autre Burger King le plus proche, \u00e0 Fenouillet.<\/p>\n<p>Un 16e fast-food en Haute-Garonne<\/p>\n<p class=\" wall-content\">Il s\u2019agit de la<strong> 16\u1d49 installation de l\u2019enseigne<\/strong> surnomm\u00e9e BK en Haute-Garonne. C\u2019est sur le chemin de Lagarrigue, en bordure de la tr\u00e8s fr\u00e9quent\u00e9e <strong>RN20<\/strong>, que le fast-food s\u2019appr\u00eate \u00e0 recevoir les amoureux de l\u2019incontournable \u00ab\u2009Whooper\u2009\u00bb.<\/p>\n<p>    <img   decoding=\"async\" loading=\"lazy\" src=\"https:\/\/www.europesays.com\/fr\/wp-content\/uploads\/2025\/07\/bk-construction-960x640.jpg\" alt=\"Le Burger King de Castelnau d'Estretefonds, encore en construction il y a deux mois, comme le constatait Actu Toulouse, va ouvrir jeudi 3 juillet en bordure de la route nationale 20.\" width=\"960\" height=\"640\"\/><br \/>\n    Le Burger King de Castelnau d\u2019Estretefonds, encore en construction il y a deux mois, comme le constatait Actu Toulouse, va ouvrir jeudi 3\u00a0juillet en bordure de la route nationale 20. (\u00a9David Saint-Sernin \/ Actu Toulouse)Terrasse, drive et Click &amp; Collect<\/p>\n<p class=\" wall-content\">Le <strong>b\u00e2timent de 425 m\u00b2<\/strong> pourra recevoir jusqu\u2019\u00e0 <strong>250\u00a0personnes \u00e0 l\u2019int\u00e9rieur<\/strong> et 118 sur la terrasse dot\u00e9e d\u2019une aire de jeux pour enfants.<\/p>\n<p class=\" wall-content\">Pour les plus press\u00e9s, le Burger King de Castelnau d\u2019Estr\u00e9tefonds offrira une double piste Drive pour les commandes \u00e0 emporter et proposera le <strong>Click &amp; Collect<\/strong> ainsi que le <strong>Click &amp; Parking<\/strong> via l\u2019application du g\u00e9ant des burgers. \u00c0 noter que le parking compte plusieurs dizaines de places de stationnement.<\/p>\n<p>Vid\u00e9os : en ce moment sur Actu40 salari\u00e9s et des CDI \u00e0 pourvoir<\/p>\n<p class=\" wall-content\">Aux fourneaux, en salle et \u00e0 la logistique, pas moins de 40\u00a0personnes ont \u00e9t\u00e9 <strong>recrut\u00e9es en CDI<\/strong>. D\u2019autres collaborateurs sont toujours recherch\u00e9s, \u00ab\u2009avec ou sans dipl\u00f4me, jeunes actifs ou anciens salari\u00e9s en reconversion professionnelle\u2009\u00bb, liste l\u2019\u00e9quipe de Burger King.<\/p>\n<p class=\" wall-content\">\u00ab\u2009Tous les profils ont leur place chez nous\u2009! Passez nous voir au restaurant\u2009\u00bb, abonde la marque qui compte employer cette ann\u00e9e <a href=\"https:\/\/actu.fr\/economie\/cette-celebre-chaine-de-fast-food-recrute-en-occitanie-et-pas-qu-un-peu-455-emplois-vont-etre-crees_62641690.html\" target=\"_blank\" rel=\"noopener\">455\u00a0personnes \u00e0 travers l\u2019Occitanie.<\/a><\/p>\n<p><strong>Burger King<\/strong><br \/>7 chemin de la Garrigue, Castelnau d\u2019Estr\u00e9tefonds<br \/>En salle et au drive tous les jours de 11h \u00e0 22h.<\/p>\n<p class=\" wall-content\">Suivez toute l\u2019actualit\u00e9 de vos villes et m\u00e9dias favoris en vous inscrivant \u00e0 <a href=\"https:\/\/moncompte.actu.fr\" title=\"D\u00e9couvez Mon Actu\" rel=\"nofollow noopener\" data-trk=\"{&quot;cta&quot;:{&quot;action&quot;:&quot;https:\\\/\\\/moncompte.actu.fr&quot;,&quot;category&quot;:&quot;mon compte&quot;,&quot;from&quot;:&quot;article footer&quot;,&quot;name&quot;:&quot;Mon actu&quot;,&quot;type&quot;:&quot;cta&quot;}}\" target=\"_blank\">Mon Actu<\/a>.<\/p>\n","protected":false},"excerpt":{"rendered":"Par Mar\u00e9va Laville Publi\u00e9 le 2 juil. 2025 \u00e0 12h09 Ils l\u2019avaient annonc\u00e9 pour ce mois-ci et le&hellip;\n","protected":false},"author":2,"featured_media":220599,"comment_status":"","ping_status":"","sticky":false,"template":"","format":"standard","meta":{"footnotes":""},"categories":[2816],"tags":[1111,11,1777,674,1011,27,12,2680,25,2850,104,2312],"class_list":{"0":"post-220598","1":"post","2":"type-post","3":"status-publish","4":"format-standard","5":"has-post-thumbnail","7":"category-toulouse","8":"tag-actu","9":"tag-actualites","10":"tag-eu","11":"tag-europe","12":"tag-fr","13":"tag-france","14":"tag-news","15":"tag-occitanie","16":"tag-republique-francaise","17":"tag-restaurants-de-toulouse","18":"tag-societe","19":"tag-toulouse"},"share_on_mastodon":{"url":"https:\/\/pubeurope.com\/@fr\/114783521698538317","error":""},"_links":{"self":[{"href":"https:\/\/www.europesays.com\/fr\/wp-json\/wp\/v2\/posts\/220598","targetHints":{"allow":["GET"]}}],"collection":[{"href":"https:\/\/www.europesays.com\/fr\/wp-json\/wp\/v2\/posts"}],"about":[{"href":"https:\/\/www.europesays.com\/fr\/wp-json\/wp\/v2\/types\/post"}],"author":[{"embeddable":true,"href":"https:\/\/www.europesays.com\/fr\/wp-json\/wp\/v2\/users\/2"}],"replies":[{"embeddable":true,"href":"https:\/\/www.europesays.com\/fr\/wp-json\/wp\/v2\/comments?post=220598"}],"version-history":[{"count":0,"href":"https:\/\/www.europesays.com\/fr\/wp-json\/wp\/v2\/posts\/220598\/revisions"}],"wp:featuredmedia":[{"embeddable":true,"href":"https:\/\/www.europesays.com\/fr\/wp-json\/wp\/v2\/media\/220599"}],"wp:attachment":[{"href":"https:\/\/www.europesays.com\/fr\/wp-json\/wp\/v2\/media?parent=220598"}],"wp:term":[{"taxonomy":"category","embeddable":true,"href":"https:\/\/www.europesays.com\/fr\/wp-json\/wp\/v2\/categories?post=220598"},{"taxonomy":"post_tag","embeddable":true,"href":"https:\/\/www.europesays.com\/fr\/wp-json\/wp\/v2\/tags?post=220598"}],"curies":[{"name":"wp","href":"https:\/\/api.w.org\/{rel}","templated":true}]}}