{"id":220602,"date":"2025-07-02T11:59:09","date_gmt":"2025-07-02T11:59:09","guid":{"rendered":"https:\/\/www.europesays.com\/fr\/220602\/"},"modified":"2025-07-02T11:59:09","modified_gmt":"2025-07-02T11:59:09","slug":"losc-les-premiers-mots-dolivier-giroud-apres-sa-magnifique-presentation-a-lille-cest-un-defi-incroyable","status":"publish","type":"post","link":"https:\/\/www.europesays.com\/fr\/220602\/","title":{"rendered":"LOSC. Les premiers mots d\u2019Olivier Giroud apr\u00e8s sa magnifique pr\u00e9sentation \u00e0 Lille : \u00ab\u00a0C\u2019est un d\u00e9fi incroyable\u00a0\u00bb"},"content":{"rendered":"<p>            Par<br \/>\n        <strong><br \/>\n            <a href=\"https:\/\/actu.fr\/auteur\/nicolas-demollien\" title=\"Consulter tous les articles de Nicolas Demollien\" target=\"_blank\" rel=\"noopener\">Nicolas Demollien<\/a><br \/>\n        <\/strong><\/p>\n<p>        Publi\u00e9 le<\/p>\n<p>            2 juil. 2025 \u00e0 13h12        <\/p>\n<p>\u00ab\u2009Une l\u00e9gende du football fran\u00e7ais enfile le maillot du <a href=\"https:\/\/actu.fr\/tag\/losc-football\" target=\"_blank\" rel=\"noopener\">LOSC<\/a>.\u2009\u00bb Le club de <a href=\"https:\/\/actu.fr\/hauts-de-france\/lille_59350\" target=\"_blank\" rel=\"noopener\">Lille<\/a> (Nord) a enregistr\u00e9 sans surprise l\u2019arriv\u00e9e du <b>champion du monde 2018<\/b> <a href=\"https:\/\/actu.fr\/tag\/olivier-giroud\" target=\"_blank\" rel=\"noopener\">OIivier Giroud<\/a>. Elle a \u00e9t\u00e9 annonc\u00e9e dans une <b>magnifique vid\u00e9o tourn\u00e9e par le club<\/b> et qui n\u2019est pas pass\u00e9e inaper\u00e7ue.<\/p>\n<p>La spectaculaire arriv\u00e9e d\u2019Olivier Giroud au LOSC<\/p>\n<p class=\" wall-content\">Les images sont magnifiques, au sein de la <b>Citadelle<\/b>, prises avec un drone. On vous laisse admirer le travail ci-dessous.<\/p>\n<p class=\" wall-content\">\n<p class=\" wall-content\">Mais OIivier Giroud est aussi pass\u00e9 par le centre-ville de Lille pour y tourner des images, le maillot du LOSC sur le dos. Pas sur la Grand\u2019Place, <a href=\"https:\/\/actu.fr\/hauts-de-france\/lille_59350\/lille-cest-quoi-ces-amenagements-tout-autour-de-la-fontaine-de-la-grandplace_62812435.html\" target=\"_blank\" rel=\"noopener\">en plein am\u00e9nagement pour la grande parade<\/a> du Tour de France ce jeudi, mais <b>place du th\u00e9\u00e2tre avec le beffroi et l\u2019op\u00e9ra<\/b> en fond d\u2019image. Plusieurs badauds ont <b>assist\u00e9 au tournage et ainsi pu croiser le meilleur buteur fran\u00e7ais<\/b> et m\u00eame <b>prendre quelques photos<\/b>.<\/p>\n<p class=\" wall-content\">https:\/\/x.com\/losclive\/status\/1940290339652206664\/photo\/1<\/p>\n<p>Les premiers mots d\u2019Olivier Giroud \u00e0 Luchin<\/p>\n<p class=\" wall-content\">Ce mercredi 2\u00a0juillet 2025, l\u2019attaquant s\u2019est exprim\u00e9 en conf\u00e9rence de presse sur son arriv\u00e9e dans la capitale des Flandres.<\/p>\n<p>Vid\u00e9os : en ce moment sur Actu<\/p>\n<p class=\" wall-content\">\u00ab\u2009Les <b>premiers contacts datent d\u2019il y a deux semaines<\/b>, j\u2019ai tout de suite \u00e9t\u00e9 s\u00e9duit par le projet. C\u2019est un d\u00e9fi incroyable\u2009\u00bb.<\/p>\n<p class=\" wall-content\">Il a aussi conscience de la pression qui l\u2019attend. \u00ab\u2009L\u2019attente sera forte autour de moi mais je n\u2019arrive comme le \u2018Messi\u2019. Je vais apporter mon v\u00e9cu, mon exp\u00e9rience, m\u00eame quand je ne serai pas sur le terrain\u2009\u00bb.<\/p>\n<p class=\" wall-content\">De l\u00e0 \u00e0 se voir dans la <b>peau d\u2019un \u00ab\u2009rempla\u00e7ant de luxe\u2009\u00bb\u2009? Pas du tout<\/b>. \u00ab\u2009Je me sens bien malgr\u00e9 mon \u00e2ge, j\u2019ai toujours dit que je voulais jouer. Dans cette mesure-l\u00e0, <b>je sens que je peux apporter<\/b>. Je vais faire le maximum et je sens que je peux \u00eatre utile. Je ne sais pas si je peux encha\u00eener des matchs tous les trois jours mais je suis tr\u00e8s excit\u00e9 \u00e0 l\u2019id\u00e9e de jouer une coupe d\u2019Europe. <b>La comp\u00e9tition, la concurrence, m\u2019a toujours fait avancer.\u2009\u00bb<\/b><\/p>\n<p class=\" wall-content\">\n<p class=\" wall-content\">Olivier Giroud ne vient pas \u00e0 Lille en pr\u00e9-retraite, qu\u2019on se le dise. \u00ab\u2009Je reviens dans une \u00e9quipe qui me correspondra, dans un championnat que je connais. Aux \u00c9tats-Unis, le plan de jeu ne me convenait pas\u2009\u00bb.<\/p>\n<p class=\" wall-content\">Quant au contraste entre Los Angeles et Lille\u2009? \u00ab\u2009Les \u00c9tats-Unis ont \u00e9t\u00e9 une belle exp\u00e9rience, cela a \u00e9t\u00e9 une ann\u00e9e positive. Mais je suis content de revenir en France, la s\u00e9r\u00e9nit\u00e9 et le contexte lillois me conviennent. Je suis tr\u00e8s heureux de rentrer \u00e0 la maison\u2009!\u2009\u00bb<\/p>\n<p class=\" wall-content\">Suivez toute l\u2019actualit\u00e9 de vos villes et m\u00e9dias favoris en vous inscrivant \u00e0 <a href=\"https:\/\/moncompte.actu.fr\" title=\"D\u00e9couvez Mon Actu\" rel=\"nofollow noopener\" data-trk=\"{&quot;cta&quot;:{&quot;action&quot;:&quot;https:\\\/\\\/moncompte.actu.fr&quot;,&quot;category&quot;:&quot;mon compte&quot;,&quot;from&quot;:&quot;article footer&quot;,&quot;name&quot;:&quot;Mon actu&quot;,&quot;type&quot;:&quot;cta&quot;}}\" target=\"_blank\">Mon Actu<\/a>.<\/p>\n","protected":false},"excerpt":{"rendered":"Par Nicolas Demollien Publi\u00e9 le 2 juil. 2025 \u00e0 13h12 \u00ab\u2009Une l\u00e9gende du football fran\u00e7ais enfile le maillot&hellip;\n","protected":false},"author":2,"featured_media":220603,"comment_status":"","ping_status":"","sticky":false,"template":"","format":"standard","meta":{"footnotes":""},"categories":[2815],"tags":[1111,11,1777,674,1011,27,811,1307,4158,1434,12,5959,25,104],"class_list":{"0":"post-220602","1":"post","2":"type-post","3":"status-publish","4":"format-standard","5":"has-post-thumbnail","7":"category-lille","8":"tag-actu","9":"tag-actualites","10":"tag-eu","11":"tag-europe","12":"tag-fr","13":"tag-france","14":"tag-hauts-de-france","15":"tag-lille","16":"tag-losc-football","17":"tag-mercato","18":"tag-news","19":"tag-olivier-giroud","20":"tag-republique-francaise","21":"tag-societe"},"share_on_mastodon":{"url":"https:\/\/pubeurope.com\/@fr\/114783529572083124","error":""},"_links":{"self":[{"href":"https:\/\/www.europesays.com\/fr\/wp-json\/wp\/v2\/posts\/220602","targetHints":{"allow":["GET"]}}],"collection":[{"href":"https:\/\/www.europesays.com\/fr\/wp-json\/wp\/v2\/posts"}],"about":[{"href":"https:\/\/www.europesays.com\/fr\/wp-json\/wp\/v2\/types\/post"}],"author":[{"embeddable":true,"href":"https:\/\/www.europesays.com\/fr\/wp-json\/wp\/v2\/users\/2"}],"replies":[{"embeddable":true,"href":"https:\/\/www.europesays.com\/fr\/wp-json\/wp\/v2\/comments?post=220602"}],"version-history":[{"count":0,"href":"https:\/\/www.europesays.com\/fr\/wp-json\/wp\/v2\/posts\/220602\/revisions"}],"wp:featuredmedia":[{"embeddable":true,"href":"https:\/\/www.europesays.com\/fr\/wp-json\/wp\/v2\/media\/220603"}],"wp:attachment":[{"href":"https:\/\/www.europesays.com\/fr\/wp-json\/wp\/v2\/media?parent=220602"}],"wp:term":[{"taxonomy":"category","embeddable":true,"href":"https:\/\/www.europesays.com\/fr\/wp-json\/wp\/v2\/categories?post=220602"},{"taxonomy":"post_tag","embeddable":true,"href":"https:\/\/www.europesays.com\/fr\/wp-json\/wp\/v2\/tags?post=220602"}],"curies":[{"name":"wp","href":"https:\/\/api.w.org\/{rel}","templated":true}]}}