{"id":220607,"date":"2025-07-02T12:01:10","date_gmt":"2025-07-02T12:01:10","guid":{"rendered":"https:\/\/www.europesays.com\/fr\/220607\/"},"modified":"2025-07-02T12:01:10","modified_gmt":"2025-07-02T12:01:10","slug":"paris-lyon-marseille-apres-lechec-de-la-cmp-la-reforme-du-mode-de-scrutin-franchit-une-nouvelle-etape-a-lassemblee-lcp","status":"publish","type":"post","link":"https:\/\/www.europesays.com\/fr\/220607\/","title":{"rendered":"Paris, Lyon, Marseille : apr\u00e8s l&rsquo;\u00e9chec de la CMP, la r\u00e9forme du mode de scrutin franchit une nouvelle \u00e9tape \u00e0 l&rsquo;Assembl\u00e9e | LCP"},"content":{"rendered":"<p>Les d\u00e9put\u00e9s de la commission des lois ont adopt\u00e9, ce mercredi\u00a02 juillet, en nouvelle lecture, la proposition de loi visant \u00e0 \u00ab\u00a0r\u00e9former le mode d\u2019\u00e9lection des membres du conseil de Paris et des conseils municipaux de Lyon et de Marseille\u00a0\u00bb. Apr\u00e8s le rejet du texte par le S\u00e9nat, puis l&rsquo;\u00e9chec de la commission mixte paritaire, le gouvernement continue de souhaiter l&rsquo;adoption de cette r\u00e9forme qui poursuit donc son parcours l\u00e9gislatif.\u00a0<\/p>\n<p>La r\u00e9forme du <strong>mode de scrutin \u00e0 Paris, Lyon et Marseille<\/strong> de retour \u00e0 l&rsquo;Assembl\u00e9e nationale. Les d\u00e9put\u00e9s de la <strong>commission des lois <\/strong>ont <strong>adopt\u00e9<\/strong> ce mercredi 2 juillet, en nouvelle lecture, la<a href=\"https:\/\/www.assemblee-nationale.fr\/dyn\/17\/dossiers\/reformer_mode_election_membres_Conseil_Paris\" target=\"_blank\" rel=\"nofollow noopener\"> proposition de loi<\/a>\u00a0visant \u00e0 \u00ab\u00a0r\u00e9former le mode d\u2019\u00e9lection des membres du conseil de Paris et des conseils municipaux de Lyon et de Marseille\u00a0\u00bb, initi\u00e9e par\u00a0le d\u00e9put\u00e9 de la capitale\u00a0<strong>Sylvain Maillard<\/strong> (Ensemble pour la R\u00e9publique).<\/p>\n<p>Le texte doit mettre un terme \u00e0 un \u00ab\u00a0syst\u00e8me complexe et peu lisible pour les citoyens\u00a0\u00bb, a r\u00e9affirm\u00e9 devant ses coll\u00e8gues le rapporteur du texte, <strong>Jean-Paul Matte\u00ef<\/strong> (Les D\u00e9mocrates). Aujourd&rsquo;hui, les villes de Paris, Lyon et Marseille disposent d&rsquo;un <strong>r\u00e9gime \u00e9lectoral particulier<\/strong>\u00a0: les citoyens n&rsquo;\u00e9lisent pas directement leur maire mais votent par arrondissement ou par secteur. Une partie des conseillers \u00e9lus si\u00e8gent ensuite au conseil municipal et \u00e9lisent le maire.\u00a0<\/p>\n<p>La proposition de loi pr\u00e9voit donc <strong>l&rsquo;organisation le m\u00eame jour deux scrutins distincts<\/strong> \u00e0 Paris, Lyon et Marseille\u00a0: le premier pour \u00e9lire les conseillers d&rsquo;arrondissements (ou de secteur) et le second pour \u00e9lire directement le conseil municipal, sur une circonscription unique. Particularit\u00e9, le texte retient cependant <strong>une\u00a0prime majoritaire\u00a0de 25% des si\u00e8ges<\/strong>\u00a0accord\u00e9s \u00e0 la liste arriv\u00e9e en t\u00eate, contre 50% dans les autres communes.\u00a0<\/p>\n<p>Rejet du S\u00e9nat et \u00e9chec de la CMP\u00a0<\/p>\n<p>La premi\u00e8re lecture du texte \u00e0 l&rsquo;Assembl\u00e9e nationale, <a data-entity-substitution=\"canonical\" data-entity-type=\"node\" data-entity-uuid=\"941a8eaa-ddb3-43f1-a4b7-717e0a831172\" href=\"https:\/\/lcp.fr\/actualites\/paris-lyon-marseille-le-socle-gouvernemental-se-divise-sur-la-reforme-du-mode-de-scrutin\" target=\"_blank\" title=\"Paris, Lyon, Marseille : le socle gouvernemental se divise sur la r\u00e9forme du mode de scrutin municipal\" rel=\"nofollow noopener\">en avril dernier<\/a>, a \u00e9t\u00e9 le th\u00e9\u00e2tre de vifs d\u00e9bats au sein du socle gouvernemental mais aussi entre groupes de gauche, les deux camps exposant publiquement leurs <strong>divergences internes<\/strong>. Soutenu par le Rassemblement national et La France insoumise, le texte avait \u00e9t\u00e9 largement adopt\u00e9 (183 pour, 53 contre, 17 abstentions).\u00a0<\/p>\n<p>En revanche, <strong>les s\u00e9nateurs<\/strong> ont vot\u00e9 le 3 juin dernier <strong>contre la proposition de loi<\/strong> et la <strong>commission mixte paritaire<\/strong> (CMP) qui s&rsquo;est r\u00e9unie le 24 juin pour tenter de parvenir \u00e0 un accord entre les deux Chambres du Parlement <strong><a href=\"https:\/\/www.assemblee-nationale.fr\/dyn\/17\/rapports\/451\/l17b1618_rapport-fond\" target=\"_blank\" rel=\"nofollow noopener\">a \u00e9chou\u00e9<\/a><\/strong>. \u00ab\u00a0<strong>Les positions des deux Assembl\u00e9es \u00e9taient tout \u00e0 fait divergentes<\/strong>, peut-\u00eatre m\u00eame radicalement divergentes\u00a0\u00bb, a comment\u00e9 mercredi matin le pr\u00e9sident de la commission des lois du Palais-Bourbon, <strong>Florent Boudi\u00e9<\/strong> (Ensemble pour la R\u00e9publique).<\/p>\n<p class=\"citation\">Le S\u00e9nat cherche par tous moyens \u00e0 emp\u00eacher une avanc\u00e9e d\u00e9mocratique.\u00a0Bastien Lachaud (La France insoumise)<\/p>\n<p>Selon les opposants au texte, l&rsquo;\u00e9chec de la commission mixte paritaire aurait d\u00fb mettre un terme \u00e0 son examen. \u00ab\u00a0Le Premier ministre avait une fois de plus pris des engagements, notamment de ne pas forcer le passage de cette r\u00e9forme\u00a0\u00bb, a soulign\u00e9 <strong>St\u00e9phane Delautrette<\/strong> (Socialistes), d\u00e9non\u00e7ant une \u00ab\u00a0promesse non tenue\u00a0\u00bb. <strong>Fran\u00e7ois Bayrou<\/strong>, <a href=\"https:\/\/x.com\/publicsenat\/status\/1892226302834597962\" target=\"_blank\" rel=\"nofollow\">interrog\u00e9 au S\u00e9nat le 19 f\u00e9vrier dernier<\/a>, avait affirm\u00e9 qu&rsquo;il<strong> \u00ab\u00a0n&rsquo;imaginait pas qu&rsquo;un texte puisse \u00eatre adopt\u00e9 sur ce sujet sans qu&rsquo;il y ait accord de l&rsquo;Assembl\u00e9e nationale et du S\u00e9nat\u00a0\u00bb<\/strong>. Au contraire, <strong>Sylvain Maillard<\/strong> (EPR) a jug\u00e9 qu'\u00a0\u00bben donnant le dernier mot \u00e0 l&rsquo;Assembl\u00e9e nationale\u00a0\u00bb le gouvernement \u00ab\u00a0respect[ait] la proc\u00e9dure parlementaire\u00a0\u00bb.\u00a0<\/p>\n<p>Concr\u00e8tement, apr\u00e8s ce nouveau passage en commission, la proposition de loi sera examin\u00e9e\u00a0<strong>lundi 7 juillet dans l&rsquo;h\u00e9micycle de l&rsquo;Assembl\u00e9e nationale<\/strong>. Puis, <strong>retournera au S\u00e9nat<\/strong>. Avant une<strong> lecture d\u00e9finitive au cours de laquelle les d\u00e9put\u00e9s auront le dernier mot<\/strong>.\u00a0<\/p>\n<p>Le RN et LFI \u00ab\u00a0pour\u00a0\u00bb, Horizons \u00ab\u00a0contre\u00a0\u00bb<\/p>\n<p>Les \u00e9changes au sein de la commission ont permis \u00e0 chaque groupe de d\u00e9fendre une nouvelle fois ses arguments. <strong>\u00ab\u00a0Les habitants de Paris, Lyon et Marseille vous disent dans toutes les enqu\u00eates d&rsquo;opinion qu&rsquo;ils sont lass\u00e9s d&rsquo;attendre\u00a0\u00bb<\/strong>, a martel\u00e9 <strong>Sylvain Maillard <\/strong>pour les d\u00e9put\u00e9s du parti pr\u00e9sidentiel. Et d&rsquo;ajouter : \u00ab\u00a0Les critiques [de ce texte] n&rsquo;ont jamais su proposer de syst\u00e8me alternatif au n\u00f4tre.\u00a0\u00bb<\/p>\n<p>Inversement, plusieurs d\u00e9put\u00e9s d&rsquo;autres groupes ont fustig\u00e9 <strong>une r\u00e9forme r\u00e9alis\u00e9e \u00ab\u00a0\u00e0 l&rsquo;aveugle\u00a0\u00bb\u00a0<\/strong>selon\u00a0<strong>Marie-Charlotte Garin<\/strong>\u00a0(Ecologiste et social), \u00ab\u00a0tr\u00e8s parisienne\u00a0\u00bb d&rsquo;apr\u00e8s <strong>Paul Molac\u00a0<\/strong>(LIOT), ou encore \u00ab\u00a0complexe \u00e0 mettre en oeuvre\u00a0\u00bb pour <strong>Patrick Hetzel<\/strong> (Droite r\u00e9publicaine).<\/p>\n<p>L&rsquo;\u00e9lue communiste <strong>Elsa Faucillon<\/strong> (Gauche d\u00e9mocrate et r\u00e9publicaine) a, quant \u00e0 elle, jug\u00e9 que le dispositif \u00e9tait <strong>\u00ab\u00a0con\u00e7u pour favoriser Madame Dati dans la conqu\u00eate de Paris\u00a0\u00bb<\/strong>, une opinion partag\u00e9e par Paul Molac (LIOT), tandis que Patrick Hetzel (LR) a mis en cause \u00ab\u00a0la\u00a0modification d&rsquo;une loi \u00e9lectorale \u00e0 moins d&rsquo;un an de l&rsquo;\u00e9ch\u00e9ance\u00a0\u00bb.\u00a0<\/p>\n<p>Signe que le sujet d\u00e9passe les clivages habituels<strong>, le Rassemblement national et la France insoumise sont favorables \u00e0 la r\u00e9forme<\/strong>. Tandis que <strong>le\u00a0<\/strong><strong>groupe Horizons<\/strong>, qui s&rsquo;\u00e9tait abstenu lors du vote en premi\u00e8re lecture dans l&rsquo;h\u00e9micycle, a annonc\u00e9 qu&rsquo;il <strong>s&rsquo;opposera d\u00e9sormais au texte<\/strong>. \u00ab\u00a0Rejet massif au S\u00e9nat, \u00e9chec de la commission mixte paritaire, ces signaux devraient nous inciter \u00e0 la prudence\u00a0\u00bb, a d\u00e9clar\u00e9<strong> Jean Moulliere <\/strong>pour justifier ce changement de positionnement, ajoutant que son groupe \u00ab\u00a0d\u00e9plore le passage en force qui s&rsquo;annonce\u00a0\u00bb.\u00a0<\/p>\n","protected":false},"excerpt":{"rendered":"Les d\u00e9put\u00e9s de la commission des lois ont adopt\u00e9, ce mercredi\u00a02 juillet, en nouvelle lecture, la proposition de&hellip;\n","protected":false},"author":2,"featured_media":220608,"comment_status":"","ping_status":"","sticky":false,"template":"","format":"standard","meta":{"footnotes":""},"categories":[2814],"tags":[1111,11,4348,6560,423,1777,674,1011,27,23203,2428,5994,884,985,12,626,882,25,4189],"class_list":{"0":"post-220607","1":"post","2":"type-post","3":"status-publish","4":"format-standard","5":"has-post-thumbnail","7":"category-marseille","8":"tag-actu","9":"tag-actualites","10":"tag-assemblee","11":"tag-changement","12":"tag-deputes","13":"tag-eu","14":"tag-europe","15":"tag-fr","16":"tag-france","17":"tag-lcp","18":"tag-lyon","19":"tag-maillard","20":"tag-marseille","21":"tag-mode","22":"tag-news","23":"tag-paris","24":"tag-provence-alpes-cote-dazur","25":"tag-republique-francaise","26":"tag-scrutin"},"share_on_mastodon":{"url":"https:\/\/pubeurope.com\/@fr\/114783537366370099","error":""},"_links":{"self":[{"href":"https:\/\/www.europesays.com\/fr\/wp-json\/wp\/v2\/posts\/220607","targetHints":{"allow":["GET"]}}],"collection":[{"href":"https:\/\/www.europesays.com\/fr\/wp-json\/wp\/v2\/posts"}],"about":[{"href":"https:\/\/www.europesays.com\/fr\/wp-json\/wp\/v2\/types\/post"}],"author":[{"embeddable":true,"href":"https:\/\/www.europesays.com\/fr\/wp-json\/wp\/v2\/users\/2"}],"replies":[{"embeddable":true,"href":"https:\/\/www.europesays.com\/fr\/wp-json\/wp\/v2\/comments?post=220607"}],"version-history":[{"count":0,"href":"https:\/\/www.europesays.com\/fr\/wp-json\/wp\/v2\/posts\/220607\/revisions"}],"wp:featuredmedia":[{"embeddable":true,"href":"https:\/\/www.europesays.com\/fr\/wp-json\/wp\/v2\/media\/220608"}],"wp:attachment":[{"href":"https:\/\/www.europesays.com\/fr\/wp-json\/wp\/v2\/media?parent=220607"}],"wp:term":[{"taxonomy":"category","embeddable":true,"href":"https:\/\/www.europesays.com\/fr\/wp-json\/wp\/v2\/categories?post=220607"},{"taxonomy":"post_tag","embeddable":true,"href":"https:\/\/www.europesays.com\/fr\/wp-json\/wp\/v2\/tags?post=220607"}],"curies":[{"name":"wp","href":"https:\/\/api.w.org\/{rel}","templated":true}]}}