{"id":22061,"date":"2025-04-13T11:39:08","date_gmt":"2025-04-13T11:39:08","guid":{"rendered":"https:\/\/www.europesays.com\/fr\/22061\/"},"modified":"2025-04-13T11:39:08","modified_gmt":"2025-04-13T11:39:08","slug":"a-paris-une-nuit-avec-des-temperatures-de-debut-dete-entre-samedi-et-ce-dimanche","status":"publish","type":"post","link":"https:\/\/www.europesays.com\/fr\/22061\/","title":{"rendered":"\u00c0 Paris, une nuit avec des temp\u00e9ratures de d\u00e9but d\u2019\u00e9t\u00e9 entre samedi et ce dimanche"},"content":{"rendered":"<p class=\"paragraph text_align_left\">C\u2019est un peu contre-intuitif un 13\u00a0avril, mais la nuit de samedi \u00e0 ce dimanche a \u00e9t\u00e9 estivale \u00e0 Paris. La temp\u00e9rature a ainsi correspondu \u00e0 <a href=\"https:\/\/meteofrance.com\/climat\/normales\/france\" target=\"_blank\" rel=\"nofollow noopener\">des niveaux attendus au d\u00e9but de l\u2019\u00e9t\u00e9<\/a> dans la capitale.<\/p>\n<p class=\"paragraph text_align_left\">Au lever du jour, vers 7\u00a0heures, il faisait un peu plus de 13 degr\u00e9s \u00e0 la station officielle de M\u00e9t\u00e9o France, situ\u00e9e dans le <a href=\"https:\/\/www.infoclimat.fr\/observations-meteo\/temps-reel\/paris-montsouris\/07156.html\" target=\"_blank\" rel=\"nofollow noopener\">parc Montsouris<\/a>. Au milieu des habitations, comme <a href=\"https:\/\/www.infoclimat.fr\/observations-meteo\/temps-reel\/paris-20eme-porte-de-vincennes\/000EW.html\" target=\"_blank\" rel=\"nofollow noopener\">porte de Vincennes<\/a>, ou dans le centre-ville, dans le quartier de <a href=\"https:\/\/www.meteociel.fr\/temps-reel\/obs_villes.php?code2=2&amp;affint=1\" target=\"_blank\" rel=\"nofollow noopener\">Saint-Germain-des-Pr\u00e9s<\/a> par exemple, il faisait un peu plus encore avec 14\u00b0C au compteur, un niveau qui n\u2019a presque pas boug\u00e9 depuis samedi soir. C\u2019est entre 5\u00b0C et 6\u00b0C de plus que la norme qui est de 8\u00b0C en fin de nuit mi-avril \u00e0 Paris.<\/p>\n<p class=\"paragraph text_align_left\">Cette valeur dit aussi deux autres choses. D\u00e8s le d\u00e9but de journ\u00e9e, il faisait d\u00e9j\u00e0 quasiment la m\u00eame temp\u00e9rature que celle qui est attendue mi-avril dans la capitale au moment le plus chaud de l\u2019apr\u00e8s-midi. Celle-ci est de 16,6\u00b0C. Par ailleurs, un tel niveau pendant la nuit correspond au point bas attendu en moyenne\u2026 au d\u00e9but de l\u2019\u00e9t\u00e9.<\/p>\n<p>Comme une nuit de juin, \u00e0 deux degr\u00e9s seulement d\u2019une nuit de juillet et ao\u00fbt<\/p>\n<p class=\"paragraph text_align_left\">14\u00b0C ne constituent pas du tout un record de chaleur au lever du jour mi-avril \u00e0 Paris. Mais le thermom\u00e8tre s\u2019en est quand m\u00eame approch\u00e9 la nuit derni\u00e8re puisqu\u2019il est fix\u00e9 \u00e0 16,1\u00b0C, qui ont \u00e9t\u00e9 atteints le 29\u00a0avril 1987. Inversement, la temp\u00e9rature la plus basse pendant le quatri\u00e8me mois de l\u2019ann\u00e9e est de -3,5\u00b0C. Il faut toutefois remonter pr\u00e8s de 150 ans en arri\u00e8re, le 13\u00a0avril 1879, pour trouver un tel froid mi-avril.<\/p>\n<p class=\"paragraph text_align_left\">Concernant l\u2019aspect estival de la nuit de ce samedi \u00e0 dimanche, Paris se situe compl\u00e8tement dans la moyenne de ce qu\u2019il se passe en juin, qui est le premier mois de la saison estivale, d\u00e8s le 1er d\u2019un point de vue m\u00e9t\u00e9orologique et autour du 20 sur le plan astronomique. \u00c0 ce moment de l\u2019ann\u00e9e il fait 14,2\u00b0C en moyenne au lever du jour. En juillet et en ao\u00fbt cela grimpe un peu plus, l\u00e0 aussi en moyenne, avec respectivement 16,2\u00b0C et 16\u00b0C.<\/p>\n<p>Les nuits tropicales se multiplient<\/p>\n<p class=\"paragraph text_align_left\">Une pond\u00e9ration doit toutefois \u00eatre apport\u00e9e. Ces moyennes sont calcul\u00e9es sur les ann\u00e9es 1991-2020. Le climat s\u2019est nettement r\u00e9chauff\u00e9 entre le d\u00e9but et la fin de cette p\u00e9riode. Les \u00e9t\u00e9s actuels sont bien plus chauds que ceux des ann\u00e9es 1990. La temp\u00e9rature moyenne en d\u00e9but de journ\u00e9e a d\u2019ailleurs tendance \u00e0 augmenter et <a href=\"https:\/\/www.leparisien.fr\/meteo\/avec-30c-a-minuit-et-deja-22c-au-lever-du-jour-paris-a-connu-une-deuxieme-nuit-tropicale-daffilee-20-07-2024-F5L752AZ4VGE3HZLUWJGUEUQEY.php\" target=\"_blank\" rel=\"nofollow noopener\">les nuits tropicales<\/a>, avec un thermom\u00e8tre qui ne descend jamais sous la barre des 20\u00b0C, sont de plus en plus nombreuses.<\/p>\n<p class=\"paragraph text_align_left\">Concernant la situation de ce dimanche 13\u00a0avril, elle est due une remont\u00e9e d\u2019air chaud depuis le sud et le sud-ouest de la France. Il n\u2019est enfin pas rare qu\u2019avril connaisse des temp\u00e9ratures douces pour la saison la nuit. Ce mois, comme mars, constitue une p\u00e9riode de transition entre la saison froide et la saison chaude. Les variations de temp\u00e9ratures y sont donc importantes, aussi bien \u00e0 la hausse qu\u2019\u00e0 la baisse.<\/p>\n","protected":false},"excerpt":{"rendered":"C\u2019est un peu contre-intuitif un 13\u00a0avril, mais la nuit de samedi \u00e0 ce dimanche a \u00e9t\u00e9 estivale \u00e0&hellip;\n","protected":false},"author":2,"featured_media":9305,"comment_status":"","ping_status":"","sticky":false,"template":"","format":"standard","meta":{"footnotes":""},"categories":[1888],"tags":[1111,1928,11,1927,1777,674,1011,27,2487,12,1926,626,1925,25],"class_list":{"0":"post-22061","1":"post","2":"type-post","3":"status-publish","4":"format-standard","5":"has-post-thumbnail","7":"category-paris","8":"tag-actu","9":"tag-actu-paris","10":"tag-actualites","11":"tag-actualites-paris","12":"tag-eu","13":"tag-europe","14":"tag-fr","15":"tag-france","16":"tag-meteo","17":"tag-news","18":"tag-news-paris","19":"tag-paris","20":"tag-paris-news","21":"tag-republique-francaise"},"share_on_mastodon":{"url":"https:\/\/pubeurope.com\/@fr\/114330465983724414","error":""},"_links":{"self":[{"href":"https:\/\/www.europesays.com\/fr\/wp-json\/wp\/v2\/posts\/22061","targetHints":{"allow":["GET"]}}],"collection":[{"href":"https:\/\/www.europesays.com\/fr\/wp-json\/wp\/v2\/posts"}],"about":[{"href":"https:\/\/www.europesays.com\/fr\/wp-json\/wp\/v2\/types\/post"}],"author":[{"embeddable":true,"href":"https:\/\/www.europesays.com\/fr\/wp-json\/wp\/v2\/users\/2"}],"replies":[{"embeddable":true,"href":"https:\/\/www.europesays.com\/fr\/wp-json\/wp\/v2\/comments?post=22061"}],"version-history":[{"count":0,"href":"https:\/\/www.europesays.com\/fr\/wp-json\/wp\/v2\/posts\/22061\/revisions"}],"wp:featuredmedia":[{"embeddable":true,"href":"https:\/\/www.europesays.com\/fr\/wp-json\/wp\/v2\/media\/9305"}],"wp:attachment":[{"href":"https:\/\/www.europesays.com\/fr\/wp-json\/wp\/v2\/media?parent=22061"}],"wp:term":[{"taxonomy":"category","embeddable":true,"href":"https:\/\/www.europesays.com\/fr\/wp-json\/wp\/v2\/categories?post=22061"},{"taxonomy":"post_tag","embeddable":true,"href":"https:\/\/www.europesays.com\/fr\/wp-json\/wp\/v2\/tags?post=22061"}],"curies":[{"name":"wp","href":"https:\/\/api.w.org\/{rel}","templated":true}]}}