{"id":220611,"date":"2025-07-02T12:03:10","date_gmt":"2025-07-02T12:03:10","guid":{"rendered":"https:\/\/www.europesays.com\/fr\/220611\/"},"modified":"2025-07-02T12:03:10","modified_gmt":"2025-07-02T12:03:10","slug":"aeroport-de-lyon-greve-des-controleurs-de-nombreux-vols-annules-ce-jeudi","status":"publish","type":"post","link":"https:\/\/www.europesays.com\/fr\/220611\/","title":{"rendered":"A\u00e9roport de Lyon : gr\u00e8ve des contr\u00f4leurs, de nombreux vols annul\u00e9s ce jeudi"},"content":{"rendered":"<p>En raison d&rsquo;une gr\u00e8ve des contr\u00f4leurs a\u00e9riens pr\u00e9vue pour le jeudi 3 juillet, de nombreux vols risquent d&rsquo;\u00eatre annul\u00e9s ou retard\u00e9s \u00e0 l&rsquo;a\u00e9roport de Lyon Saint-Exup\u00e9ry.<\/p>\n<p>Si vous avez pr\u00e9vu de d\u00e9coller en direction des vacances <b>le jeudi 3 juillet<\/b>, votre d\u00e9part risque d&rsquo;\u00eatre perturb\u00e9. <b>Une gr\u00e8ve nationale des contr\u00f4leurs a\u00e9riens<\/b> est au programme demain \u00e0 l&rsquo;appel de plusieurs syndicats qui s&rsquo;opposent \u00e0 la r\u00e9forme du contr\u00f4le a\u00e9rien.<\/p>\n<p>Un tiers des vols annul\u00e9 \u00e0 l&rsquo;a\u00e9roport de Lyon ?<\/p>\n<p>Cons\u00e9quence de cet appel \u00e0 la gr\u00e8ve : la\u00a0Direction g\u00e9n\u00e9rale de l&rsquo;aviation civile (DGAC) pr\u00e9voit <b>une r\u00e9duction des vols de 30% \u00e0 l&rsquo;a\u00e9roport de Lyon Saint-Exup\u00e9ry<\/b>.<\/p>\n<p>La DGAC invite les voyageurs \u00e0 contacter leur compagnie a\u00e9rienne pour se renseigner sur les modalit\u00e9s du vol.<\/p>\n<p>D&rsquo;autres a\u00e9roports de France sont concern\u00e9s : 25% des vols \u00e0 Paris Orly, 50% \u00e0 Nice, \u00e0 Bastia et Calvi, 30% \u00e0 Marseille, \u00e0 Montpellier et \u00e0 Ajaccio.<\/p>\n<p>\u00c0 noter qu&rsquo;en cas d&rsquo;annulation de vol, les compagnies a\u00e9riennes sont dans l&rsquo;obligation de proposer un r\u00e9acheminement ou de rembourser les billets aux passagers refusant de voyager.<\/p>\n<p><img loading=\"lazy\" decoding=\"async\" src=\"https:\/\/www.europesays.com\/fr\/wp-content\/uploads\/2025\/07\/1751457790_378_img\" width=\"350\" height=\"200\" border=\"0\" title=\"Le terminal 1 de l'a\u00c3\u00a9roport de Lyon-Saint-Exup\u00c3\u00a9ry.\"\/><\/p>\n<p>\u25baFaits divers<\/p>\n<p style=\"font-size: 22px;\"><b>Lyon : c&rsquo;\u00e9tait quoi cette fum\u00e9e pr\u00e8s de l&rsquo;a\u00e9roport Saint-Exup\u00e9ry ce lundi ?<\/b><\/p>\n<p>Une fum\u00e9e \u00e9tait visible ce lundi 30 juin, \u00e0 proximit\u00e9&#8230;<\/p>\n<p><\/p>\n","protected":false},"excerpt":{"rendered":"En raison d&rsquo;une gr\u00e8ve des contr\u00f4leurs a\u00e9riens pr\u00e9vue pour le jeudi 3 juillet, de nombreux vols risquent d&rsquo;\u00eatre&hellip;\n","protected":false},"author":2,"featured_media":220612,"comment_status":"","ping_status":"","sticky":false,"template":"","format":"standard","meta":{"footnotes":""},"categories":[1889],"tags":[35968,35969,1111,11,2430,7182,37,32757,1777,674,1011,27,10956,2428,12,25,3427,2692],"class_list":{"0":"post-220611","1":"post","2":"type-post","3":"status-publish","4":"format-standard","5":"has-post-thumbnail","7":"category-lyon","8":"tag-aroport-de-lyon","9":"tag-aroport-de-lyon-saint-exupry","10":"tag-actu","11":"tag-actualites","12":"tag-auvergne-rhone-alpes","13":"tag-aviation","14":"tag-avion","15":"tag-dgac","16":"tag-eu","17":"tag-europe","18":"tag-fr","19":"tag-france","20":"tag-grve","21":"tag-lyon","22":"tag-news","23":"tag-republique-francaise","24":"tag-syndicats","25":"tag-vols"},"share_on_mastodon":{"url":"https:\/\/pubeurope.com\/@fr\/114783545338635942","error":""},"_links":{"self":[{"href":"https:\/\/www.europesays.com\/fr\/wp-json\/wp\/v2\/posts\/220611","targetHints":{"allow":["GET"]}}],"collection":[{"href":"https:\/\/www.europesays.com\/fr\/wp-json\/wp\/v2\/posts"}],"about":[{"href":"https:\/\/www.europesays.com\/fr\/wp-json\/wp\/v2\/types\/post"}],"author":[{"embeddable":true,"href":"https:\/\/www.europesays.com\/fr\/wp-json\/wp\/v2\/users\/2"}],"replies":[{"embeddable":true,"href":"https:\/\/www.europesays.com\/fr\/wp-json\/wp\/v2\/comments?post=220611"}],"version-history":[{"count":0,"href":"https:\/\/www.europesays.com\/fr\/wp-json\/wp\/v2\/posts\/220611\/revisions"}],"wp:featuredmedia":[{"embeddable":true,"href":"https:\/\/www.europesays.com\/fr\/wp-json\/wp\/v2\/media\/220612"}],"wp:attachment":[{"href":"https:\/\/www.europesays.com\/fr\/wp-json\/wp\/v2\/media?parent=220611"}],"wp:term":[{"taxonomy":"category","embeddable":true,"href":"https:\/\/www.europesays.com\/fr\/wp-json\/wp\/v2\/categories?post=220611"},{"taxonomy":"post_tag","embeddable":true,"href":"https:\/\/www.europesays.com\/fr\/wp-json\/wp\/v2\/tags?post=220611"}],"curies":[{"name":"wp","href":"https:\/\/api.w.org\/{rel}","templated":true}]}}