{"id":220619,"date":"2025-07-02T12:07:12","date_gmt":"2025-07-02T12:07:12","guid":{"rendered":"https:\/\/www.europesays.com\/fr\/220619\/"},"modified":"2025-07-02T12:07:12","modified_gmt":"2025-07-02T12:07:12","slug":"la-ligne-ferroviaire-paris-milan-est-a-nouveau-stoppee","status":"publish","type":"post","link":"https:\/\/www.europesays.com\/fr\/220619\/","title":{"rendered":"La ligne ferroviaire Paris-Milan est \u00e0 nouveau stopp\u00e9e"},"content":{"rendered":"<p>Alors que la circulation des trains avait repris en mars, la ligne de chemin de fer entre Paris et Milan est \u00e0 nouveau interrompue. La cause serait une coul\u00e9e de boue sur les voies suite \u00e0 un orage violent. Les voies en gare de Modane ont \u00e9t\u00e9 recouvertes par les pluies, qui ont aussi caus\u00e9 une crue d\u2019un torrent de la vall\u00e9e de la Maurienne.<\/p>\n<p><img fetchpriority=\"high\" decoding=\"async\" class=\"size-full wp-image-85839\" src=\"https:\/\/www.europesays.com\/fr\/wp-content\/uploads\/2025\/07\/coulee-de-boue-sur-les-rails.jpeg\" alt=\"\" width=\"272\" height=\"186\"  \/>La ligne ferroviaire Paris-Milan est \u00e0 nouveau stopp\u00e9e<br \/>\nUn manque de chance pour des milliers de voyageurs<\/p>\n<p>Trois mois apr\u00e8s sa r\u00e9ouverture, la ligne ferroviaire Paris-Milan est coup\u00e9e depuis lundi 30 juin en raison d\u2019une coul\u00e9e de boue dans les Alpes fran\u00e7aises. SNCF Voyageurs et Trenitalia exploitent \u00e0 eux deux cinq allers-retours par jour entre Paris et Milan. Les deux transporteurs ont \u00e9t\u00e9 contraints d\u2019interrompre leurs services entre les gares de Saint-Michel \u2013 Valloire et Modane, coupant ainsi la seule liaison pour les trains \u00e0 grande vitesse entre la France et l\u2019Italie.<\/p>\n<p>SNCF r\u00e9seau esp\u00e8re trouver une solution d\u2019ici le 5 juillet<\/p>\n<p>\u00ab Sous r\u00e9serve de la survenue de nouvelles intemp\u00e9ries et de nouveaux \u00e9l\u00e9ments issus des investigations, une reprise des circulations des trains de voyageurs pourrait \u00eatre envisag\u00e9e en mode d\u00e9grad\u00e9, \u00e0 partir du samedi 5 juillet au matin \u00bb, a avanc\u00e9 SNCF R\u00e9seau. Des travaux seront cependant n\u00e9cessaires jusqu\u2019\u00e0 mi-juillet pour permettre une reprise normale du trafic.<\/p>\n<p>\u00a0<\/p>\n","protected":false},"excerpt":{"rendered":"Alors que la circulation des trains avait repris en mars, la ligne de chemin de fer entre Paris&hellip;\n","protected":false},"author":2,"featured_media":170675,"comment_status":"","ping_status":"","sticky":false,"template":"","format":"standard","meta":{"footnotes":""},"categories":[1888],"tags":[1111,1928,11,1927,35970,1777,674,1011,27,35971,12,1926,626,1925,25,2215,35972,7582],"class_list":{"0":"post-220619","1":"post","2":"type-post","3":"status-publish","4":"format-standard","5":"has-post-thumbnail","7":"category-paris","8":"tag-actu","9":"tag-actu-paris","10":"tag-actualites","11":"tag-actualites-paris","12":"tag-coulee-de-boue-en-maurienne","13":"tag-eu","14":"tag-europe","15":"tag-fr","16":"tag-france","17":"tag-ligne-paris-milan","18":"tag-news","19":"tag-news-paris","20":"tag-paris","21":"tag-paris-news","22":"tag-republique-francaise","23":"tag-sncf","24":"tag-trafic-ferroviaire-bloque-entre-paris-et-milan","25":"tag-trenitalia"},"share_on_mastodon":{"url":"https:\/\/pubeurope.com\/@fr\/114783560970058736","error":""},"_links":{"self":[{"href":"https:\/\/www.europesays.com\/fr\/wp-json\/wp\/v2\/posts\/220619","targetHints":{"allow":["GET"]}}],"collection":[{"href":"https:\/\/www.europesays.com\/fr\/wp-json\/wp\/v2\/posts"}],"about":[{"href":"https:\/\/www.europesays.com\/fr\/wp-json\/wp\/v2\/types\/post"}],"author":[{"embeddable":true,"href":"https:\/\/www.europesays.com\/fr\/wp-json\/wp\/v2\/users\/2"}],"replies":[{"embeddable":true,"href":"https:\/\/www.europesays.com\/fr\/wp-json\/wp\/v2\/comments?post=220619"}],"version-history":[{"count":0,"href":"https:\/\/www.europesays.com\/fr\/wp-json\/wp\/v2\/posts\/220619\/revisions"}],"wp:featuredmedia":[{"embeddable":true,"href":"https:\/\/www.europesays.com\/fr\/wp-json\/wp\/v2\/media\/170675"}],"wp:attachment":[{"href":"https:\/\/www.europesays.com\/fr\/wp-json\/wp\/v2\/media?parent=220619"}],"wp:term":[{"taxonomy":"category","embeddable":true,"href":"https:\/\/www.europesays.com\/fr\/wp-json\/wp\/v2\/categories?post=220619"},{"taxonomy":"post_tag","embeddable":true,"href":"https:\/\/www.europesays.com\/fr\/wp-json\/wp\/v2\/tags?post=220619"}],"curies":[{"name":"wp","href":"https:\/\/api.w.org\/{rel}","templated":true}]}}