{"id":220630,"date":"2025-07-02T12:14:16","date_gmt":"2025-07-02T12:14:16","guid":{"rendered":"https:\/\/www.europesays.com\/fr\/220630\/"},"modified":"2025-07-02T12:14:16","modified_gmt":"2025-07-02T12:14:16","slug":"pour-un-elu-allemand-une-dissuasion-nucleaire-europeenne-ne-pourra-fonctionner-que-sous-legide-de-berlin","status":"publish","type":"post","link":"https:\/\/www.europesays.com\/fr\/220630\/","title":{"rendered":"Pour un \u00e9lu allemand, une \u00ab\u00a0dissuasion nucl\u00e9aire europ\u00e9enne\u00a0\u00bb ne pourra fonctionner que sous l&rsquo;\u00e9gide de Berlin"},"content":{"rendered":"<p><img fetchpriority=\"high\" decoding=\"async\" src=\"https:\/\/www.europesays.com\/fr\/wp-content\/uploads\/2025\/07\/tornado-ecr-20190821.jpg\" alt=\"\" width=\"600\" height=\"401\" class=\"alignnone size-full wp-image-52739\"  \/><\/p>\n<p>Lors d\u2019un discours prononc\u00e9 \u00e0 l\u2019\u00c9cole de guerre en f\u00e9vrier 2020, le pr\u00e9sident Macron rappela que les \u00ab\u00a0int\u00e9r\u00eats vitaux de la France avaient  une dimension europ\u00e9enne\u00a0\u00bb et qu\u2019il \u00e9tait par cons\u00e9quent pr\u00eat \u00e0 ouvrir un \u00ab\u00a0dialogue strat\u00e9gique\u00a0\u00bb avec les pays membres de l\u2019Union europ\u00e9enne [UE] sur le \u00ab\u00a0r\u00f4le de la dissuasion nucl\u00e9aire fran\u00e7aise dans notre s\u00e9curit\u00e9 collective\u00a0\u00bb. \u00c9videmment, il \u00e9tait hors de question d\u2019en partager le contr\u00f4le. <\/p>\n<p>Seulement, cette offre de dialogue strat\u00e9gique fut boud\u00e9e, notamment par l\u2019Allemagne o\u00f9 l\u2019on estimait que rien ne devait remettre en cause le \u00ab\u00a0parapluie nucl\u00e9aire am\u00e9ricain\u00a0\u00bb auquel elle participe actuellement, en abritant des armes nucl\u00e9aires tactiques B61 sur son territoire. \u00ab\u00a0Il faut savoir concr\u00e8tement de quoi il en retourne. [\u2026] Pour l\u2019instant, la seule certitude, c\u2019est que les Fran\u00e7ais ne veulent en aucun cas placer leur arsenal nucl\u00e9aire sous un commandement europ\u00e9en,\u00a0\u00bb avait d\u00e9clar\u00e9 Annegret Kramp-Karrenbauer, alors \u00e0 la t\u00eate du minist\u00e8re allemand de la D\u00e9fense. <\/p>\n<p>\u00c0 l\u2019\u00e9poque vice-pr\u00e9sident du groupe parlementaire de l\u2019Union d\u00e9mocrate-chr\u00e9tienne [CDU] au Bundestag et proche de la chanceli\u00e8re Angela Merkel, Johann Wadephul avait \u00e9t\u00e9 plus cat\u00e9gorique. Le pr\u00e9sident \u00ab\u00a0Macron nous a toujours invit\u00e9s \u00e0 penser europ\u00e9en. Mais on ne peut pas seulement europ\u00e9aniser ce qui est cher aux Allemands [comme la mise en place d\u2019un budget de la zone euro]. Il faut aussi europ\u00e9aniser ce qui est cher aux Fran\u00e7ais et c\u2019est le cas de la force de frappe fran\u00e7aise\u00a0\u00bb, avait-il dit. <\/p>\n<p>Depuis, M. Wadephul a pris du galon : il est devenu ministre des Affaires \u00e9trang\u00e8res au sein de la coalition gouvernementale dirig\u00e9e par le chancelier Friedrich Merz. Au moment de prendre ses fonctions, ce dernier a d\u2019ailleurs dit vouloir \u00ab\u00a0parler avec la France et le Royaume-Uni\u00a0\u00bb de la question de la dissuasion nucl\u00e9aire sur le continent europ\u00e9en. Et d\u2019ajouter que cette discussion devait \u00eatre \u00ab\u00a0vue de fa\u00e7on explicite comme compl\u00e9ment \u00e0 ce que nous [les Allemands] avons d\u00e9j\u00e0 avec nos partenaires am\u00e9ricains au sein de l\u2019Otan\u00a0\u00bb. <\/p>\n<p>Cela \u00e9tant, outre-Rhin, d\u2019autres voix entendent aller plus loin. Lors des \u00e9lections europ\u00e9ennes de 2024, la t\u00eate de liste du Parti social-d\u00e9mocrate [SPD], Katarina Barley, avait estim\u00e9 que la n\u00e9cessit\u00e9 pour l\u2019UE de se doter d\u2019une dissuasion nucl\u00e9aire \u00ab\u00a0pourrait devenir un enjeu\u00a0\u00bb dans la \u00ab\u00a0perspective d\u2019une d\u00e9fense europ\u00e9enne\u00a0\u00bb. Quid du pouvoir de d\u00e9cision ? Elle avait \u00e9lud\u00e9 cette question. <\/p>\n<p>Pr\u00e9sident du Parti populaire europ\u00e9en [PPE] et alors candidat \u00e0 propre succession, Manfred Weber [CDU\/CSU] avait d\u00e9fendu la m\u00eame ligne. \u00ab\u00a0La plus grande promesse de l\u2019Europe est de vivre ensemble en paix. [\u2026] Nous devons renouveler cette promesse en ces temps historiques. Plus pr\u00e9cis\u00e9ment, l\u2019Europe doit devenir si forte militairement pour que personne ne veuille rivaliser avec nous. Cela signifie que nous avons besoin de dissuasion. La dissuasion inclut les armes nucl\u00e9aires\u00a0\u00bb, avait-il affirm\u00e9 dans les pages du quotidien Bild. <\/p>\n<p>Cette id\u00e9e de \u00ab\u00a0dissuasion nucl\u00e9aire europ\u00e9enne\u00a0\u00bb a de nouveau \u00e9t\u00e9 \u00e9voqu\u00e9e par Jens Spahn, l\u2019actuel pr\u00e9sident du groupe parlementaire de la CDU au Bundestag. <\/p>\n<p>\u00ab\u00a0Je sais que cela va susciter imm\u00e9diatement des r\u00e9flexes d\u00e9fensifs. Mais oui : nous devrions d\u00e9battre d\u2019un parapluie nucl\u00e9aire europ\u00e9en ind\u00e9pendant. Et cela ne fonctionnera qu\u2019avec le leadership allemand\u00a0\u00bb, a en effet affirm\u00e9 M. Spahn, lors d\u2019un entretien publi\u00e9 par le journal \u00ab\u00a0Welt am Sonntag\u00a0\u00bb, le 29 juin. <\/p>\n<p>\u00ab\u00a0Des bombes nucl\u00e9aires am\u00e9ricaines sont \u00e9galement stationn\u00e9es en Allemagne \u00e0 cette fin. Mais, \u00e0 long terme, cela ne suffit pas. Nous devons discuter d\u2019une participation allemande ou europ\u00e9enne \u00e0 l\u2019arsenal nucl\u00e9aire de la France et du Royaume-Uni, et \u00e9ventuellement de notre propre participation avec d\u2019autres \u00c9tats europ\u00e9ens. Cela co\u00fbtera cher. Mais ceux qui veulent une protection doivent aussi la financer\u00a0\u00bb, a-t-il ajout\u00e9. <\/p>\n<p>\u00ab\u00a0La France ne nous laissera certainement pas toucher \u00e0 son bouton rouge, pour rester dans la m\u00e9taphore. Mais plusieurs id\u00e9es existent pour une puissance nucl\u00e9aire europ\u00e9enne, m\u00eame si certaines paraissent a priori alambiqu\u00e9es et th\u00e9oriques\u00a0\u00bb, a encha\u00een\u00e9 M. Spahn. Et d\u2019avancer l\u2019id\u00e9e d\u2019une \u00ab\u00a0rotation al\u00e9atoire des responsabilit\u00e9s entre les \u00c9tats membres\u00a0\u00bb afin de laisser un \u00ab\u00a0adversaire potentiel\u00a0\u00bb dans l\u2019incertitude. <\/p>\n<p>Lors d\u2019un d\u00e9placement au Luxembourg, le 1er juillet, M. Merz a r\u00e9agi aux propos de son chef de groupe parlementaire\u2026 en bottant en touche. Ainsi, il a commenc\u00e9 par rappeler qu\u2019il avait accept\u00e9 l\u2019offre de M. Macron sur une \u00e9ventuelle coop\u00e9ration en mati\u00e8re de dissuasion nucl\u00e9aire, avant de souligner qu\u2019il \u00ab\u00a0n\u2019y a pas de nouvelles initiatives pour l\u2019instant\u00a0\u00bb. <\/p>\n<p>Cependant, a-t-il poursuivi, \u00ab\u00a0cr\u00e9er une dissuasion nucl\u00e9aire ind\u00e9pendante des \u00c9tats-Unis est une t\u00e2che qui s\u2019inscrit dans une perspective \u00e0 tr\u00e8s, tr\u00e8s long terme, car il y a de nombreux probl\u00e8mes \u00e0 r\u00e9soudre, qui vont au-del\u00e0 de la p\u00e9riode o\u00f9 nous devons d\u2019abord am\u00e9liorer la capacit\u00e9 de d\u00e9fense de l\u2019Europe avec les structures existantes\u00a0\u00bb. Et d\u2019insister : \u00ab\u00a0Nous devons tout mettre en \u0153uvre pour maintenir le partage du nucl\u00e9aire avec les \u00c9tats-Unis dans les ann\u00e9es, voire les d\u00e9cennies \u00e0 venir\u00a0\u00bb. <\/p>\n<p>Photo : Mnist\u00e8re allemand de la D\u00e9fense<\/p>\n","protected":false},"excerpt":{"rendered":"Lors d\u2019un discours prononc\u00e9 \u00e0 l\u2019\u00c9cole de guerre en f\u00e9vrier 2020, le pr\u00e9sident Macron rappela que les \u00ab\u00a0int\u00e9r\u00eats&hellip;\n","protected":false},"author":2,"featured_media":220631,"comment_status":"","ping_status":"","sticky":false,"template":"","format":"standard","meta":{"footnotes":""},"categories":[1587],"tags":[11,672,1804,1805,1803,20548,35973,1777,674,4710,1801,35974,12,1802,364],"class_list":{"0":"post-220630","1":"post","2":"type-post","3":"status-publish","4":"format-standard","5":"has-post-thumbnail","7":"category-allemagne","8":"tag-actualites","9":"tag-allemagne","10":"tag-bundesrepublik-deutschland","11":"tag-de","12":"tag-deutschland","13":"tag-dissuasion-nucleaire","14":"tag-dissuasion-nucleaire-europeenne","15":"tag-eu","16":"tag-europe","17":"tag-friedrich-merz","18":"tag-germany","19":"tag-jens-spahn","20":"tag-news","21":"tag-republique-federale-dallemagne","22":"tag-union-europeenne"},"share_on_mastodon":{"url":"https:\/\/pubeurope.com\/@fr\/114783588648494348","error":""},"_links":{"self":[{"href":"https:\/\/www.europesays.com\/fr\/wp-json\/wp\/v2\/posts\/220630","targetHints":{"allow":["GET"]}}],"collection":[{"href":"https:\/\/www.europesays.com\/fr\/wp-json\/wp\/v2\/posts"}],"about":[{"href":"https:\/\/www.europesays.com\/fr\/wp-json\/wp\/v2\/types\/post"}],"author":[{"embeddable":true,"href":"https:\/\/www.europesays.com\/fr\/wp-json\/wp\/v2\/users\/2"}],"replies":[{"embeddable":true,"href":"https:\/\/www.europesays.com\/fr\/wp-json\/wp\/v2\/comments?post=220630"}],"version-history":[{"count":0,"href":"https:\/\/www.europesays.com\/fr\/wp-json\/wp\/v2\/posts\/220630\/revisions"}],"wp:featuredmedia":[{"embeddable":true,"href":"https:\/\/www.europesays.com\/fr\/wp-json\/wp\/v2\/media\/220631"}],"wp:attachment":[{"href":"https:\/\/www.europesays.com\/fr\/wp-json\/wp\/v2\/media?parent=220630"}],"wp:term":[{"taxonomy":"category","embeddable":true,"href":"https:\/\/www.europesays.com\/fr\/wp-json\/wp\/v2\/categories?post=220630"},{"taxonomy":"post_tag","embeddable":true,"href":"https:\/\/www.europesays.com\/fr\/wp-json\/wp\/v2\/tags?post=220630"}],"curies":[{"name":"wp","href":"https:\/\/api.w.org\/{rel}","templated":true}]}}