{"id":220634,"date":"2025-07-02T12:16:17","date_gmt":"2025-07-02T12:16:17","guid":{"rendered":"https:\/\/www.europesays.com\/fr\/220634\/"},"modified":"2025-07-02T12:16:17","modified_gmt":"2025-07-02T12:16:17","slug":"resilience-dans-le-domaine-de-leau-le-cese-representant-la-societe-civile-europeenne-soutient-une-action-ambitieuse","status":"publish","type":"post","link":"https:\/\/www.europesays.com\/fr\/220634\/","title":{"rendered":"R\u00e9silience dans le domaine de l\u2019eau : \u00ab\u00a0le CESE repr\u00e9sentant la soci\u00e9t\u00e9 civile europ\u00e9enne soutient une action ambitieuse\u00a0\u00bb"},"content":{"rendered":"<p>\tR\u00e9silience dans le domaine de l\u2019eau : \u00ab\u00a0le CESE repr\u00e9sentant la soci\u00e9t\u00e9 civile europ\u00e9enne soutient une action ambitieuse\u00a0\u00bb &#8211; Touteleurope.eu<\/p>\n<p>\t\t<img decoding=\"async\" alt=\"fermer\" class=\"close-info\" src=\"https:\/\/www.touteleurope.eu\/wp-content\/themes\/toute_leurope\/assets\/images\/close-picto-blue.svg\"\/><\/p>\n<p>Touteleurope.eu est le site p\u00e9dagogique de r\u00e9f\u00e9rence sur les questions europ\u00e9ennes : <a href=\"https:\/\/www.touteleurope.eu\/qui-sommes-nous\/\" target=\"_blank\" rel=\"noopener\">Qui sommes-nous ?<\/a><\/p>\n<p><img decoding=\"async\" class=\"logo-pdf\" alt=\"Toute L'Europe \u2013 Comprendre l'Europe\" src=\"data:image\/svg+xml,%3Csvg%20xmlns=\" http:=\"\" data-lazy-src=\"https:\/\/www.touteleurope.eu\/wp-content\/themes\/toute_leurope\/assets\/images\/logo-ttl.svg\"\/><\/p>\n","protected":false},"excerpt":{"rendered":"R\u00e9silience dans le domaine de l\u2019eau : \u00ab\u00a0le CESE repr\u00e9sentant la soci\u00e9t\u00e9 civile europ\u00e9enne soutient une action ambitieuse\u00a0\u00bb&hellip;\n","protected":false},"author":2,"featured_media":220635,"comment_status":"","ping_status":"","sticky":false,"template":"","format":"standard","meta":{"footnotes":""},"categories":[1586],"tags":[11,35975,4858,1777,674,1779,1011,27,12,1800,18674,25,71,1778,364],"class_list":{"0":"post-220634","1":"post","2":"type-post","3":"status-publish","4":"format-standard","5":"has-post-thumbnail","7":"category-europe","8":"tag-actualites","9":"tag-comite-economique-et-social-europeen","10":"tag-eau","11":"tag-eu","12":"tag-europe","13":"tag-european-union","14":"tag-fr","15":"tag-france","16":"tag-news","17":"tag-pollution","18":"tag-qualite-de-leau","19":"tag-republique-francaise","20":"tag-sante","21":"tag-ue","22":"tag-union-europeenne"},"share_on_mastodon":{"url":"https:\/\/pubeurope.com\/@fr\/114783596407355762","error":""},"_links":{"self":[{"href":"https:\/\/www.europesays.com\/fr\/wp-json\/wp\/v2\/posts\/220634","targetHints":{"allow":["GET"]}}],"collection":[{"href":"https:\/\/www.europesays.com\/fr\/wp-json\/wp\/v2\/posts"}],"about":[{"href":"https:\/\/www.europesays.com\/fr\/wp-json\/wp\/v2\/types\/post"}],"author":[{"embeddable":true,"href":"https:\/\/www.europesays.com\/fr\/wp-json\/wp\/v2\/users\/2"}],"replies":[{"embeddable":true,"href":"https:\/\/www.europesays.com\/fr\/wp-json\/wp\/v2\/comments?post=220634"}],"version-history":[{"count":0,"href":"https:\/\/www.europesays.com\/fr\/wp-json\/wp\/v2\/posts\/220634\/revisions"}],"wp:featuredmedia":[{"embeddable":true,"href":"https:\/\/www.europesays.com\/fr\/wp-json\/wp\/v2\/media\/220635"}],"wp:attachment":[{"href":"https:\/\/www.europesays.com\/fr\/wp-json\/wp\/v2\/media?parent=220634"}],"wp:term":[{"taxonomy":"category","embeddable":true,"href":"https:\/\/www.europesays.com\/fr\/wp-json\/wp\/v2\/categories?post=220634"},{"taxonomy":"post_tag","embeddable":true,"href":"https:\/\/www.europesays.com\/fr\/wp-json\/wp\/v2\/tags?post=220634"}],"curies":[{"name":"wp","href":"https:\/\/api.w.org\/{rel}","templated":true}]}}