{"id":220638,"date":"2025-07-02T12:18:10","date_gmt":"2025-07-02T12:18:10","guid":{"rendered":"https:\/\/www.europesays.com\/fr\/220638\/"},"modified":"2025-07-02T12:18:10","modified_gmt":"2025-07-02T12:18:10","slug":"la-pollution-a-lozone-sajoute-a-la-canicule-a-lyon","status":"publish","type":"post","link":"https:\/\/www.europesays.com\/fr\/220638\/","title":{"rendered":"la pollution \u00e0 l\u2019ozone s\u2019ajoute \u00e0 la canicule \u00e0 Lyon"},"content":{"rendered":"<p>Un \u00e9pisode de pollution \u00e0 l\u2019ozone sur le bassin lyonnais et nord is\u00e9rois a conduit la pr\u00e9fecture du Rh\u00f4ne \u00e0 prendre plusieurs mesures de restrictions en mati\u00e8re de circulation automobile mais aussi dans les secteurs agricoles et industriels.<\/p>\n<p class=\"fig-paragraph\">Barbecue, vieux diesel et l&rsquo;\u00e9pandage de fertilisants seront interdits \u00e0 partir de mercredi dans le bassin lyonnais et le nord de l&rsquo;Is\u00e8re. Des restrictions ont \u00e9t\u00e9 adopt\u00e9es en raison d&rsquo;une alerte pollution \u00e0 l&rsquo;ozone, a annonc\u00e9 mardi la pr\u00e9fecture du Rh\u00f4ne.\u00a0<a href=\"http:\/\/www.lefigaro.fr\/lyon\/c-est-une-honte-a-lyon-ces-conducteurs-de-crit-air-3-n-ont-pas-l-intention-de-changer-de-vehicule-20250103\" data-fig-type=\"NewsFlash\" data-gtm-custom-categorie=\"navigation\" data-gtm-custom-action=\"crossclick\" data-gtm-custom-label=\"Contextuel\" data-gtm-event=\"customEventSPE\" data-fig-domain=\"LEFIGARO\" target=\"_blank\" rel=\"noopener\">La circulation diff\u00e9renci\u00e9e<\/a>\u00a0est appliqu\u00e9e depuis 5h00 du matin. Sont autoris\u00e9s \u00e0 circuler les v\u00e9hicules affichant une\u00a0<a href=\"http:\/\/www.lefigaro.fr\/lyon\/les-ecologistes-ont-ils-decolle-les-vignettes-crit-air-4-des-vieux-bus-lyonnais-20250317\" data-fig-type=\"NewsFlash\" data-gtm-custom-categorie=\"navigation\" data-gtm-custom-action=\"crossclick\" data-gtm-custom-label=\"Contextuel\" data-gtm-event=\"customEventSPE\" data-fig-domain=\"LEFIGARO\" target=\"_blank\" rel=\"noopener\">vignette Crit&rsquo;Air<\/a>\u00a0de classe 1, 2 ou \u00abz\u00e9ro \u00e9mission moteur\u00bb au sein de la zone \u00e0 faibles \u00e9missions (ZFE) de la M\u00e9tropole de Lyon. Les v\u00e9hicules fabriqu\u00e9s avant 2006, voire 2011 pour les moteurs diesel, sont donc bannis de ce secteur.<\/p>\n<p class=\"fig-paragraph\">Une d\u00e9rogation est possible \u00abpour les voitures particuli\u00e8res transportant trois personnes au moins, les v\u00e9hicules d&rsquo;int\u00e9r\u00eat g\u00e9n\u00e9ral prioritaires, les convois exceptionnels, les voitures de tourisme avec chauffeur et taxis&#8230;\u00bb. De plus, la vitesse est temporairement limit\u00e9e \u00e0 70km\/h sur tous les axes routiers du d\u00e9partement \u00e0 80 ou 90km\/h et un abaissement temporaire de vitesse de 20 km\/h est aussi instaur\u00e9 sur les axes \u00e0 plus de 90 km\/h.<\/p>\n<p>Restrictions sur les barbecues, \u00e9pandages et chantiers<\/p>\n<p class=\"fig-paragraph\">Des mesures sont \u00e9galement entr\u00e9es en vigueur d\u00e8s minuit dans les secteurs agricoles (enfouissement de fertilisants organiques \u00e9pandus), industriel (op\u00e9rations report\u00e9es), r\u00e9sidentiel (interdiction de barbecues \u00e0 combustible solide) ou sur les chantiers de construction (r\u00e9ductions de certaines activit\u00e9s) pour r\u00e9duire les \u00e9missions de polluants.<\/p>\n<p class=\"fig-body-link\">\n            \u00c0 lire aussi<br \/>\n        <a class=\"fig-body-link__link\" href=\"http:\/\/www.lefigaro.fr\/lyon\/la-pollution-a-t-elle-augmente-a-lyon-lors-du-mandat-des-ecologistes-20250610\" data-fig-type=\"NewsFlash\" data-gtm-custom-categorie=\"navigation\" data-gtm-custom-action=\"crossclick\" data-gtm-custom-label=\"Contextuel\" data-gtm-event=\"customEventSPE\" data-fig-domain=\"LEFIGARO\" target=\"_blank\" rel=\"noopener\">La pollution a-t-elle augment\u00e9 \u00e0 Lyon lors du mandat des \u00e9cologistes\u00a0?<br \/>\n    <\/a>\n<\/p>\n<p class=\"fig-paragraph\">Cet \u00e9pisode de pollution intervient alors que le d\u00e9partement du Rh\u00f4ne est plac\u00e9 depuis plusieurs jours en vigilance orange \u00e0 la canicule.<\/p>\n","protected":false},"excerpt":{"rendered":"Un \u00e9pisode de pollution \u00e0 l\u2019ozone sur le bassin lyonnais et nord is\u00e9rois a conduit la pr\u00e9fecture du&hellip;\n","protected":false},"author":2,"featured_media":220639,"comment_status":"","ping_status":"","sticky":false,"template":"","format":"standard","meta":{"footnotes":""},"categories":[2],"tags":[11,5273,2430,5299,5272,6698,5312,5296,5285,5293,1011,27,5303,5311,5301,5279,5275,5313,5276,5300,5302,5280,5298,5281,5306,5305,5308,5309,5284,5294,5297,5269,5271,5268,5270,5267,2428,5295,5307,5277,5304,5283,12,978,5274,1800,25,2431,5314,5288,5292,5289,5291,5290,5315,5282,5286,5310,5287,5278],"class_list":{"0":"post-220638","1":"post","2":"type-post","3":"status-publish","4":"format-standard","5":"has-post-thumbnail","7":"category-actualites","8":"tag-actualites","9":"tag-ainay","10":"tag-auvergne-rhone-alpes","11":"tag-bellecombe","12":"tag-bellecour","13":"tag-canicule","14":"tag-champvert-nord","15":"tag-champvert-sud","16":"tag-clos-jouve","17":"tag-fourviere","18":"tag-fr","19":"tag-france","20":"tag-gerland","21":"tag-gorge-de-loup","22":"tag-jean-mace","23":"tag-la-buire","24":"tag-la-confluence","25":"tag-la-duchere","26":"tag-la-guillotiere-nord-prefecture","27":"tag-la-guillotiere-sud","28":"tag-la-mouche","29":"tag-la-part-dieu","30":"tag-la-tete-dor","31":"tag-la-villette","32":"tag-laennec","33":"tag-le-bachut","34":"tag-le-grand-trou","35":"tag-le-moulin-a-vent","36":"tag-le-plateau-de-la-croix-rousse","37":"tag-le-point-du-jour","38":"tag-les-brotteaux","39":"tag-les-chartreux","40":"tag-les-cordeliers","41":"tag-les-pentes-de-la-croix-rousse","42":"tag-les-terreaux","43":"tag-les-traboules","44":"tag-lyon","45":"tag-menival","46":"tag-mermoz","47":"tag-moncey","48":"tag-monplaisir","49":"tag-montchat","50":"tag-news","51":"tag-olympique-lyonnais","52":"tag-perrache","53":"tag-pollution","54":"tag-republique-francaise","55":"tag-rhone-alpes","56":"tag-rochecardon-industrie","57":"tag-saint-georges","58":"tag-saint-irenee","59":"tag-saint-jean","60":"tag-saint-just","61":"tag-saint-paul","62":"tag-saint-rambert-lile-barbe","63":"tag-sans-souci-dauphine","64":"tag-serin-saint-charles","65":"tag-vaise","66":"tag-vieux-lyon","67":"tag-voltaire"},"share_on_mastodon":{"url":"","error":"Validation failed: Text character limit of 500 exceeded"},"_links":{"self":[{"href":"https:\/\/www.europesays.com\/fr\/wp-json\/wp\/v2\/posts\/220638","targetHints":{"allow":["GET"]}}],"collection":[{"href":"https:\/\/www.europesays.com\/fr\/wp-json\/wp\/v2\/posts"}],"about":[{"href":"https:\/\/www.europesays.com\/fr\/wp-json\/wp\/v2\/types\/post"}],"author":[{"embeddable":true,"href":"https:\/\/www.europesays.com\/fr\/wp-json\/wp\/v2\/users\/2"}],"replies":[{"embeddable":true,"href":"https:\/\/www.europesays.com\/fr\/wp-json\/wp\/v2\/comments?post=220638"}],"version-history":[{"count":0,"href":"https:\/\/www.europesays.com\/fr\/wp-json\/wp\/v2\/posts\/220638\/revisions"}],"wp:featuredmedia":[{"embeddable":true,"href":"https:\/\/www.europesays.com\/fr\/wp-json\/wp\/v2\/media\/220639"}],"wp:attachment":[{"href":"https:\/\/www.europesays.com\/fr\/wp-json\/wp\/v2\/media?parent=220638"}],"wp:term":[{"taxonomy":"category","embeddable":true,"href":"https:\/\/www.europesays.com\/fr\/wp-json\/wp\/v2\/categories?post=220638"},{"taxonomy":"post_tag","embeddable":true,"href":"https:\/\/www.europesays.com\/fr\/wp-json\/wp\/v2\/tags?post=220638"}],"curies":[{"name":"wp","href":"https:\/\/api.w.org\/{rel}","templated":true}]}}