{"id":220642,"date":"2025-07-02T12:20:18","date_gmt":"2025-07-02T12:20:18","guid":{"rendered":"https:\/\/www.europesays.com\/fr\/220642\/"},"modified":"2025-07-02T12:20:18","modified_gmt":"2025-07-02T12:20:18","slug":"adrien-saddier-apres-la-victoire-il-y-a-un-peu-tout-qui-est-sorti","status":"publish","type":"post","link":"https:\/\/www.europesays.com\/fr\/220642\/","title":{"rendered":"Adrien Saddier : \u00ab Apr\u00e8s la victoire, il y a un peu tout qui est sorti \u00bb"},"content":{"rendered":"<p><strong>Vous avez eu des mots \u00e9mouvants pour votre famille lors de l&rsquo;interview \u00e0 la sortie du green du 18. \u00c0 quel point \u00eates-vous heureux de leur offrir cette victoire\u00a0?<\/strong><br \/>C&rsquo;est beaucoup de choses \u00e0 dire&#8230; Mon p\u00e8re m&rsquo;a mis au golf \u00e0 <strong>\u00c9sery<\/strong> \u00e0 l&rsquo;\u00e2ge de trois ans, il m&rsquo;a trimbal\u00e9 quand j&rsquo;\u00e9tais tout petit sur les tournois juniors, week-end apr\u00e8s week-end. Ma m\u00e8re m&rsquo;a dit que si j&rsquo;avais un dipl\u00f4me apr\u00e8s le bac, je pourrais essayer d&rsquo;\u00eatre professionnel de golf, c&rsquo;\u00e9tait le deal entre nous. Ce n&rsquo;est pas \u00e9vident pour des parents de laisser leur enfant choisir une voie comme la mienne&#8230; Ma femme (<strong>Marie Fourquier<\/strong>, ndlr) a \u00e9t\u00e9 joueuse de haut niveau elle aussi, elle avait \u00e9galement ce r\u00eave de gagner sur le circuit f\u00e9minin, et elle a mis \u00e7a de c\u00f4t\u00e9 pour qu&rsquo;on fonde une famille&#8230; Et mon fils, qui est n\u00e9 il y a trois ans et demi, c&rsquo;\u00e9tait la cerise sur le g\u00e2teau\u00a0! Le fait d&rsquo;\u00eatre p\u00e8re m&rsquo;a donn\u00e9 des perspectives diff\u00e9rentes, son arriv\u00e9e m&rsquo;a bien remis en question sur le plan mental, et aujourd&rsquo;hui je suis super heureux de pouvoir leur offrir, \u00e0 tous, ce troph\u00e9e.<\/p>\n<p><strong>Ce troph\u00e9e, justement, quelle valeur a-t-il \u00e0 vos yeux, sachant que l&rsquo;open d&rsquo;Italie f\u00eatait son centenaire cette ann\u00e9e et qu&rsquo;il fait partie des grands opens nationaux d&rsquo;Europe\u00a0?<\/strong><br \/>La seule chose que je peux dire par rapport \u00e0 cela, c&rsquo;est que sur la coupe il y a le nom de <strong>Gr\u00e9gory Havret<\/strong> qui est un tr\u00e8s bon pote \u00e0 moi. Pour lui aussi, c&rsquo;\u00e9tait sa premi\u00e8re victoire (en 2001, ndlr), et d\u00e8s qu&rsquo;on m&rsquo;a remis la coupe j&rsquo;ai cherch\u00e9 son nom pour lui envoyer en photo\u00a0! On a un peu discut\u00e9 de \u00e7a vite fait hier, mais \u00e7a m&rsquo;a fait un petit quelque chose de gagner mon premier troph\u00e9e comme lui dans cet open d&rsquo;Italie.<\/p>\n<p><strong>Est-ce qu&rsquo;il y a eu une c\u00e9l\u00e9bration digne de ce nom dimanche soir, ou cela attendra-t-il\u00a0?<\/strong><br \/>Honn\u00eatement, non, parce que la remise des prix a dur\u00e9 pas mal de temps, et quand on est arriv\u00e9s \u00e0 l&rsquo;h\u00f4tel de l&rsquo;a\u00e9roport il \u00e9tait d\u00e9j\u00e0 22 heures. J&rsquo;ai d\u00een\u00e9 avec les cadets qui \u00e9taient dans le m\u00eame h\u00f4tel que moi \u2013 Olivier Elissondo, S\u00e9bastien Cl\u00e9ment et Andrea \u2013 mais il n&rsquo;y a rien eu de plus exceptionnel qu&rsquo;une bi\u00e8re&#8230; Maintenant, la tradition fran\u00e7aise veut que j&rsquo;organise un d\u00eener pour tout le clan, et je pense que je vais me tenir \u00e0 mes principes et attendre d&rsquo;\u00eatre \u00e0 Crans-Montana pour qu&rsquo;on puisse se faire une belle raclette entre nous (rires)\u00a0!<\/p>\n","protected":false},"excerpt":{"rendered":"Vous avez eu des mots \u00e9mouvants pour votre famille lors de l&rsquo;interview \u00e0 la sortie du green du&hellip;\n","protected":false},"author":2,"featured_media":220643,"comment_status":"","ping_status":"","sticky":false,"template":"","format":"standard","meta":{"footnotes":""},"categories":[1418],"tags":[1011,27,1472,60],"class_list":{"0":"post-220642","1":"post","2":"type-post","3":"status-publish","4":"format-standard","5":"has-post-thumbnail","7":"category-golf","8":"tag-fr","9":"tag-france","10":"tag-golf","11":"tag-sports"},"share_on_mastodon":{"url":"https:\/\/pubeurope.com\/@fr\/114783611976138792","error":""},"_links":{"self":[{"href":"https:\/\/www.europesays.com\/fr\/wp-json\/wp\/v2\/posts\/220642","targetHints":{"allow":["GET"]}}],"collection":[{"href":"https:\/\/www.europesays.com\/fr\/wp-json\/wp\/v2\/posts"}],"about":[{"href":"https:\/\/www.europesays.com\/fr\/wp-json\/wp\/v2\/types\/post"}],"author":[{"embeddable":true,"href":"https:\/\/www.europesays.com\/fr\/wp-json\/wp\/v2\/users\/2"}],"replies":[{"embeddable":true,"href":"https:\/\/www.europesays.com\/fr\/wp-json\/wp\/v2\/comments?post=220642"}],"version-history":[{"count":0,"href":"https:\/\/www.europesays.com\/fr\/wp-json\/wp\/v2\/posts\/220642\/revisions"}],"wp:featuredmedia":[{"embeddable":true,"href":"https:\/\/www.europesays.com\/fr\/wp-json\/wp\/v2\/media\/220643"}],"wp:attachment":[{"href":"https:\/\/www.europesays.com\/fr\/wp-json\/wp\/v2\/media?parent=220642"}],"wp:term":[{"taxonomy":"category","embeddable":true,"href":"https:\/\/www.europesays.com\/fr\/wp-json\/wp\/v2\/categories?post=220642"},{"taxonomy":"post_tag","embeddable":true,"href":"https:\/\/www.europesays.com\/fr\/wp-json\/wp\/v2\/tags?post=220642"}],"curies":[{"name":"wp","href":"https:\/\/api.w.org\/{rel}","templated":true}]}}