{"id":220644,"date":"2025-07-02T12:22:11","date_gmt":"2025-07-02T12:22:11","guid":{"rendered":"https:\/\/www.europesays.com\/fr\/220644\/"},"modified":"2025-07-02T12:22:11","modified_gmt":"2025-07-02T12:22:11","slug":"la-compo-des-bleus-pour-defier-les-gallois-une-pepite-de-lubb-deja-la-apres-la-finale","status":"publish","type":"post","link":"https:\/\/www.europesays.com\/fr\/220644\/","title":{"rendered":"la compo des Bleus pour d\u00e9fier les Gallois, une p\u00e9pite de l\u2019UBB d\u00e9j\u00e0 l\u00e0 apr\u00e8s la finale"},"content":{"rendered":"<p>Un large turnover. Ce dimanche, les Bleus avaient parfaitement lanc\u00e9 leur Coupe du monde U20 en venant facilement \u00e0 bout de l\u2019Espagne. Ce vendredi, le XV de France retrouve le pays de Galles pour la deuxi\u00e8me journ\u00e9e. Pour cette rencontre, C\u00e9dric Laborde a d\u00e9cid\u00e9 de proc\u00e9der \u00e0 neuf changements dans sa composition.<\/p>\n<p>On note par exemple le retour de Jon Echegaray. Pr\u00e9sent au Stade de France mais absent de la feuille de match de la finale de Top 14, la p\u00e9pite de l\u2019UBB est itularis\u00e9e \u00e0 l\u2019arri\u00e8re. Son futur co\u00e9quipier Xan Mousques glisse \u00e0 l\u2019aile tandis que le Rochelais Simieli Daunivucu vient int\u00e9grer le centre du terrain en compagnie de Robin Taccola.<\/p>\n<blockquote class=\"twitter-tweet\">\n<p dir=\"ltr\" lang=\"fr\">\ud83c\uddeb\ud83c\uddf7\ud83c\udff4\udb40\udc67\udb40\udc62\udb40\udc77\udb40\udc6c\udb40\udc73\udb40\udc7f Voici l\u2019\u00e9quipe de <a href=\"https:\/\/twitter.com\/hashtag\/FranceU20?src=hash&amp;ref_src=twsrc%5Etfw\" rel=\"nofollow noopener\" target=\"_blank\">#FranceU20<\/a> pour affronter le Pays de Galles !<\/p>\n<p>Rendez-vous vendredi \u00e0 15H30 pour le deuxi\u00e8me match de la phase de poule ! \ud83d\udd25<br \/><a href=\"https:\/\/twitter.com\/hashtag\/WorldRugbyU20s?src=hash&amp;ref_src=twsrc%5Etfw\" rel=\"nofollow noopener\" target=\"_blank\">#WorldRugbyU20s<\/a> <a href=\"https:\/\/twitter.com\/hashtag\/FRAGAL?src=hash&amp;ref_src=twsrc%5Etfw\" rel=\"nofollow noopener\" target=\"_blank\">#FRAGAL<\/a> <a href=\"https:\/\/t.co\/7ZsTgs6bPb\" rel=\"nofollow\">pic.twitter.com\/7ZsTgs6bPb<\/a><\/p>\n<p>\u2014 France Rugby (@FranceRugby) <a href=\"https:\/\/twitter.com\/FranceRugby\/status\/1940346555992797519?ref_src=twsrc%5Etfw\" rel=\"nofollow noopener\" target=\"_blank\">July 2, 2025<\/a><\/p>\n<\/blockquote>\n<p>A la charni\u00e8re, un autre Rochelais retrouve une place de titulaire avec Diego Jurd associ\u00e9 \u00e0 Tilloles. Simon Daroque int\u00e8gre lui le banc des rempla\u00e7ants. Devant, Lyam Akrab fait son retour en titulaire, lui qui a \u00e9t\u00e9 \u00e9lu meilleur joueur du dernier Six Nations U20.<\/p>\n<p>La compo<\/p>\n<ol start=\"15\">\n<li>Echegaray (Bordeaux-B\u00e8gles)\u00a0; 14. Mousques (Bayonne), 13. Taccola (Vannes), 12. Daunivucu (La\u00a0Rochelle), 11. Lev\u00eaque (Bayonne)\u00a0; 10. Jurd (La\u00a0Rochelle), 9. Tilloles (Bayonne)\u00a0; 7. Traversier (Bayonne), 8. Ibsaiene (Bordeaux-B\u00e8gles), 6. Deliance (cap., Lyon)\u00a0; 5. M\u00e9zou (Toulon), 4. Sanson (Lyon)\u00a0; 3. Megherbi (Toulouse), 2. Akrab (Montpellier), 1. Jean-Christophe (Toulon).<\/li>\n<\/ol>\n<p>Rempla\u00e7ants\u00a0:\u00a016. Garault (Stade rochelais), 17. Jabea Njocke (Racing 92), 18. Alifanety (Bordeaux-B\u00e8gles), 19. Lanen (Clermont), 20. Bissu (Bordeaux-B\u00e8gles), 21. Daroque (Toulouse), 22. Keletaona (Brive), 23. Gourgues (Toulouse).<\/p>\n<p>Partagez cette info avec vos amis et vos proches en cliquant ici<br \/>Pour r\u00e9sumer<\/p>\n<p>C\u00e9dric Laborde a d\u00e9voil\u00e9 la composition du XV de France pour son deuxi\u00e8me match de poule dans cette Coupe du monde U20, face au pays de Galles. Un joueur de l\u2019UBB int\u00e8gre le quinze de d\u00e9part. Neuf changements sont \u00e0 signaler.<\/p>\n<p> <img decoding=\"async\" width=\"76\" height=\"76\" loading=\"lazy\" src=\"https:\/\/www.europesays.com\/fr\/wp-content\/uploads\/2025\/04\/avatar-quinze.png\" alt=\"Arnaud D\u00e9chelotte\"\/><script async src=\"https:\/\/platform.twitter.com\/widgets.js\" charset=\"utf-8\"><\/script><\/p>\n","protected":false},"excerpt":{"rendered":"Un large turnover. Ce dimanche, les Bleus avaient parfaitement lanc\u00e9 leur Coupe du monde U20 en venant facilement&hellip;\n","protected":false},"author":2,"featured_media":220645,"comment_status":"","ping_status":"","sticky":false,"template":"","format":"standard","meta":{"footnotes":""},"categories":[1416],"tags":[1011,27,479,1468,60],"class_list":{"0":"post-220644","1":"post","2":"type-post","3":"status-publish","4":"format-standard","5":"has-post-thumbnail","7":"category-rugby","8":"tag-fr","9":"tag-france","10":"tag-rugby","11":"tag-rugby-football","12":"tag-sports"},"share_on_mastodon":{"url":"https:\/\/pubeurope.com\/@fr\/114783619964964821","error":""},"_links":{"self":[{"href":"https:\/\/www.europesays.com\/fr\/wp-json\/wp\/v2\/posts\/220644","targetHints":{"allow":["GET"]}}],"collection":[{"href":"https:\/\/www.europesays.com\/fr\/wp-json\/wp\/v2\/posts"}],"about":[{"href":"https:\/\/www.europesays.com\/fr\/wp-json\/wp\/v2\/types\/post"}],"author":[{"embeddable":true,"href":"https:\/\/www.europesays.com\/fr\/wp-json\/wp\/v2\/users\/2"}],"replies":[{"embeddable":true,"href":"https:\/\/www.europesays.com\/fr\/wp-json\/wp\/v2\/comments?post=220644"}],"version-history":[{"count":0,"href":"https:\/\/www.europesays.com\/fr\/wp-json\/wp\/v2\/posts\/220644\/revisions"}],"wp:featuredmedia":[{"embeddable":true,"href":"https:\/\/www.europesays.com\/fr\/wp-json\/wp\/v2\/media\/220645"}],"wp:attachment":[{"href":"https:\/\/www.europesays.com\/fr\/wp-json\/wp\/v2\/media?parent=220644"}],"wp:term":[{"taxonomy":"category","embeddable":true,"href":"https:\/\/www.europesays.com\/fr\/wp-json\/wp\/v2\/categories?post=220644"},{"taxonomy":"post_tag","embeddable":true,"href":"https:\/\/www.europesays.com\/fr\/wp-json\/wp\/v2\/tags?post=220644"}],"curies":[{"name":"wp","href":"https:\/\/api.w.org\/{rel}","templated":true}]}}