{"id":220649,"date":"2025-07-02T12:26:11","date_gmt":"2025-07-02T12:26:11","guid":{"rendered":"https:\/\/www.europesays.com\/fr\/220649\/"},"modified":"2025-07-02T12:26:11","modified_gmt":"2025-07-02T12:26:11","slug":"cergy-lunivers-de-la-f1-debarque-aux-3-fontaines","status":"publish","type":"post","link":"https:\/\/www.europesays.com\/fr\/220649\/","title":{"rendered":"Cergy : l\u2019univers de la F1 d\u00e9barque aux 3 Fontaines"},"content":{"rendered":"<p><img loading=\"lazy\" decoding=\"async\" alt=\"\u00a9 Shutterstock - Les animations estivales des 3 Fontaines feront la part belle aux sports motoris\u00e9s.\u00a0\" data-zoom-src=\"https:\/\/www.europesays.com\/fr\/wp-content\/uploads\/2025\/07\/initial-simulateur-f1.jpg\" data-zoomable=\"\" height=\"702\" src=\"https:\/\/www.europesays.com\/fr\/wp-content\/uploads\/2025\/07\/initial-simulateur-f1.jpg\" width=\"1248\"\/>  <\/p>\n<p class=\"article-desc\">\u00a9 Shutterstock &#8211; Les animations estivales des 3 Fontaines feront la part belle aux sports motoris\u00e9s.\u00a0 <\/p>\n<p>Le centre commercial <strong>Les 3 Fontaines<\/strong> \u00e0 Cergy passe \u00e0 la vitesse sup\u00e9rieure du <strong>2 au 19 juillet<\/strong>, en lan\u00e7ant le \u201c<strong>Grand Prix 3F Exp\u00e9rience<\/strong>\u201d. Cette animation estivale promet sensations fortes et apprentissage autour de la <a href=\"https:\/\/mesinfos.fr\/ile-de-france\/formule-1-entree-d-otro-capital-et-ses-partenaires-au-capital-d-alpine-178831.html\" rel=\"noopener\" target=\"_blank\">Formule 1<\/a> et de la conduite automobile. Pens\u00e9 pour toute la famille, l\u2019\u00e9v\u00e9nement propose une immersion dans l\u2019univers des sports m\u00e9caniques, m\u00ealant adr\u00e9naline, pr\u00e9vention et divertissement. <\/p>\n<p> Matt\u00e9o Castel et Dorian Boccolacci aux 3 Fontaines <\/p>\n<p>Au programme ? <strong>Simulateur de F1<\/strong> et de <strong>Moto GP<\/strong>, tournoi Mario Kart, ateliers de tests de r\u00e9flexes, parcours ludique pour jeunes conducteurs avec remise de dipl\u00f4me, d\u00e9pistages visuel et auditif, \u201cessais exclusifs\u201d de v\u00e9hicules avec des concessionnaires partenaires. Les visiteurs pourront \u00e9galement tenter leur chance pour remporter de nombreux cadeaux, dans une ambiance inspir\u00e9e des paddocks et des drapeaux \u00e0 damier. <strong>Matt\u00e9o Castel<\/strong>, pilote de Formule 4, et <strong>Dorian Boccolacci<\/strong>, pilote de Formule 3, seront pr\u00e9sents pour partager leur passion.\u00a0 <\/p>\n<p>Le centre commercial s\u2019associe \u00e0 la <strong>Gendarmerie nationale <\/strong>pour sensibiliser petits et grands \u00e0 la s\u00e9curit\u00e9 routi\u00e8re, pla\u00e7ant ainsi la pr\u00e9vention au c\u0153ur de l\u2019\u00e9v\u00e9nement. Les enfants de 7 \u00e0 11 ans pourront s\u2019initier \u00e0 la conduite sur un parcours d\u00e9di\u00e9, chaque apr\u00e8s-midi, avant de repartir avec un dipl\u00f4me attestant de leur participation. <\/p>\n","protected":false},"excerpt":{"rendered":"\u00a9 Shutterstock &#8211; Les animations estivales des 3 Fontaines feront la part belle aux sports motoris\u00e9s.\u00a0 Le centre&hellip;\n","protected":false},"author":2,"featured_media":220650,"comment_status":"","ping_status":"","sticky":false,"template":"","format":"standard","meta":{"footnotes":""},"categories":[1412],"tags":[9489,1451,1452,1453,1454,1455,1011,27,60],"class_list":{"0":"post-220649","1":"post","2":"type-post","3":"status-publish","4":"format-standard","5":"has-post-thumbnail","7":"category-f1","8":"tag-e-sport","9":"tag-f1","10":"tag-formula-1","11":"tag-formula1","12":"tag-formule-1","13":"tag-formule1","14":"tag-fr","15":"tag-france","16":"tag-sports"},"share_on_mastodon":{"url":"https:\/\/pubeurope.com\/@fr\/114783635644905313","error":""},"_links":{"self":[{"href":"https:\/\/www.europesays.com\/fr\/wp-json\/wp\/v2\/posts\/220649","targetHints":{"allow":["GET"]}}],"collection":[{"href":"https:\/\/www.europesays.com\/fr\/wp-json\/wp\/v2\/posts"}],"about":[{"href":"https:\/\/www.europesays.com\/fr\/wp-json\/wp\/v2\/types\/post"}],"author":[{"embeddable":true,"href":"https:\/\/www.europesays.com\/fr\/wp-json\/wp\/v2\/users\/2"}],"replies":[{"embeddable":true,"href":"https:\/\/www.europesays.com\/fr\/wp-json\/wp\/v2\/comments?post=220649"}],"version-history":[{"count":0,"href":"https:\/\/www.europesays.com\/fr\/wp-json\/wp\/v2\/posts\/220649\/revisions"}],"wp:featuredmedia":[{"embeddable":true,"href":"https:\/\/www.europesays.com\/fr\/wp-json\/wp\/v2\/media\/220650"}],"wp:attachment":[{"href":"https:\/\/www.europesays.com\/fr\/wp-json\/wp\/v2\/media?parent=220649"}],"wp:term":[{"taxonomy":"category","embeddable":true,"href":"https:\/\/www.europesays.com\/fr\/wp-json\/wp\/v2\/categories?post=220649"},{"taxonomy":"post_tag","embeddable":true,"href":"https:\/\/www.europesays.com\/fr\/wp-json\/wp\/v2\/tags?post=220649"}],"curies":[{"name":"wp","href":"https:\/\/api.w.org\/{rel}","templated":true}]}}