{"id":220669,"date":"2025-07-02T12:36:13","date_gmt":"2025-07-02T12:36:13","guid":{"rendered":"https:\/\/www.europesays.com\/fr\/220669\/"},"modified":"2025-07-02T12:36:13","modified_gmt":"2025-07-02T12:36:13","slug":"entre-verstappen-et-mercedes-les-enjeux-dun-hypothetique-transfert","status":"publish","type":"post","link":"https:\/\/www.europesays.com\/fr\/220669\/","title":{"rendered":"Entre Verstappen et Mercedes, les enjeux d&rsquo;un hypoth\u00e9tique transfert"},"content":{"rendered":"<p>Pour naviguer dans le jeu m\u00e9diatique complexe qui fa\u00e7onne l&rsquo;activit\u00e9 d&rsquo;un paddock de Formule 1, il faut apprendre \u00e0 trier les d\u00e9clarations\u00a0: distinguer celles qui ont du fond de celles qui visent \u00e0 brouiller les pistes. L&rsquo;avenir de <a href=\"https:\/\/fr.motorsport.com\/driver\/max-verstappen\/93029\/\" target=\"_blank\" rel=\"noopener\">Max Verstappen<\/a> est au centre de toutes les attentions et ce n&rsquo;est pas une surprise, puisqu&rsquo;il est le pilote au sommet de la pyramide.<\/p>\n<p>D&rsquo;un c\u00f4t\u00e9, Toto Wolff garde la porte entrouverte pour le quadruple champion du monde. De l&rsquo;autre, Christian Horner, soutenu par Helmut Marko, s&rsquo;applique \u00e0 rappeler que le N\u00e9erlandais est sous contrat avec <a href=\"https:\/\/fr.motorsport.com\/team\/red-bull\/553\/\" target=\"_blank\" rel=\"noopener\">Red Bull<\/a> jusqu&rsquo;\u00e0 fin 2028.<\/p>\n<p>La vraie question est de savoir s&rsquo;il existe une r\u00e9elle possibilit\u00e9 que Max Verstappen rejoigne <a href=\"https:\/\/fr.motorsport.com\/team\/mercedes\/611\/\" target=\"_blank\" rel=\"noopener\">Mercedes<\/a> en 2026. La r\u00e9ponse est oui, m\u00eame si la probabilit\u00e9 n&rsquo;est pas \u00e9lev\u00e9e \u00e0 l&rsquo;instant T. Mais c&rsquo;est suffisant pour maintenir la pression. L&rsquo;id\u00e9e que Verstappen puisse quitter Red Bull l&rsquo;an prochain, apr\u00e8s onze ans de collaboration en F1 (en incluant ses d\u00e9buts chez Toro Rosso), n&rsquo;est pas une simple rumeur infond\u00e9e.<\/p>\n<p>Lors du Grand Prix d&rsquo;Espagne, le pr\u00e9sident du groupe Mercedes-Benz, Ola K\u00e4llenius, n&rsquo;a pas esquiv\u00e9 le sujet lorsqu&rsquo;il a \u00e9t\u00e9 interrog\u00e9 par Sky Deutschland : \u00ab\u00a0Les meilleurs pilotes veulent les meilleures voitures. Notre job, c&rsquo;est de leur offrir le meilleur package possible, et je pense que Max aurait fi\u00e8re allure en argent\u00e9\u00a0\u00bb.<\/p>\n<p>Ola K\u00e4llenius s&rsquo;exprime rarement, donc quand il parle, ce n&rsquo;est pas anodin. \u00c0 Stuttgart, Max Verstappen est appr\u00e9ci\u00e9 et vu comme un atout strat\u00e9gique. Le discours du grand patron est pragmatique : depuis sa position, les risques potentiels ne semblent pas \u00e9normes.<\/p>\n<p>\u00c0 Brackley, on affiche un discours plus mesur\u00e9, mais teint\u00e9 d&rsquo;un r\u00e9el optimisme pour la saison prochaine. Le grand bouleversement r\u00e9glementaire de 2026 est vu comme une opportunit\u00e9 de revenir au sommet apr\u00e8s quatre ann\u00e9es difficiles. Le programme est m\u00e9ticuleusement pr\u00e9par\u00e9, en commen\u00e7ant par le projet moteur, dont certaines rumeurs disent qu&rsquo;il pourrait \u00eatre le meilleur de cette nouvelle \u00e8re technique.<\/p>\n<p>Quels risques pour Mercedes ?<br \/>\n   <img decoding=\"async\" draggable=\"false\" src=\"https:\/\/www.europesays.com\/fr\/wp-content\/uploads\/2025\/07\/george-russell-mercedes-toto-w.jpg\" alt=\"George Russell dans les bras de Toto Wolff.\" width=\"1200\" height=\"800\" loading=\"lazy\"\/> <\/p>\n<p class=\"title\">George Russell dans les bras de Toto Wolff.<\/p>\n<p class=\"photographer\">Photo de: Mark Thompson &#8211; Getty Images<\/p>\n<p>Dans ce contexte, l&rsquo;arriv\u00e9e de Max Verstappen aurait des avantages\u2026 mais aussi des cons\u00e9quences. La valeur ajout\u00e9e du pilote n\u00e9erlandais n&rsquo;est contest\u00e9e par personne, mais son int\u00e9gration chamboulerait l&rsquo;\u00e9quilibre existant. L&rsquo;actuelle paire chez Mercedes, constitu\u00e9e de <a href=\"https:\/\/fr.motorsport.com\/driver\/george-russell\/96626\/\" target=\"_blank\" rel=\"noopener\">George Russell<\/a> et Andrea <a href=\"https:\/\/fr.motorsport.com\/driver\/kimi-antonelli\/947765\/\" target=\"_blank\" rel=\"noopener\">Kimi Antonelli<\/a>, incarne un projet construit sur le long terme : le Britannique a rejoint le programme junior en 2017, l&rsquo;Italien a \u00e9t\u00e9 rep\u00e9r\u00e9 deux ans plus tard en karting. Depuis, ce projet \u2013 impuls\u00e9 par Toto Wolff et pilot\u00e9 par Gwen Lagrue \u2013 a patiemment emmen\u00e9 ses deux talents jusqu&rsquo;\u00e0 l&rsquo;\u00e9quipe officielle.<\/p>\n<p>Si Max Verstappen d\u00e9barquait, c&rsquo;est vraisemblablement George Russell qui devrait c\u00e9der sa place. Un vrai sacrifice, car il r\u00e9alise sa meilleure saison en F1, et neuf ann\u00e9es d&rsquo;investissement seraient r\u00e9duites \u00e0 n\u00e9ant. Il demanderait sans doute une rupture compl\u00e8te de ses engagements avec Mercedes. Kimi Antonelli, lui, aurait besoin d&rsquo;un solide accompagnement, car en 2026, il se retrouverait aux c\u00f4t\u00e9s du pilote r\u00e9put\u00e9 comme le plus redoutable des co\u00e9quipiers. Le risque que Max Verstappen pulv\u00e9rise le projet junior de Wolff est bien r\u00e9el.<\/p>\n<p>Un autre inconv\u00e9nient m\u00e9rite r\u00e9flexion : si Mercedes r\u00e9ussit son pari en 2026, la majorit\u00e9 des lauriers reviendraient \u00e0 Max Verstappen. On y verrait la suite logique de sa domination entam\u00e9e chez Red Bull, avec une simple parenth\u00e8se en 2025 (ann\u00e9e o\u00f9 <a href=\"https:\/\/fr.motorsport.com\/team\/mclaren\/609\/\" target=\"_blank\" rel=\"noopener\">McLaren<\/a> pourrait dominer). Et si le projet \u00e9choue, le N\u00e9erlandais ne fera pas preuve de la m\u00eame patience que George Russell, car ce n&rsquo;est tout simplement pas son style. Le g\u00e9rer serait un d\u00e9fi autrement plus complexe.<\/p>\n<p>Qui est en position de force ?<br \/>\n   <img decoding=\"async\" draggable=\"false\" src=\"https:\/\/www.europesays.com\/fr\/wp-content\/uploads\/2025\/07\/max-verstappen-red-bull-racing.jpg\" alt=\"Max Verstappen et Christian Horner.\" width=\"1200\" height=\"800\" loading=\"lazy\"\/> <\/p>\n<p class=\"title\">Max Verstappen et Christian Horner.<\/p>\n<p class=\"photographer\">Photo de: Red Bull Content Pool<\/p>\n<p>Cela dit, recruter Max Verstappen pr\u00e9sente aussi des atouts majeurs. Si, dans douze mois, Mercedes se retrouve avec le meilleur moteur face \u00e0 McLaren (qui l&rsquo;utilisera aussi), il pourrait \u00eatre l&rsquo;atout d\u00e9cisif. De plus, priver Red Bull de son joyau porterait un coup s\u00e9v\u00e8re aux ambitions de l&rsquo;\u00e9curie Milton Keynes \u2013 un \u00e9l\u00e9ment loin d&rsquo;\u00eatre n\u00e9gligeable compte tenu des tensions entre les deux camps.<\/p>\n<p>Enfin, il y a la position personnelle de l&rsquo;int\u00e9ress\u00e9. Red Bull dit vrai : il a un contrat jusqu&rsquo;en 2028. Mais au-del\u00e0 des clauses de sortie (souvent li\u00e9es aux performances minimales), aucune \u00e9quipe ne peut retenir un pilote qui veut clairement partir. Au mieux, elle peut n\u00e9gocier les modalit\u00e9s du d\u00e9part.<\/p>\n<p>Une autre lecture est possible : Max Verstappen pourrait aussi se servir de l&rsquo;int\u00e9r\u00eat de Mercedes comme levier pour pousser \u00e0 une \u00e9volution dans l&rsquo;\u00e9quilibre des pouvoirs chez Red Bull, o\u00f9 Christian Horner est encore aujourd&rsquo;hui celui qui dirige tout. Il pourrait vouloir une r\u00e9partition plus coll\u00e9giale des responsabilit\u00e9s.<\/p>\n<p>Oui, les meilleurs pilotes cherchent les meilleures voitures. Miser sur Red Bull en 2026, c&rsquo;est un pari risqu\u00e9 : l&rsquo;\u00e9quipe se lancera pour la premi\u00e8re fois en tant que motoriste. Mais Max Verstappen sait aussi qu&rsquo;il lui sera difficile de retrouver une situation aussi id\u00e9ale que celle qu&rsquo;il conna\u00eet dans son \u00e9crin d&rsquo;origine, une \u00e9quipe qui a tout construit autour de lui et lui a offert une libert\u00e9 que personne d&rsquo;autre n&rsquo;\u00e9galerait.<\/p>\n<p>Changer d&rsquo;\u00e9curie ne serait pas seulement un choix technique, ce serait un changement de vie.<\/p>\n<p>\u00a0<br \/>\nLire aussi :<\/p>\n<p>Dans cet article<\/p>\n<p>    Roberto Chinchero\n<\/p>\n<p>    Formule 1\n<\/p>\n<p>    Max Verstappen\n<\/p>\n<p>    George Russell\n<\/p>\n<p>    Kimi Antonelli\n<\/p>\n<p>    Mercedes\n<\/p>\n<p>Soyez le premier inform\u00e9 et souscrivez aux alertes mails pour recevoir les infos en temps r\u00e9el<\/p>\n<p>    S&rsquo;abonner aux alertes de news<\/p>\n","protected":false},"excerpt":{"rendered":"Pour naviguer dans le jeu m\u00e9diatique complexe qui fa\u00e7onne l&rsquo;activit\u00e9 d&rsquo;un paddock de Formule 1, il faut apprendre&hellip;\n","protected":false},"author":2,"featured_media":220670,"comment_status":"","ping_status":"","sticky":false,"template":"","format":"standard","meta":{"footnotes":""},"categories":[9],"tags":[1454,1011,27,9124,2237,2236,4320,60],"class_list":{"0":"post-220669","1":"post","2":"type-post","3":"status-publish","4":"format-standard","5":"has-post-thumbnail","7":"category-sports","8":"tag-formule-1","9":"tag-fr","10":"tag-france","11":"tag-george-russell","12":"tag-kimi-antonelli","13":"tag-max-verstappen","14":"tag-mercedes","15":"tag-sports"},"share_on_mastodon":{"url":"https:\/\/pubeurope.com\/@fr\/114783675144692288","error":""},"_links":{"self":[{"href":"https:\/\/www.europesays.com\/fr\/wp-json\/wp\/v2\/posts\/220669","targetHints":{"allow":["GET"]}}],"collection":[{"href":"https:\/\/www.europesays.com\/fr\/wp-json\/wp\/v2\/posts"}],"about":[{"href":"https:\/\/www.europesays.com\/fr\/wp-json\/wp\/v2\/types\/post"}],"author":[{"embeddable":true,"href":"https:\/\/www.europesays.com\/fr\/wp-json\/wp\/v2\/users\/2"}],"replies":[{"embeddable":true,"href":"https:\/\/www.europesays.com\/fr\/wp-json\/wp\/v2\/comments?post=220669"}],"version-history":[{"count":0,"href":"https:\/\/www.europesays.com\/fr\/wp-json\/wp\/v2\/posts\/220669\/revisions"}],"wp:featuredmedia":[{"embeddable":true,"href":"https:\/\/www.europesays.com\/fr\/wp-json\/wp\/v2\/media\/220670"}],"wp:attachment":[{"href":"https:\/\/www.europesays.com\/fr\/wp-json\/wp\/v2\/media?parent=220669"}],"wp:term":[{"taxonomy":"category","embeddable":true,"href":"https:\/\/www.europesays.com\/fr\/wp-json\/wp\/v2\/categories?post=220669"},{"taxonomy":"post_tag","embeddable":true,"href":"https:\/\/www.europesays.com\/fr\/wp-json\/wp\/v2\/tags?post=220669"}],"curies":[{"name":"wp","href":"https:\/\/api.w.org\/{rel}","templated":true}]}}