{"id":220677,"date":"2025-07-02T12:40:10","date_gmt":"2025-07-02T12:40:10","guid":{"rendered":"https:\/\/www.europesays.com\/fr\/220677\/"},"modified":"2025-07-02T12:40:10","modified_gmt":"2025-07-02T12:40:10","slug":"lex-president-jair-bolsonaro-annule-ses-engagements-en-juillet-apres-setre-senti-mal","status":"publish","type":"post","link":"https:\/\/www.europesays.com\/fr\/220677\/","title":{"rendered":"l&rsquo;ex-pr\u00e9sident Jair Bolsonaro annule ses engagements en juillet apr\u00e8s s&rsquo;\u00eatre senti mal"},"content":{"rendered":"<p>L\u2019ancien pr\u00e9sident doit se remettre d\u2019une lourde op\u00e9ration chirurgicale et d\u2019une hospitalisation prolong\u00e9e. En parall\u00e8le, il est jug\u00e9 devant la Cour supr\u00eame pour tentative de coup d\u2019\u00c9tat, des accusations qui lui font encourir 40 ans de prison.<\/p>\n<p class=\"fig-paragraph\">L&rsquo;<a href=\"http:\/\/www.lefigaro.fr\/international\/au-bresil-jair-bolsonaro-accuse-d-avoir-fomente-un-coup-d-etat-20241213\" target=\"_blank\" data-fig-type=\"Article\" rel=\"noopener\" data-gtm-custom-categorie=\"navigation\" data-gtm-custom-action=\"crossclick\" data-gtm-custom-label=\"Contextuel\" data-gtm-event=\"customEventSPE\" data-fig-domain=\"LEFIGARO\">ex-pr\u00e9sident br\u00e9silien d&rsquo;extr\u00eame droite Jair Bolsonaro<\/a>, 70 ans, a annonc\u00e9 mercredi 2 juillet annuler tous ses engagements en juillet apr\u00e8s s&rsquo;\u00eatre senti mal pendant la nuit et avoir d\u00fb \u00eatre soign\u00e9 en urgence pour des vomissements.<\/p>\n<p class=\"fig-paragraph\">\u00abApr\u00e8s une consultation m\u00e9dicale d&rsquo;urgence, on m&rsquo;a ordonn\u00e9 un repos absolu pour le mois de juillet. Les crises de vomissements et de hoquet sont devenues constantes, ce qui m&#8217;emp\u00eache m\u00eame de parler\u00bb, a indiqu\u00e9 l&rsquo;ancien chef de l&rsquo;\u00c9tat dans un bref communiqu\u00e9 publi\u00e9 sur X par son fils Flavio.<\/p>\n<p class=\"fig-paragraph\">L&rsquo;ancien pr\u00e9sident doit se remettre d&rsquo;une lourde op\u00e9ration chirurgicale et d&rsquo;une hospitalisation prolong\u00e9e en avril, pour une occlusion intestinale, complication d&rsquo;une attaque \u00e0 l&rsquo;arme blanche dont il a \u00e9t\u00e9 victime lors de sa campagne \u00e9lectorale en 2018. Il a \u00e9galement souffert d\u2019une pneumonie et est sujet \u00e0 des \u00ab\u00e9pisodes r\u00e9currents de hoquet, qui compliquent son discours et son alimentation\u00bb, ont pr\u00e9cis\u00e9 ses m\u00e9decins dans un communiqu\u00e9 s\u00e9par\u00e9.<\/p>\n<p>\u00abPers\u00e9cution politique\u00bb<\/p>\n<p class=\"fig-paragraph\">Malgr\u00e9 les recommandations m\u00e9dicales, l&rsquo;ancien dirigeant a pris part r\u00e9cemment \u00e0 plusieurs \u00e9v\u00e9nements publics. Dimanche \u00e0 S\u00e3o Paulo, plusieurs milliers de personnes sont venues le soutenir alors qu&rsquo;il est\u00a0<a href=\"http:\/\/www.lefigaro.fr\/international\/bresil-debut-des-auditions-de-temoins-cles-au-proces-de-jair-bolsonaro-20250519\" target=\"_blank\" data-fig-type=\"NewsFlash\" rel=\"noopener\" data-gtm-custom-categorie=\"navigation\" data-gtm-custom-action=\"crossclick\" data-gtm-custom-label=\"Contextuel\" data-gtm-event=\"customEventSPE\" data-fig-domain=\"LEFIGARO\">jug\u00e9 devant la Cour supr\u00eame pour tentative de coup d&rsquo;\u00c9tat<\/a>, des accusations qui lui font encourir 40 ans de prison.<\/p>\n<p class=\"fig-paragraph\">Selon le minist\u00e8re public, ce plan, qui aurait \u00e9t\u00e9 destin\u00e9 \u00e0 le maintenir au pouvoir apr\u00e8s sa d\u00e9faite aux \u00e9lections de 2022 face au candidat de gauche Luiz In\u00e1cio Lula da Silva, ne s&rsquo;est pas concr\u00e9tis\u00e9 en raison d&rsquo;un manque de soutien de la part des hauts commandements militaires.<\/p>\n<p class=\"fig-paragraph\">Jair Bolsonaro se dit victime d&rsquo;une \u00abpers\u00e9cution politique\u00bb visant \u00e0 l&#8217;emp\u00eacher de se repr\u00e9senter \u00e0 la pr\u00e9sidentielle de l&rsquo;an prochaine, bien qu&rsquo;il soit in\u00e9ligible jusqu&rsquo;en 2030 pour avoir diffus\u00e9 des fausses informations sur le syst\u00e8me \u00e9lectoral.<\/p>\n","protected":false},"excerpt":{"rendered":"L\u2019ancien pr\u00e9sident doit se remettre d\u2019une lourde op\u00e9ration chirurgicale et d\u2019une hospitalisation prolong\u00e9e. En parall\u00e8le, il est jug\u00e9&hellip;\n","protected":false},"author":2,"featured_media":220678,"comment_status":"","ping_status":"","sticky":false,"template":"","format":"standard","meta":{"footnotes":""},"categories":[5],"tags":[259,11,260,2548,1011,27,14,35977,261,12,262,28],"class_list":{"0":"post-220677","1":"post","2":"type-post","3":"status-publish","4":"format-standard","5":"has-post-thumbnail","7":"category-international","8":"tag-actualite-internationale","9":"tag-actualites","10":"tag-affaires-etrangeres","11":"tag-bresil","12":"tag-fr","13":"tag-france","14":"tag-international","15":"tag-jair-bolsonaro","16":"tag-ministere-des-affaires-etrangeres","17":"tag-news","18":"tag-politique-etrangere","19":"tag-world"},"share_on_mastodon":{"url":"https:\/\/pubeurope.com\/@fr\/114783690641432121","error":""},"_links":{"self":[{"href":"https:\/\/www.europesays.com\/fr\/wp-json\/wp\/v2\/posts\/220677","targetHints":{"allow":["GET"]}}],"collection":[{"href":"https:\/\/www.europesays.com\/fr\/wp-json\/wp\/v2\/posts"}],"about":[{"href":"https:\/\/www.europesays.com\/fr\/wp-json\/wp\/v2\/types\/post"}],"author":[{"embeddable":true,"href":"https:\/\/www.europesays.com\/fr\/wp-json\/wp\/v2\/users\/2"}],"replies":[{"embeddable":true,"href":"https:\/\/www.europesays.com\/fr\/wp-json\/wp\/v2\/comments?post=220677"}],"version-history":[{"count":0,"href":"https:\/\/www.europesays.com\/fr\/wp-json\/wp\/v2\/posts\/220677\/revisions"}],"wp:featuredmedia":[{"embeddable":true,"href":"https:\/\/www.europesays.com\/fr\/wp-json\/wp\/v2\/media\/220678"}],"wp:attachment":[{"href":"https:\/\/www.europesays.com\/fr\/wp-json\/wp\/v2\/media?parent=220677"}],"wp:term":[{"taxonomy":"category","embeddable":true,"href":"https:\/\/www.europesays.com\/fr\/wp-json\/wp\/v2\/categories?post=220677"},{"taxonomy":"post_tag","embeddable":true,"href":"https:\/\/www.europesays.com\/fr\/wp-json\/wp\/v2\/tags?post=220677"}],"curies":[{"name":"wp","href":"https:\/\/api.w.org\/{rel}","templated":true}]}}