{"id":220687,"date":"2025-07-02T12:45:10","date_gmt":"2025-07-02T12:45:10","guid":{"rendered":"https:\/\/www.europesays.com\/fr\/220687\/"},"modified":"2025-07-02T12:45:10","modified_gmt":"2025-07-02T12:45:10","slug":"reseau-stan-de-grands-changements-attendus-sur-plusieurs-lignes-dans-le-grand-nancy-ce-quil-faut-savoir","status":"publish","type":"post","link":"https:\/\/www.europesays.com\/fr\/220687\/","title":{"rendered":"R\u00e9seau Stan. De grands changements attendus sur plusieurs lignes dans le Grand Nancy : ce qu&rsquo;il faut savoir"},"content":{"rendered":"<p>            Par<br \/>\n        <strong><br \/>\n            <a href=\"https:\/\/actu.fr\/auteur\/amandine-mehl\" title=\"Consulter tous les articles de Amandine Mehl\" rel=\"nofollow noopener\" target=\"_blank\">Amandine Mehl<\/a><br \/>\n        <\/strong><\/p>\n<p>        Publi\u00e9 le<\/p>\n<p>            2 juil. 2025 \u00e0 14h37        <\/p>\n<p>Apr\u00e8s la <strong>mise en service r\u00e9ussie<\/strong> du <a href=\"https:\/\/actu.fr\/grand-est\/nancy_54395\/nancy-des-premiers-voyageurs-seduits-par-le-nouveau-trolleybus-il-y-a-de-gros-progres-par-rapport-au-tram_62472483.html\" rel=\"nofollow noopener\" target=\"_blank\">trolleybus<\/a> le 5 avril dernier, la <strong>M\u00e9tropole du Grand Nancy<\/strong> vise d\u00e9sormais une <strong>am\u00e9lioration globale<\/strong> de l\u2019offre du <a href=\"https:\/\/actu.fr\/tag\/reseau-stan\" rel=\"nofollow noopener\" target=\"_blank\">r\u00e9seau Stan<\/a>.\u00a0<\/p>\n<p class=\" wall-content\">\u00c0 compter du <strong>lundi 25 ao\u00fbt 2025<\/strong>, des \u00e9volutions attendent donc les usagers sur de <strong>nombreuses lignes <\/strong>du <a href=\"https:\/\/actu.fr\/tag\/grand-nancy\" rel=\"nofollow noopener\" target=\"_blank\">Grand Nancy<\/a>. Cela comprend des <strong>lignes prolong\u00e9es<\/strong>, des <strong>itin\u00e9raires modifi\u00e9s<\/strong> ainsi que de <strong>nouveaux horaires<\/strong>. On fait le point.<\/p>\n<p>Plus de passages du trolleybus sur la ligne T1<\/p>\n<p class=\" wall-content\">Gr\u00e2ce \u00e0 l\u2019arriv\u00e9e de <strong>nouveaux trolleybus<\/strong>, la <strong>ligne T1<\/strong> va pouvoir <strong>monter en puissance<\/strong>. Ainsi, de 7h \u00e0 19h, en semaine scolaire, les v\u00e9hicules passeront <strong>toutes les 5 minutes<\/strong> contre 7 actuellement.\u00a0<\/p>\n<p class=\" wall-content\">Autre nouveaut\u00e9 : de 8h \u00e0 13h, le <strong>dimanche<\/strong>, un trolleybus passera toutes les 15 minutes au lieu de 20. L\u2019apr\u00e8s-midi, le temps d\u2019attente sera de 10 minutes.<\/p>\n<p>Les changements attendus sur la ligne T2<\/p>\n<p class=\" wall-content\">Alors que le <a href=\"https:\/\/actu.fr\/grand-est\/nancy_54395\/reseau-stan-le-grand-nancy-veut-transformer-la-ligne-2-sur-le-meme-modele-que-celui-du-trolleybus_62821958.html\" rel=\"nofollow noopener\" target=\"_blank\">Grand Nancy veut transformer la ligne 2<\/a> sur le m\u00eame mod\u00e8le que celui du trolleybus dans les ann\u00e9es \u00e0 venir, des changements sont attendus d\u00e8s le 25 ao\u00fbt 2025.<\/p>\n<p class=\" wall-content\">L\u2019<strong>itin\u00e9raire<\/strong> sera notamment <strong>modifi\u00e9<\/strong> \u00e0 Laxou Plateau de Haye. Au lieu de desservir les rues de la Sa\u00f4ne et de la Vezouze, <strong>la ligne desservira les rues de la Meuse et du Mouzon<\/strong>. De plus, les usagers profiteront de <strong>plus de passages<\/strong> le dimanche de 8h \u00e0 12h : toutes les 15 minutes au lieu de 20.<\/p>\n<p>Vid\u00e9os : en ce moment sur ActuLes changements attendus sur la ligne T4<\/p>\n<p class=\" wall-content\">Toujours du c\u00f4t\u00e9 des lignes de bus \u00e0 haut niveau de service, <strong>l\u2019itin\u00e9raire de la ligne T4 va \u00eatre modifi\u00e9<\/strong> \u00e0 Vand\u0153uvre-l\u00e8s-Nancy.\u00a0<\/p>\n<p class=\" wall-content\">Les bus passeront par les rues Gembloux et Goethe au lieu du boulevard de l\u2019Europe et des arr\u00eats Nations, Kehl et Jeanne d\u2019Arc.<\/p>\n<p>Arriv\u00e9e de la ligne T5 dans le Grand Nancy<\/p>\n<p class=\" wall-content\">Outre les diff\u00e9rents changements attendus, le 25 ao\u00fbt marquera \u00e9galement le <strong>lancement de la nouvelle ligne<\/strong>\u00a0de bus \u00e0 haut niveau de service : la <a href=\"https:\/\/actu.fr\/grand-est\/nancy_54395\/reseau-stan-parcours-horaires-ouverture-tout-ce-qu-il-faut-savoir-sur-la-future-ligne-5-a-nancy_62134194.html\" rel=\"nofollow noopener\" target=\"_blank\">ligne 5<\/a> entre Max\u00e9ville et Vand\u0153uvre-l\u00e8s-Nancy.<\/p>\n<p class=\" wall-content\">De 7h \u00e0 19h, <strong>un passage toutes les 12 minutes<\/strong> sera assur\u00e9.\u00a0<\/p>\n<p>Les changements attendus sur les lignes Corol<\/p>\n<p class=\" wall-content\">S\u2019agissant des <strong>lignes Corol<\/strong>, en <strong>semaine scolaire<\/strong>, un passage sera r\u00e9alis\u00e9 toutes les 15 minutes au lieu de 20 lors des heures de pointe. Pendant <strong>les vacances et les samedis<\/strong>, le temps d\u2019attente passera de 30 \u00e0 20 minutes et <strong>les dimanches et jours f\u00e9ri\u00e9s<\/strong> de 90 \u00e0 40 minutes.<\/p>\n<p class=\" wall-content\">Les itin\u00e9raires vont \u00eatre <strong>modifi\u00e9s<\/strong> de la fa\u00e7on suivante :<\/p>\n<ul class=\" wall-content\">\n<li><strong>Laxou<\/strong> : desserte des arr\u00eats Parc et Vezouze, rue de la Sa\u00f4ne, au lieu des rues de la Meuse et du Mouzon.<\/li>\n<li><strong>Villers-l\u00e8s-Nancy<\/strong> : passage par le boulevard Cattenoz au lieu du boulevard des Aiguillettes.<\/li>\n<\/ul>\n<p>Les changements attendus sur la ligne 11<\/p>\n<p class=\" wall-content\">La <strong>ligne 11<\/strong> va \u00eatre prolong\u00e9e jusqu\u2019\u00e0 Heillecourt La Rotonde et desservira le parc des expositions ainsi que l\u2019ensemble scolaire La Malgrange. Un <strong>prolongement<\/strong> est aussi pr\u00e9vu \u00e0 Saulxures avec un <strong>nouveau terminus<\/strong> \u00e0 Jardins Fleuris.\u00a0<\/p>\n<p class=\" wall-content\">Avec la suppression du terminus partiel \u00e0 Nancy ARTEM Vauban, le r\u00e9seau Stan indique que <strong>la fr\u00e9quence va passer \u00e0 15 minutes<\/strong> entre Porte de Bosserville (Tomblaine) et Heillecourt La Rotonde.\u00a0<\/p>\n<p class=\" wall-content\">Enfin, les passages des bus auront lieu toutes les 40 minutes au lieu d\u2019une heure les <strong>dimanches<\/strong>.<\/p>\n<p>Les changements attendus sur la ligne 12<\/p>\n<p class=\" wall-content\">M\u00eame chose pour la<strong> ligne 12<\/strong> qui va \u00eatre <strong>prolong\u00e9e<\/strong> \u00e0 Malz\u00e9ville, \u00e0 proximit\u00e9 du coll\u00e8ge Paul Verlaine, en passant par la rue Gustave Nordon (nouvel arr\u00eat), la rue des Savlons (arr\u00eat Margeville) et l\u2019avenue du Mar\u00e9chal de Lattre de Tassigny (arr\u00eat Le Bourgarel).\u00a0<\/p>\n<p class=\" wall-content\">Un passage sera assur\u00e9<strong> toutes les 15 minutes<\/strong> de 7h \u00e0 8h au lieu de 20 minutes de 7h \u00e0 9h.<\/p>\n<p>Les changements attendus sur la ligne 13<\/p>\n<p class=\" wall-content\">Concernant la <strong>ligne 13<\/strong>, elle va \u00eatre <strong>prolong\u00e9e<\/strong> avec une nouvelle desserte de la zone d\u2019activit\u00e9s Saint-Jacques 2 \u00e0 Max\u00e9ville.<\/p>\n<p class=\" wall-content\">De cette fa\u00e7on, <strong>trois nouveaux arr\u00eats<\/strong> seront desservis avec un nouveau terminus : Alfred Kastler, Albert Einstein et Max\u00e9ville ZA St-Jacques.<\/p>\n<p>Les changements attendus sur la ligne 16<\/p>\n<p class=\" wall-content\">\u00c0 Nancy, l\u2019itin\u00e9raire de la <strong>ligne 16<\/strong> va \u00eatre modifi\u00e9. Elle ne passera plus par les rues Mon D\u00e9sert et Gabriel Mouilleron, mais par les avenues Poincar\u00e9 et Foch. De m\u00eame, le <strong>terminus partiel<\/strong> \u00e0 Malz\u00e9ville Margeville va \u00eatre <strong>supprim\u00e9<\/strong>.<\/p>\n<p class=\" wall-content\">\u00c0 l\u2019instar d\u2019autres lignes, les <strong>passages vont augmenter<\/strong> : toutes les 12 minutes au lieu de 20 en heures de pointe en semaine scolaire et toutes les 40 minutes au lieu d\u2019une heure durant les vacances scolaires, les samedis et les dimanches et jours f\u00e9ri\u00e9s.<\/p>\n<p>Les changements attendus sur la ligne 33<\/p>\n<p class=\" wall-content\">Prolong\u00e9e du parc des expositions \u00e0 Jarville-la-Malgrange, <strong>la ligne 33 desservira prochainement<\/strong> l\u2019avenue de la Malgrange et la rue de la R\u00e9publique.\u00a0<\/p>\n<p class=\" wall-content\">Elle b\u00e9n\u00e9ficiera d\u2019un <strong>nouveau terminus<\/strong> \u00e0 Jarville Gabriel Faur\u00e9.<\/p>\n<p>Les changements attendus sur la ligne 10<\/p>\n<p class=\" wall-content\">L\u2019itin\u00e9raire de la <strong>ligne 10<\/strong> va \u00eatre modifi\u00e9 avec une desserte uniquement entre Pompey et le <strong>nouveau terminus<\/strong> fix\u00e9 \u00e0 Nancy Place Carnot.\u00a0<\/p>\n<p class=\" wall-content\">Le r\u00e9seau Stan fait savoir que la desserte entre Nancy et Vand\u0153uvre-l\u00e8s-Nancy sera reprise par la <strong>\u00ab\u00a0nouvelle\u00a0\u00bb ligne 18<\/strong>.<\/p>\n<p>La ligne Brabois Express devient la ligne 18<\/p>\n<p class=\" wall-content\">\u00c0 compter du 25 ao\u00fbt, les usagers du r\u00e9seau Stan <strong>n\u2019emprunteront plus<\/strong> la <a href=\"https:\/\/actu.fr\/grand-est\/nancy_54395\/brabois-express-le-reseau-stan-devoile-sa-nouvelle-ligne-reliant-nancy-au-plateau-de-brabois_52648838.html\" rel=\"nofollow noopener\" target=\"_blank\">ligne Brabois Express<\/a>, mais la <strong>ligne 18<\/strong>.<\/p>\n<p class=\" wall-content\">Entre Nancy Gare R\u00e9publique, Vand\u0153uvre Brabois et Chaligny Pont Saint-Vincent, <strong>elle passera par<\/strong> les rues Mon D\u00e9sert\/Gabriel Mouilleron \u00e0 Nancy, boulevard Haussonville et avenue Paul Muller \u00e0 Villers et avenue de la For\u00eat de Haye \u00e0 Vand\u0153uvre.<\/p>\n<p>Suppression de la ligne 31 et changements attendus sur la ligne 32<\/p>\n<p class=\" wall-content\">Avec la <strong>suppression de la ligne 31<\/strong>, la <strong>ligne 32<\/strong> va \u00eatre prolong\u00e9e de Saint-Max G\u00e9rard Barrois \u00e0 Essey La Fall\u00e9e. Cela comprend une nouvelle desserte rue Jean XXIII \u00e0 Saint-Max ainsi que des quartiers Mouzimpr\u00e9, Mairie, La Fall\u00e9e et Plein Soleil \u00e0 Essey.\u00a0<\/p>\n<p class=\" wall-content\">\u00c0 noter qu\u2019avec la suppression de la ligne 31, la desserte des arr\u00eats entre Joseph Huet et Essey La Fall\u00e9e sera assur\u00e9e par le<strong> service R\u00e9sago 3<\/strong>.<\/p>\n<p>Les changements attendus pour les services R\u00e9sago<\/p>\n<p class=\" wall-content\"><strong>R\u00e9sago<\/strong>, le service de <strong>transport \u00e0 la demande<\/strong>, va lui aussi b\u00e9n\u00e9ficier de modifications.\u00a0<\/p>\n<ul class=\" wall-content\">\n<li><strong>R\u00e9sago 1<\/strong> : deux nouveaux arr\u00eats desservis secteur 3 Maisons (Joli C\u0153ur et Pierson), suppression des arr\u00eats Oberlin et Dieuze.<\/li>\n<li><strong>R\u00e9sago 3<\/strong> : les arr\u00eats Dieuze et Oberlin seront d\u00e9sormais desservis par R\u00e9sago 3.<\/li>\n<li><strong>R\u00e9sago Dimanche<\/strong> : la commune de Ludres sera dor\u00e9navant desservie.<\/li>\n<\/ul>\n<p class=\" wall-content\">Enfin, le r\u00e9seau Stan a annonc\u00e9 la cr\u00e9ation d\u2019un <strong>nouveau service R\u00e9sago<\/strong>, intitul\u00e9 R\u00e9sago 4, pour Ludres, Fl\u00e9ville, Heillecourt et Houdemont Porte Sud.<\/p>\n<p class=\" wall-content\">Suivez toute l\u2019actualit\u00e9 de vos villes et m\u00e9dias favoris en vous inscrivant \u00e0 <a href=\"https:\/\/moncompte.actu.fr\" title=\"D\u00e9couvez Mon Actu\" rel=\"nofollow noopener\" data-trk=\"{&quot;cta&quot;:{&quot;action&quot;:&quot;https:\\\/\\\/moncompte.actu.fr&quot;,&quot;category&quot;:&quot;mon compte&quot;,&quot;from&quot;:&quot;article footer&quot;,&quot;name&quot;:&quot;Mon actu&quot;,&quot;type&quot;:&quot;cta&quot;}}\" target=\"_blank\">Mon Actu<\/a>.<\/p>\n","protected":false},"excerpt":{"rendered":"Par Amandine Mehl Publi\u00e9 le 2 juil. 2025 \u00e0 14h37 Apr\u00e8s la mise en service r\u00e9ussie du trolleybus&hellip;\n","protected":false},"author":2,"featured_media":220688,"comment_status":"","ping_status":"","sticky":false,"template":"","format":"standard","meta":{"footnotes":""},"categories":[9635],"tags":[1111,11,1777,674,1011,27,775,10375,1702,12,25,9849,104,2803],"class_list":{"0":"post-220687","1":"post","2":"type-post","3":"status-publish","4":"format-standard","5":"has-post-thumbnail","7":"category-nancy","8":"tag-actu","9":"tag-actualites","10":"tag-eu","11":"tag-europe","12":"tag-fr","13":"tag-france","14":"tag-grand-est","15":"tag-grand-nancy","16":"tag-nancy","17":"tag-news","18":"tag-republique-francaise","19":"tag-reseau-stan","20":"tag-societe","21":"tag-transport"},"share_on_mastodon":{"url":"https:\/\/pubeurope.com\/@fr\/114783710307134884","error":""},"_links":{"self":[{"href":"https:\/\/www.europesays.com\/fr\/wp-json\/wp\/v2\/posts\/220687","targetHints":{"allow":["GET"]}}],"collection":[{"href":"https:\/\/www.europesays.com\/fr\/wp-json\/wp\/v2\/posts"}],"about":[{"href":"https:\/\/www.europesays.com\/fr\/wp-json\/wp\/v2\/types\/post"}],"author":[{"embeddable":true,"href":"https:\/\/www.europesays.com\/fr\/wp-json\/wp\/v2\/users\/2"}],"replies":[{"embeddable":true,"href":"https:\/\/www.europesays.com\/fr\/wp-json\/wp\/v2\/comments?post=220687"}],"version-history":[{"count":0,"href":"https:\/\/www.europesays.com\/fr\/wp-json\/wp\/v2\/posts\/220687\/revisions"}],"wp:featuredmedia":[{"embeddable":true,"href":"https:\/\/www.europesays.com\/fr\/wp-json\/wp\/v2\/media\/220688"}],"wp:attachment":[{"href":"https:\/\/www.europesays.com\/fr\/wp-json\/wp\/v2\/media?parent=220687"}],"wp:term":[{"taxonomy":"category","embeddable":true,"href":"https:\/\/www.europesays.com\/fr\/wp-json\/wp\/v2\/categories?post=220687"},{"taxonomy":"post_tag","embeddable":true,"href":"https:\/\/www.europesays.com\/fr\/wp-json\/wp\/v2\/tags?post=220687"}],"curies":[{"name":"wp","href":"https:\/\/api.w.org\/{rel}","templated":true}]}}