{"id":220700,"date":"2025-07-02T12:52:09","date_gmt":"2025-07-02T12:52:09","guid":{"rendered":"https:\/\/www.europesays.com\/fr\/220700\/"},"modified":"2025-07-02T12:52:09","modified_gmt":"2025-07-02T12:52:09","slug":"la-circulation-des-trains-coupee","status":"publish","type":"post","link":"https:\/\/www.europesays.com\/fr\/220700\/","title":{"rendered":"la circulation des trains coup\u00e9e"},"content":{"rendered":"<p>            Par<br \/>\n        <strong><br \/>\n            <a href=\"https:\/\/actu.fr\/auteur\/adrien-filoche\" title=\"Consulter tous les articles de Adrien Filoche\" target=\"_blank\" rel=\"noopener\">Adrien Filoche<\/a><br \/>\n        <\/strong><\/p>\n<p>        Publi\u00e9 le<\/p>\n<p>            2 juil. 2025 \u00e0 14h34        <\/p>\n<p><strong>Les trains sont \u00e0 l\u2019arr\u00eat. <\/strong>Vers 13h30, ce mercredi 2\u00a0juillet 2025, un \u00ab\u2009d\u00e9faut d\u2019alimentation \u00e9lectrique\u2009\u00bb s\u2019est d\u00e9clar\u00e9 entre Malaunay et Rouen sur la <a href=\"https:\/\/actu.fr\/normandie\/rouen_76540\/nouvelle-ligne-ferroviaire-entre-paris-et-la-normandie-le-projet-est-annule-pour-le-moment_62775138.html\" target=\"_blank\" rel=\"noopener\">ligne Paris-Rouen-Le\u00a0Havre.<\/a> L\u2019impact est notable puisque <strong>la circulation des trains est totalement interrompue<\/strong>, et ce dans les deux sens.<\/p>\n<p>Reprise du trafic estim\u00e9 vers 17\u00a0heures<\/p>\n<p class=\" wall-content\">La circulation est en effet coup\u00e9e \u00ab\u2009le temps des premi\u00e8res v\u00e9rifications de s\u00e9curit\u00e9 et potentielles r\u00e9parations\u2009\u00bb, pr\u00e9cise la SNCF sur X. Il est indiqu\u00e9 que la reprise du trafic est estim\u00e9e pour 17\u00a0heures. Cet horaire est susceptible d\u2019\u00e9voluer.<\/p>\n<p class=\" wall-content\">Interrog\u00e9e, la communication de la SNCF pr\u00e9cise aupr\u00e8s de 76actu qu\u2019il s\u2019agit d\u2019un \u00ab\u2009arbre qui est tomb\u00e9 sur une cat\u00e9naire\u2009\u00bb en raison des <a href=\"https:\/\/actu.fr\/meteo\/orages-et-averses-au-menu-de-ce-mercredi-2-juillet-en-seine-maritime_62853639.html\" target=\"_blank\" rel=\"noopener\">intemp\u00e9ries qui touchent actuellement la Seine-Maritime<\/a>.<\/p>\n<p class=\" wall-content\">\n<p class=\" wall-content\">Toujours selon la communication, des agents sont mobilis\u00e9s pour r\u00e9aliser le diagnostic. En fonction des tests, la SNCF pourrait rouvrir l\u2019une des deux voies de circulation afin de relancer progressivement le trafic. Mais pour l\u2019heure, il faudra s\u2019armer de patience pour les voyageurs normands.<\/p>\n<p>Des retards de trains \u00e0 pr\u00e9voir<\/p>\n<p class=\" wall-content\">Sur le site <a href=\"https:\/\/www.garesetconnexions.sncf\/fr\/gares-services\/rouen-rive-droite\" target=\"_blank\" rel=\"noopener\">Gares et Connexions<\/a>, qui permet de suivre le trafic en temps r\u00e9el, un train est d\u00e9j\u00e0 annonc\u00e9 avec plus d\u2019une heure de retard.<\/p>\n<p class=\" wall-content\">La veille, <a href=\"https:\/\/actu.fr\/normandie\/rouen_76540\/la-chaleur-cause-un-incident-electrique-et-paralyse-totalement-les-trains-entre-paris-rouen-et-le-havre_62852299.html\" target=\"_blank\" rel=\"noopener\">une panne \u00e9lectrique en raison de la chaleur<\/a> avait eu lieu apr\u00e8s 14h30 pr\u00e8s de la gare de Paris Saint-Lazare, provoquant d\u2019importantes perturbations sur les lignes normandes jusque dans la soir\u00e9e.<\/p>\n<p>Vid\u00e9os : en ce moment sur ActuSuivez l\u2019actualit\u00e9 de Rouen sur <a href=\"https:\/\/www.whatsapp.com\/channel\/0029VaKfnf99hXF2ddApFB1D\" target=\"_blank\" rel=\"noopener\">notre cha\u00eene WhatsApp<\/a> et sur <a href=\"https:\/\/www.tiktok.com\/@76actu.fr?lang=fr\" target=\"_blank\" rel=\"noopener\">notre compte TikTok<\/a>Suivez l\u2019actualit\u00e9 du\u00a0Havre sur <a href=\"https:\/\/www.whatsapp.com\/channel\/0029VaFqJYE8aKvLBwVrEe0o\" target=\"_blank\" rel=\"noopener\">notre cha\u00eene WhatsApp<\/a> et sur <a href=\"https:\/\/www.tiktok.com\/@76actu.fr?lang=fr\" target=\"_blank\" rel=\"noopener\">notre compte TikTok<\/a><\/p>\n<p class=\" wall-content\">Suivez toute l\u2019actualit\u00e9 de vos villes et m\u00e9dias favoris en vous inscrivant \u00e0 <a href=\"https:\/\/moncompte.actu.fr\" title=\"D\u00e9couvez Mon Actu\" rel=\"nofollow noopener\" data-trk=\"{&quot;cta&quot;:{&quot;action&quot;:&quot;https:\\\/\\\/moncompte.actu.fr&quot;,&quot;category&quot;:&quot;mon compte&quot;,&quot;from&quot;:&quot;article footer&quot;,&quot;name&quot;:&quot;Mon actu&quot;,&quot;type&quot;:&quot;cta&quot;}}\" target=\"_blank\">Mon Actu<\/a>.<\/p>\n<p>                    <script async src=\"\/\/www.tiktok.com\/embed.js\"><\/script><\/p>\n","protected":false},"excerpt":{"rendered":"Par Adrien Filoche Publi\u00e9 le 2 juil. 2025 \u00e0 14h34 Les trains sont \u00e0 l\u2019arr\u00eat. Vers 13h30, ce&hellip;\n","protected":false},"author":2,"featured_media":220701,"comment_status":"","ping_status":"","sticky":false,"template":"","format":"standard","meta":{"footnotes":""},"categories":[9587],"tags":[1111,11,1777,674,1011,27,12,5161,25,9590,2215,104],"class_list":{"0":"post-220700","1":"post","2":"type-post","3":"status-publish","4":"format-standard","5":"has-post-thumbnail","7":"category-rouen","8":"tag-actu","9":"tag-actualites","10":"tag-eu","11":"tag-europe","12":"tag-fr","13":"tag-france","14":"tag-news","15":"tag-normandie","16":"tag-republique-francaise","17":"tag-rouen","18":"tag-sncf","19":"tag-societe"},"share_on_mastodon":{"url":"https:\/\/pubeurope.com\/@fr\/114783737997641396","error":""},"_links":{"self":[{"href":"https:\/\/www.europesays.com\/fr\/wp-json\/wp\/v2\/posts\/220700","targetHints":{"allow":["GET"]}}],"collection":[{"href":"https:\/\/www.europesays.com\/fr\/wp-json\/wp\/v2\/posts"}],"about":[{"href":"https:\/\/www.europesays.com\/fr\/wp-json\/wp\/v2\/types\/post"}],"author":[{"embeddable":true,"href":"https:\/\/www.europesays.com\/fr\/wp-json\/wp\/v2\/users\/2"}],"replies":[{"embeddable":true,"href":"https:\/\/www.europesays.com\/fr\/wp-json\/wp\/v2\/comments?post=220700"}],"version-history":[{"count":0,"href":"https:\/\/www.europesays.com\/fr\/wp-json\/wp\/v2\/posts\/220700\/revisions"}],"wp:featuredmedia":[{"embeddable":true,"href":"https:\/\/www.europesays.com\/fr\/wp-json\/wp\/v2\/media\/220701"}],"wp:attachment":[{"href":"https:\/\/www.europesays.com\/fr\/wp-json\/wp\/v2\/media?parent=220700"}],"wp:term":[{"taxonomy":"category","embeddable":true,"href":"https:\/\/www.europesays.com\/fr\/wp-json\/wp\/v2\/categories?post=220700"},{"taxonomy":"post_tag","embeddable":true,"href":"https:\/\/www.europesays.com\/fr\/wp-json\/wp\/v2\/tags?post=220700"}],"curies":[{"name":"wp","href":"https:\/\/api.w.org\/{rel}","templated":true}]}}