{"id":220702,"date":"2025-07-02T12:53:08","date_gmt":"2025-07-02T12:53:08","guid":{"rendered":"https:\/\/www.europesays.com\/fr\/220702\/"},"modified":"2025-07-02T12:53:08","modified_gmt":"2025-07-02T12:53:08","slug":"ca-va-durer-les-previsions-de-meteo-france","status":"publish","type":"post","link":"https:\/\/www.europesays.com\/fr\/220702\/","title":{"rendered":"\u00e7a va durer&#8230; Les pr\u00e9visions de M\u00e9t\u00e9o-France"},"content":{"rendered":"<p>            Par<br \/>\n        <strong><br \/>\n            <a href=\"https:\/\/actu.fr\/auteur\/redaction-grenoble\" title=\"Consulter tous les articles de R\u00e9daction Grenoble\" rel=\"nofollow noopener\" target=\"_blank\">R\u00e9daction Grenoble<\/a><br \/>\n        <\/strong><\/p>\n<p>        Publi\u00e9 le<\/p>\n<p>            2 juil. 2025 \u00e0 10h16        <\/p>\n<p>La canicule devrait jouer les prolongations en <a href=\"https:\/\/actu.fr\/auvergne-rhone-alpes\/isere_38\" rel=\"nofollow noopener\" target=\"_blank\">Is\u00e8re<\/a>, avec notamment <strong>40,4\u00b0C<\/strong> relev\u00e9s par M\u00e9t\u00e9o France \u00e0 Coublevie, pr\u00e8s de <a href=\"https:\/\/actu.fr\/auvergne-rhone-alpes\/voiron_38563\" rel=\"nofollow noopener\" target=\"_blank\">Voiron<\/a>, lundi 30 juin. Depuis la mi-juin, une <strong>vague de chaleur pr\u00e9coce<\/strong> s\u2019est install\u00e9e sur une large partie de la France. Alors que la journ\u00e9e de jeudi 3 juillet devait \u00eatre le jour de la d\u00e9livrance, les Is\u00e9rois risquent de devoir patienter jusqu\u2019\u00e0 vendredi, voire samedi\u2026<\/p>\n<p class=\" wall-content\">C\u2019est en tout cas ce qu\u2019annonce plusieurs pr\u00e9visionnistes m\u00e9t\u00e9o, dont <a href=\"https:\/\/www.facebook.com\/meteocentreisere\/\" rel=\"nofollow noopener\" target=\"_blank\">M\u00e9t\u00e9o Centre-Is\u00e8re<\/a>. \u00ab\u00a0Les journ\u00e9es de vendredi et samedi resteront tr\u00e8s chaudes, accablantes en ville. Les nuits seront \u00e9galement difficiles.\u00a0\u00bb<\/p>\n<p>    <a href=\"https:\/\/www.facebook.com\/plugins\/post.php?href=https%3A%2F%2Fwww.facebook.com%2Fmeteocentreisere%2Fposts%2Fpfbid0vaBRGSEY246uioWQwHqio9dDMmQfMHzMdnahQ49gNjJK9baiyVUKgMLTnqpgLnT1l&amp;show_text=true&amp;width=350\" title=\"Ouvrie le lien\" rel=\"nofollow noopener\" target=\"_blank\">Cliquez ici pour visualiser le contenu<\/a><\/p>\n<p>La fra\u00eecheur esp\u00e9r\u00e9e d\u00e8s lundi\u00a0<\/p>\n<p class=\" wall-content\">Pour la journ\u00e9e de mercredi 2 juillet, les <strong>temp\u00e9ratures vont rester \u00e9lev\u00e9es<\/strong>, avec jusqu\u2019\u00e0 39\u00b0C pr\u00e9vus \u00e0 <a href=\"https:\/\/actu.fr\/auvergne-rhone-alpes\/grenoble_38185\" rel=\"nofollow noopener\" target=\"_blank\">Grenoble<\/a>, Voiron ou Saint-Marcellin. Les 40\u00b0C pourraient \u00eatre atteint dans la vall\u00e9e du Rh\u00f4ne.<\/p>\n<p class=\" wall-content\">Quelques <a href=\"https:\/\/actu.fr\/auvergne-rhone-alpes\/grenoble_38185\/video-meteo-les-images-des-orages-qui-ont-balaye-l-isere-ce-lundi-soir_62848592.html\" rel=\"nofollow noopener\" target=\"_blank\">orages<\/a> pourraient survenir en fin de journ\u00e9e, notamment dans le nord du d\u00e9partement, sans pour autant diminuer le mercure.\u00a0<\/p>\n<p>Vid\u00e9os : en ce moment sur Actu<\/p>\n<p class=\" wall-content\">Jeudi 3 et vendredi 4 juillet, les temp\u00e9ratures commenceront \u00e0 diminuer, mais resteront au-dessus des 30\u00b0C en journ\u00e9e et des 20\u00b0C la nuit. \u00c0 partir du d\u00e9but de semaine prochaine, la fra\u00eecheur devrait \u00eatre de retour, avec des maximales qui repasseraient <strong>sous les 30\u00b0C d\u00e8s lundi<\/strong>.<\/p>\n<p>Des temp\u00e9ratures dues \u00e0 un d\u00f4me de chaleur<\/p>\n<p class=\" wall-content\">\u00ab\u00a0Cette <strong>50e vague de chaleur<\/strong> est remarquable par sa dur\u00e9e\u00a0\u00bb, confirme M\u00e9t\u00e9o-France. Mais elle n\u2019est pas la plus longue : le record est de trois semaines, tous mois confondus, du 9 au 31 juillet 1983.<\/p>\n<blockquote class=\"ac-article-quote wall-content\">\n<p>Dans une France \u00e0 +4\u00b0C d\u2019ici 2100, des temp\u00e9ratures sup\u00e9rieures \u00e0 40 \u00b0C pourraient se produire tous les ans et des pics in\u00e9dits de chaleur pourraient atteindre jusqu\u2019\u00e0 50 \u00b0C localement. Il faudrait s\u2019attendre \u00e0 10 fois plus de jours de vague de chaleur \u00e0 l\u2019horizon 2100.<\/p>\n<p>    <strong>M\u00e9t\u00e9o France<\/strong>\n            <\/p><\/blockquote>\n<p class=\" wall-content\">Les temp\u00e9ratures actuelles sont notamment dues \u00e0 un <a href=\"https:\/\/actu.fr\/meteo\/un-souffle-d-air-brulant-jusqu-a-quand-va-durer-cette-vague-de-chaleur-caniculaire_62841809.html\" rel=\"nofollow noopener\" target=\"_blank\">d\u00f4me de chaleur<\/a>, lorsqu\u2019un anticyclone joue le r\u00f4le d\u2019un couvercle sur un territoire, \u00ab\u00a0une situation m\u00e9t\u00e9orologique classique en \u00e9t\u00e9\u00a0\u00bb.<\/p>\n<p class=\" wall-content\">Suivez toute l\u2019actualit\u00e9 de vos villes et m\u00e9dias favoris en vous inscrivant \u00e0 <a href=\"https:\/\/moncompte.actu.fr\" title=\"D\u00e9couvez Mon Actu\" rel=\"nofollow noopener\" data-trk=\"{&quot;cta&quot;:{&quot;action&quot;:&quot;https:\\\/\\\/moncompte.actu.fr&quot;,&quot;category&quot;:&quot;mon compte&quot;,&quot;from&quot;:&quot;article footer&quot;,&quot;name&quot;:&quot;Mon actu&quot;,&quot;type&quot;:&quot;cta&quot;}}\" target=\"_blank\">Mon Actu<\/a>.<\/p>\n","protected":false},"excerpt":{"rendered":"Par R\u00e9daction Grenoble Publi\u00e9 le 2 juil. 2025 \u00e0 10h16 La canicule devrait jouer les prolongations en Is\u00e8re,&hellip;\n","protected":false},"author":2,"featured_media":220703,"comment_status":"","ping_status":"","sticky":false,"template":"","format":"standard","meta":{"footnotes":""},"categories":[9566],"tags":[1111,11,2430,6698,1777,674,1011,27,2731,2487,2357,12,25],"class_list":{"0":"post-220702","1":"post","2":"type-post","3":"status-publish","4":"format-standard","5":"has-post-thumbnail","7":"category-grenoble","8":"tag-actu","9":"tag-actualites","10":"tag-auvergne-rhone-alpes","11":"tag-canicule","12":"tag-eu","13":"tag-europe","14":"tag-fr","15":"tag-france","16":"tag-grenoble","17":"tag-meteo","18":"tag-meteo-france","19":"tag-news","20":"tag-republique-francaise"},"share_on_mastodon":{"url":"https:\/\/pubeurope.com\/@fr\/114783741845827515","error":""},"_links":{"self":[{"href":"https:\/\/www.europesays.com\/fr\/wp-json\/wp\/v2\/posts\/220702","targetHints":{"allow":["GET"]}}],"collection":[{"href":"https:\/\/www.europesays.com\/fr\/wp-json\/wp\/v2\/posts"}],"about":[{"href":"https:\/\/www.europesays.com\/fr\/wp-json\/wp\/v2\/types\/post"}],"author":[{"embeddable":true,"href":"https:\/\/www.europesays.com\/fr\/wp-json\/wp\/v2\/users\/2"}],"replies":[{"embeddable":true,"href":"https:\/\/www.europesays.com\/fr\/wp-json\/wp\/v2\/comments?post=220702"}],"version-history":[{"count":0,"href":"https:\/\/www.europesays.com\/fr\/wp-json\/wp\/v2\/posts\/220702\/revisions"}],"wp:featuredmedia":[{"embeddable":true,"href":"https:\/\/www.europesays.com\/fr\/wp-json\/wp\/v2\/media\/220703"}],"wp:attachment":[{"href":"https:\/\/www.europesays.com\/fr\/wp-json\/wp\/v2\/media?parent=220702"}],"wp:term":[{"taxonomy":"category","embeddable":true,"href":"https:\/\/www.europesays.com\/fr\/wp-json\/wp\/v2\/categories?post=220702"},{"taxonomy":"post_tag","embeddable":true,"href":"https:\/\/www.europesays.com\/fr\/wp-json\/wp\/v2\/tags?post=220702"}],"curies":[{"name":"wp","href":"https:\/\/api.w.org\/{rel}","templated":true}]}}