{"id":220704,"date":"2025-07-02T12:54:15","date_gmt":"2025-07-02T12:54:15","guid":{"rendered":"https:\/\/www.europesays.com\/fr\/220704\/"},"modified":"2025-07-02T12:54:15","modified_gmt":"2025-07-02T12:54:15","slug":"la-metropole-de-grenoble-experimente-pour-lutter-contre-les-depots-sauvages","status":"publish","type":"post","link":"https:\/\/www.europesays.com\/fr\/220704\/","title":{"rendered":"La M\u00e9tropole de Grenoble exp\u00e9rimente pour lutter contre les d\u00e9p\u00f4ts sauvages"},"content":{"rendered":"<p>C&rsquo;est une <strong>premi\u00e8re en France<\/strong> : depuis le 23 juin et jusqu&rsquo;au 30 septembre 2025, une <strong>brigade de vigilance environnementale <\/strong>sillonne sur une partie du territoire de la <strong>M\u00e9tropole de Grenoble <\/strong>pour pr\u00e9venir les atteintes \u00e0 l&rsquo;environnement et si besoin, aussi verbaliser les auteurs d&rsquo;infraction. <\/p>\n<p>A d\u00e9faut d&rsquo;une police m\u00e9tropolitaine de l&rsquo;environnement, la M\u00e9tropole de Grenoble teste une brigade de vigilance environnementale <img decoding=\"async\" alt=\"\" class=\"img-size-full\" data-zoomable=\"\" height=\"900\" loading=\"lazy\" src=\"https:\/\/www.europesays.com\/fr\/wp-content\/uploads\/2025\/07\/img-20250626-wa0003.jpg\" title=\"\u00a9 Thomas Richardson - Depuis le 23 juin et jusqu'au 30 septembre 2025, la M\u00e9tropole de Grenoble et la gendarmerie de l'Is\u00e8re ont cr\u00e9\u00e9 une brigade de vigilance environnementale.\" width=\"1600\"\/> Depuis le 23 juin et jusqu&rsquo;au 30 septembre 2025, la M\u00e9tropole de Grenoble et la gendarmerie de l&rsquo;Is\u00e8re ont cr\u00e9\u00e9 une brigade de vigilance environnementale. <\/p>\n<p>Depuis plusieurs ann\u00e9es, la M\u00e9tropole souhaitait mettre en place une brigade de protection de l&rsquo;environnement notamment pour lutter contre les d\u00e9p\u00f4ts sauvages, mener des contr\u00f4les dans la cadre de la r\u00e9glementation <a href=\"https:\/\/mesinfos.fr\/38000-grenoble\/zfe-la-metropole-de-grenoble-prolonge-d-un-an-le-dispositif-en-place-225684.html\" rel=\"noopener\" target=\"_blank\">zone \u00e0 faibles \u00e9missions<\/a> (ZFE), etc. L&rsquo;id\u00e9e de d\u00e9part consistait en la cr\u00e9ation d&rsquo;une police m\u00e9tropolitaine de l&rsquo;environnement. Mais ce projet n&rsquo;a pu aboutir en raison d&rsquo;un obstacle juridique important : la cr\u00e9ation d&rsquo;une police m\u00e9tropolitaine de l&rsquo;environnement ne peut se faire sans au pr\u00e9alable supprimer les polices municipales pluricommunales existantes ou en projet.<\/p>\n<p>La M\u00e9tropole s&rsquo;est alors rapproch\u00e9e de la<strong> gendarmerie nationale de l&rsquo;Is\u00e8re <\/strong>et cela aboutit aujourd&rsquo;hui \u00e0 une <strong>dispositif exp\u00e9rimental unique en France <\/strong>: dix gendarmes r\u00e9servistes constituent la toute nouvelle brigade de vigilance environnementale. Ces derniers patrouilleront dans les <strong>espaces naturels<\/strong> m\u00e9tropolitains, les <strong>parcs communaux<\/strong> ou encore aux abords des <strong>d\u00e9chetteries <\/strong>qui se trouvent dans la zone de comp\u00e9tence gendarmerie de la M\u00e9tropole. Cela concerne <strong>42 communes<\/strong> \u00e0 l&rsquo;exclusion de Grenoble, \u00c9chirolles, Saint-Martin-d&rsquo;H\u00e8res, La Tronche, Gi\u00e8res, Saint-Martin-le-Vinoux\u00a0et Fontaine.<\/p>\n<p>  Un r\u00f4le de pr\u00e9vention avant tout mais la brigade pourra aussi adresser des amendes <\/p>\n<p>D\u00e9p\u00f4ts sauvages d&rsquo;ordures, de v\u00e9g\u00e9taux, non-respect du r\u00e8glement de collecte, risques de d\u00e9part d\u2019incendie, incivilit\u00e9s au sein des espaces naturels m\u00e9tropolitains et des parcs communaux\u2026 Voici quelques-uns des probl\u00e8mes auxquels s&rsquo;attaqueront les agents de la brigade de vigilance environnementale. L&rsquo;accent sera mis sur la <strong>pr\u00e9vention<\/strong>, les conseils, les bons gestes, m\u00eame si les gendarmes de la brigade pourront \u00e9galement adresser des <strong>amendes<\/strong>. En 2024, <strong>273<\/strong> atteintes \u00e0 l\u2019environnement ont \u00e9t\u00e9 recens\u00e9es en zone gendarmerie et <strong>133 <\/strong>en zone police.<\/p>\n","protected":false},"excerpt":{"rendered":"C&rsquo;est une premi\u00e8re en France : depuis le 23 juin et jusqu&rsquo;au 30 septembre 2025, une brigade de&hellip;\n","protected":false},"author":2,"featured_media":220705,"comment_status":"","ping_status":"","sticky":false,"template":"","format":"standard","meta":{"footnotes":""},"categories":[9566],"tags":[1111,11,2430,35978,1777,674,1011,27,3381,2731,24592,12,25],"class_list":{"0":"post-220704","1":"post","2":"type-post","3":"status-publish","4":"format-standard","5":"has-post-thumbnail","7":"category-grenoble","8":"tag-actu","9":"tag-actualites","10":"tag-auvergne-rhone-alpes","11":"tag-du00e9pu00f4ts-sauvages","12":"tag-eu","13":"tag-europe","14":"tag-fr","15":"tag-france","16":"tag-gendarmerie","17":"tag-grenoble","18":"tag-mu00e9tropole-de-grenoble","19":"tag-news","20":"tag-republique-francaise"},"share_on_mastodon":{"url":"https:\/\/pubeurope.com\/@fr\/114783745795179036","error":""},"_links":{"self":[{"href":"https:\/\/www.europesays.com\/fr\/wp-json\/wp\/v2\/posts\/220704","targetHints":{"allow":["GET"]}}],"collection":[{"href":"https:\/\/www.europesays.com\/fr\/wp-json\/wp\/v2\/posts"}],"about":[{"href":"https:\/\/www.europesays.com\/fr\/wp-json\/wp\/v2\/types\/post"}],"author":[{"embeddable":true,"href":"https:\/\/www.europesays.com\/fr\/wp-json\/wp\/v2\/users\/2"}],"replies":[{"embeddable":true,"href":"https:\/\/www.europesays.com\/fr\/wp-json\/wp\/v2\/comments?post=220704"}],"version-history":[{"count":0,"href":"https:\/\/www.europesays.com\/fr\/wp-json\/wp\/v2\/posts\/220704\/revisions"}],"wp:featuredmedia":[{"embeddable":true,"href":"https:\/\/www.europesays.com\/fr\/wp-json\/wp\/v2\/media\/220705"}],"wp:attachment":[{"href":"https:\/\/www.europesays.com\/fr\/wp-json\/wp\/v2\/media?parent=220704"}],"wp:term":[{"taxonomy":"category","embeddable":true,"href":"https:\/\/www.europesays.com\/fr\/wp-json\/wp\/v2\/categories?post=220704"},{"taxonomy":"post_tag","embeddable":true,"href":"https:\/\/www.europesays.com\/fr\/wp-json\/wp\/v2\/tags?post=220704"}],"curies":[{"name":"wp","href":"https:\/\/api.w.org\/{rel}","templated":true}]}}