{"id":220706,"date":"2025-07-02T12:56:00","date_gmt":"2025-07-02T12:56:00","guid":{"rendered":"https:\/\/www.europesays.com\/fr\/220706\/"},"modified":"2025-07-02T12:56:00","modified_gmt":"2025-07-02T12:56:00","slug":"la-piscine-saint-georges-va-retrouver-sa-beaute-originelle","status":"publish","type":"post","link":"https:\/\/www.europesays.com\/fr\/220706\/","title":{"rendered":"la piscine Saint-Georges va retrouver sa beaut\u00e9 originelle"},"content":{"rendered":"<p>\nLa Ville de Rennes (Ille-et-Vilaine) va engager une vaste restauration de la piscine Saint-Georges, l&rsquo;une des rares de type Art d\u00e9co encore en activit\u00e9 en France. Construite entre 1923 et 1926 sur des plans de l&rsquo;architecte municipal Emmanuel Le Ray, elle a fait l&rsquo;objet d&rsquo;un classement au titre des Monuments historiques en 2016. Le programme envisag\u00e9, \u00e9valu\u00e9 \u00e0 28 M\u20ac, pr\u00e9voit une refonte compl\u00e8te des installations techniques et la pr\u00e9servation minutieuse des \u00e9l\u00e9ments Art d\u00e9co, dont des mosa\u00efques Odorico, et la mise en valeur de la grande vo\u00fbte, jusqu&rsquo;alors cach\u00e9e par un faux plafond. Les travaux permettront de r\u00e9duire de 20 % sa consommation \u00e9nerg\u00e9tique et de 10 % sa consommation d&rsquo;eau. Un ma\u00eetre d&rsquo;\u0153uvre sera s\u00e9lectionn\u00e9 d&rsquo;ici la fin de l&rsquo;ann\u00e9e et, apr\u00e8s deux ann\u00e9es d&rsquo;\u00e9tudes, les travaux commenceront en 2028 pour une livraison attendue en 2030.<\/p>\n","protected":false},"excerpt":{"rendered":"La Ville de Rennes (Ille-et-Vilaine) va engager une vaste restauration de la piscine Saint-Georges, l&rsquo;une des rares de&hellip;\n","protected":false},"author":2,"featured_media":220707,"comment_status":"","ping_status":"","sticky":false,"template":"","format":"standard","meta":{"footnotes":""},"categories":[2821],"tags":[1111,11,1350,829,25490,1777,674,1011,27,848,23511,12,6534,18812,4916,584,25],"class_list":{"0":"post-220706","1":"post","2":"type-post","3":"status-publish","4":"format-standard","5":"has-post-thumbnail","7":"category-rennes","8":"tag-actu","9":"tag-actualites","10":"tag-architecture","11":"tag-bretagne","12":"tag-equipement-sportif","13":"tag-eu","14":"tag-europe","15":"tag-fr","16":"tag-france","17":"tag-ille-et-vilaine","18":"tag-monument-historique","19":"tag-news","20":"tag-ouest-et-centre","21":"tag-piscines","22":"tag-projets","23":"tag-rennes","24":"tag-republique-francaise"},"share_on_mastodon":{"url":"https:\/\/pubeurope.com\/@fr\/114783753581542651","error":""},"_links":{"self":[{"href":"https:\/\/www.europesays.com\/fr\/wp-json\/wp\/v2\/posts\/220706","targetHints":{"allow":["GET"]}}],"collection":[{"href":"https:\/\/www.europesays.com\/fr\/wp-json\/wp\/v2\/posts"}],"about":[{"href":"https:\/\/www.europesays.com\/fr\/wp-json\/wp\/v2\/types\/post"}],"author":[{"embeddable":true,"href":"https:\/\/www.europesays.com\/fr\/wp-json\/wp\/v2\/users\/2"}],"replies":[{"embeddable":true,"href":"https:\/\/www.europesays.com\/fr\/wp-json\/wp\/v2\/comments?post=220706"}],"version-history":[{"count":0,"href":"https:\/\/www.europesays.com\/fr\/wp-json\/wp\/v2\/posts\/220706\/revisions"}],"wp:featuredmedia":[{"embeddable":true,"href":"https:\/\/www.europesays.com\/fr\/wp-json\/wp\/v2\/media\/220707"}],"wp:attachment":[{"href":"https:\/\/www.europesays.com\/fr\/wp-json\/wp\/v2\/media?parent=220706"}],"wp:term":[{"taxonomy":"category","embeddable":true,"href":"https:\/\/www.europesays.com\/fr\/wp-json\/wp\/v2\/categories?post=220706"},{"taxonomy":"post_tag","embeddable":true,"href":"https:\/\/www.europesays.com\/fr\/wp-json\/wp\/v2\/tags?post=220706"}],"curies":[{"name":"wp","href":"https:\/\/api.w.org\/{rel}","templated":true}]}}