{"id":220708,"date":"2025-07-02T12:57:09","date_gmt":"2025-07-02T12:57:09","guid":{"rendered":"https:\/\/www.europesays.com\/fr\/220708\/"},"modified":"2025-07-02T12:57:09","modified_gmt":"2025-07-02T12:57:09","slug":"laeroport-de-rennes-annonce-louverture-de-2-nouvelles-lignes","status":"publish","type":"post","link":"https:\/\/www.europesays.com\/fr\/220708\/","title":{"rendered":"L\u2019a\u00e9roport de Rennes annonce l\u2019ouverture de 2 nouvelles lignes"},"content":{"rendered":"<p>\t\t\t\t\t <b>L\u2019ouverture des lignes Rennes-Barcelone et Rennes-Gen\u00e8ve d\u00e8s octobre 2025<\/b> constitue une nouvelle \u00e9tape dans la strat\u00e9gie de l\u2019a\u00e9roport Rennes Bretagne. La liaison avec Barcelone, op\u00e9r\u00e9e les jeudis et dimanches \u00e0 partir du 26 octobre, r\u00e9pond \u00e0 une forte attente du territoire : \u00ab Barcelone est [\u2026] la destination la plus demand\u00e9e par les Bretilliens \u00bb, selon une \u00e9tude MTA 2024. Cette destination a \u00e9galement suscit\u00e9 l\u2019int\u00e9r\u00eat des agences de voyages et des visiteurs lors du dernier <b>Salon des Voyages de l\u2019a\u00e9roport<\/b>. Elle cible une <b>diversit\u00e9 de publics<\/b> : touristes, \u00e9tudiants, professionnels. L\u2019Espagne est en effet la premi\u00e8re destination Erasmus, et plus de 800 entreprises bretonnes exportent vers ce pays, qui est en retour le deuxi\u00e8me fournisseur de la r\u00e9gion.<\/p>\n<p>La <b>ligne Rennes-Gen\u00e8ve<\/b>, lanc\u00e9e le 31 octobre et desservie chaque lundi et vendredi, vient renforcer les liens avec la Suisse. En 2024, les visiteurs suisses ont g\u00e9n\u00e9r\u00e9 plus d\u2019un million de nuit\u00e9es en Bretagne. Gen\u00e8ve, porte d\u2019entr\u00e9e vers les Alpes et centre \u00e9conomique important, constitue un march\u00e9 strat\u00e9gique. D\u2019apr\u00e8s une \u00e9tude de 2019, les voyageurs sur cette liaison viennent \u00e0 69 % rendre visite \u00e0 leurs proches, 23 % voyagent pour le loisir et 8 % pour des raisons professionnelles. Ces donn\u00e9es traduisent une vari\u00e9t\u00e9 de <b>besoins de mobilit\u00e9 auxquels cette nouvelle desserte entend r\u00e9pondre<\/b>.&#13;\t\t\t\t\t <\/p>\n","protected":false},"excerpt":{"rendered":"L\u2019ouverture des lignes Rennes-Barcelone et Rennes-Gen\u00e8ve d\u00e8s octobre 2025 constitue une nouvelle \u00e9tape dans la strat\u00e9gie de l\u2019a\u00e9roport&hellip;\n","protected":false},"author":2,"featured_media":220709,"comment_status":"","ping_status":"","sticky":false,"template":"","format":"standard","meta":{"footnotes":""},"categories":[2821],"tags":[1111,11,21542,4791,829,661,1777,674,1011,27,10868,12,584,25],"class_list":{"0":"post-220708","1":"post","2":"type-post","3":"status-publish","4":"format-standard","5":"has-post-thumbnail","7":"category-rennes","8":"tag-actu","9":"tag-actualites","10":"tag-aeroport-de-rennes","11":"tag-barcelone","12":"tag-bretagne","13":"tag-easyjet","14":"tag-eu","15":"tag-europe","16":"tag-fr","17":"tag-france","18":"tag-geneve","19":"tag-news","20":"tag-rennes","21":"tag-republique-francaise"},"share_on_mastodon":{"url":"https:\/\/pubeurope.com\/@fr\/114783757615544941","error":""},"_links":{"self":[{"href":"https:\/\/www.europesays.com\/fr\/wp-json\/wp\/v2\/posts\/220708","targetHints":{"allow":["GET"]}}],"collection":[{"href":"https:\/\/www.europesays.com\/fr\/wp-json\/wp\/v2\/posts"}],"about":[{"href":"https:\/\/www.europesays.com\/fr\/wp-json\/wp\/v2\/types\/post"}],"author":[{"embeddable":true,"href":"https:\/\/www.europesays.com\/fr\/wp-json\/wp\/v2\/users\/2"}],"replies":[{"embeddable":true,"href":"https:\/\/www.europesays.com\/fr\/wp-json\/wp\/v2\/comments?post=220708"}],"version-history":[{"count":0,"href":"https:\/\/www.europesays.com\/fr\/wp-json\/wp\/v2\/posts\/220708\/revisions"}],"wp:featuredmedia":[{"embeddable":true,"href":"https:\/\/www.europesays.com\/fr\/wp-json\/wp\/v2\/media\/220709"}],"wp:attachment":[{"href":"https:\/\/www.europesays.com\/fr\/wp-json\/wp\/v2\/media?parent=220708"}],"wp:term":[{"taxonomy":"category","embeddable":true,"href":"https:\/\/www.europesays.com\/fr\/wp-json\/wp\/v2\/categories?post=220708"},{"taxonomy":"post_tag","embeddable":true,"href":"https:\/\/www.europesays.com\/fr\/wp-json\/wp\/v2\/tags?post=220708"}],"curies":[{"name":"wp","href":"https:\/\/api.w.org\/{rel}","templated":true}]}}